{"id":11339,"date":"2024-12-17T23:29:59","date_gmt":"2024-12-18T03:29:59","guid":{"rendered":"https:\/\/ciudadliberal.cl\/?p=11339"},"modified":"2024-12-17T23:30:00","modified_gmt":"2024-12-18T03:30:00","slug":"ministra-finanzas-canadiense-dimite-por-oposicion-a-trudeau","status":"publish","type":"post","link":"https:\/\/ciudadliberal.cl\/?p=11339","title":{"rendered":"Ministra Finanzas canadiense dimite por oposici\u00f3n a Trudeau"},"content":{"rendered":"\n<p>Chrystia Freeland anunci\u00f3 su dimisi\u00f3n del Gobierno canadiense por desacuerdos con Justin Trudeau sobre la respuesta a las amenazas arancelarias del presidente electo de Estados Unidos, Donald Trump.<\/p>\n\n\n\n<p><a href=\"https:\/\/www.facebook.com\/sharer\/sharer.php?u=https:\/\/p.dw.com\/p\/4oD6p%3Fmaca%3Des-Facebook-sharing\" target=\"_blank\" rel=\"noreferrer noopener\"><\/a><a href=\"https:\/\/x.com\/intent\/tweet?source=webclient&amp;text=Ministra%20Finanzas%20canadiense%20dimite%20por%20oposici%C3%B3n%20a%20Trudeau+https:\/\/p.dw.com\/p\/4oD6p%3Fmaca%3Des-Twitter-sharing\" target=\"_blank\" rel=\"noreferrer noopener\"><\/a><\/p>\n\n\n\n<p>La vice primera ministra de&nbsp;<a href=\"https:\/\/www.dw.com\/es\/canad%C3%A1\/t-41322051\">Canad\u00e1<\/a>, Chrystia Freeland, anunci\u00f3 este lunes (16.12.2024) su dimisi\u00f3n del cargo por desacuerdos con&nbsp;<a href=\"https:\/\/www.dw.com\/es\/trudeau-justin\/t-36116785\">Justin Trudeau<\/a>&nbsp;sobre la respuesta de Canad\u00e1 a las&nbsp;<a href=\"https:\/\/www.dw.com\/es\/m%C3%A9xico-y-canad%C3%A1-el-impacto-de-las-amenazas-de-trump\/a-71039855\">amenazas arancelarias<\/a>&nbsp;del presidente electo de Estados Unidos,&nbsp;<a href=\"https:\/\/www.dw.com\/es\/trump-donald\/t-19445010\">Donald Trump<\/a>.<\/p>\n\n\n\n<p>\u00abNuestro pa\u00eds se enfrenta hoy a un grave desaf\u00edo\u00bb, dijo Freeland, que tambi\u00e9n fue ministra de Finanzas, en una carta publicada en X (antes Twitter), se\u00f1alando los aranceles del 25 por ciento planeados por Trump sobre las importaciones canadienses.<\/p>\n\n\n\n<p>\u00abDurante las \u00faltimas semanas, usted y yo nos hemos encontrado en desacuerdo sobre el mejor camino a seguir para Canad\u00e1\u00bb, indic\u00f3.<\/p>\n\n\n\n<p>Freeland, elegida diputada por primera vez en 2013, se incorpor\u00f3 al gabinete de Trudeau dos a\u00f1os despu\u00e9s, cuando los liberales llegaron al poder, y ocup\u00f3 varios puestos clave, entre ellos el de ministra de Comercio y Asuntos Exteriores, y lider\u00f3 las negociaciones de libre comercio con la UE y&nbsp;<a href=\"https:\/\/www.dw.com\/es\/estados-unidos\/t-17411942\">Estados Unidos<\/a>.<\/p>\n\n\n\n<p>En su carta de dimisi\u00f3n, Freeland se\u00f1al\u00f3 que Trudeau quer\u00eda recolocarla en otro puesto, a lo que ella respondi\u00f3: \u00abHe llegado a la conclusi\u00f3n de que el \u00fanico camino honesto y viable es que dimita del gabinete\u00bb.<\/p>\n\n\n\n<p>Como ministra de Finanzas, Freeland explic\u00f3 la necesidad de tomarse&nbsp;<a href=\"https:\/\/www.dw.com\/es\/pre-presidencia-de-trump-20-la-seriedad-de-las-amenazas\/a-70940160\">\u00abextremadamente en serio\u00bb<\/a>&nbsp;las amenazas arancelarias de Trump.<\/p>\n\n\n\n<p>\u00abEso significa mantener nuestra p\u00f3lvora fiscal seca hoy, para que tengamos las reservas que podamos necesitar para una pr\u00f3xima guerra arancelaria. Eso significa evitar costosos trucos pol\u00edticos, que mal podemos permitirnos y que hacen dudar a los canadienses de que reconozcamos la gravedad del momento\u00bb, dijo.<\/p>\n\n\n\n<p>El principal socio comercial de Canad\u00e1 es Estados Unidos, con el 75% de sus exportaciones destinadas a su vecino del sur.<\/p>\n\n\n\n<p><\/p>\n\n\n\n<p>V\u00eda: <a href=\"https:\/\/www.dw.com\/es\/ministra-de-finanzas-de-canad%C3%A1-dimite-por-diferencias-con-trudeau-sobre-aranceles-de-ee-uu\/a-71072139\">DW<\/a><a href=\"whatsapp:\/\/send?text=Ministra%20Finanzas%20canadiense%20dimite%20por%20oposici%C3%B3n%20a%20Trudeau%20-%20https:\/\/p.dw.com\/p\/4oD6p%3Fmaca%3Des-Whatsapp-sharing\" target=\"_blank\" rel=\"noreferrer noopener\"><\/a><a href=\"mailto:?body=https:\/\/p.dw.com\/p\/4oD6p%3Fmaca%3Des-EMail-sharing&amp;subject=Ministra%20Finanzas%20canadiense%20dimite%20por%20oposici%C3%B3n%20a%20Trudeau\" target=\"_blank\" rel=\"noreferrer noopener\"><\/a><a href=\"https:\/\/meneame.net\/submit.php?url=https:\/\/p.dw.com\/p\/4oD6p%3Fmaca%3Des-Meneame-sharing\" target=\"_blank\" rel=\"noreferrer noopener\"><\/a><a href=\"fb-messenger:\/\/share\/?link=https:\/\/p.dw.com\/p\/4oD6p%3Fmaca%3Des-Facebook%20messenger-sharing\" target=\"_blank\" rel=\"noreferrer noopener\"><\/a><a href=\"https:\/\/www.linkedin.com\/shareArticle?mini=true&amp;url=https:\/\/p.dw.com\/p\/4oD6p%3Fmaca%3Des-linkedin-sharing&amp;title=Ministra%20Finanzas%20canadiense%20dimite%20por%20oposici%C3%B3n%20a%20Trudeau&amp;source=DW.COM\" target=\"_blank\" rel=\"noreferrer noopener\"><\/a><a href=\"sms:?&amp;body=https:\/\/p.dw.com\/p\/4oD6p%3Fmaca%3Des-SMS-sharing\" target=\"_blank\" rel=\"noreferrer noopener\"><\/a><\/p>\n","protected":false},"excerpt":{"rendered":"<p>Chrystia Freeland anunci\u00f3 su dimisi\u00f3n del Gobierno canadiense por desacuerdos con Justin Trudeau sobre la respuesta a las amenazas arancelarias del presidente electo de Estados Unidos, Donald Trump. La vice primera ministra de&nbsp;Canad\u00e1, Chrystia Freeland, anunci\u00f3 este lunes (16.12.2024) su dimisi\u00f3n del cargo por desacuerdos con&nbsp;Justin Trudeau&nbsp;sobre la respuesta de Canad\u00e1 a las&nbsp;amenazas arancelarias&nbsp;del presidente [&hellip;]<\/p>\n","protected":false},"author":1,"featured_media":11340,"comment_status":"closed","ping_status":"closed","sticky":false,"template":"","format":"standard","meta":{"footnotes":""},"categories":[14,2],"tags":[],"class_list":["post-11339","post","type-post","status-publish","format-standard","has-post-thumbnail","hentry","category-entertainment","category-portada"],"_links":{"self":[{"href":"https:\/\/ciudadliberal.cl\/index.php?rest_route=\/wp\/v2\/posts\/11339","targetHints":{"allow":["GET"]}}],"collection":[{"href":"https:\/\/ciudadliberal.cl\/index.php?rest_route=\/wp\/v2\/posts"}],"about":[{"href":"https:\/\/ciudadliberal.cl\/index.php?rest_route=\/wp\/v2\/types\/post"}],"author":[{"embeddable":true,"href":"https:\/\/ciudadliberal.cl\/index.php?rest_route=\/wp\/v2\/users\/1"}],"replies":[{"embeddable":true,"href":"https:\/\/ciudadliberal.cl\/index.php?rest_route=%2Fwp%2Fv2%2Fcomments&post=11339"}],"version-history":[{"count":1,"href":"https:\/\/ciudadliberal.cl\/index.php?rest_route=\/wp\/v2\/posts\/11339\/revisions"}],"predecessor-version":[{"id":11341,"href":"https:\/\/ciudadliberal.cl\/index.php?rest_route=\/wp\/v2\/posts\/11339\/revisions\/11341"}],"wp:featuredmedia":[{"embeddable":true,"href":"https:\/\/ciudadliberal.cl\/index.php?rest_route=\/wp\/v2\/media\/11340"}],"wp:attachment":[{"href":"https:\/\/ciudadliberal.cl\/index.php?rest_route=%2Fwp%2Fv2%2Fmedia&parent=11339"}],"wp:term":[{"taxonomy":"category","embeddable":true,"href":"https:\/\/ciudadliberal.cl\/index.php?rest_route=%2Fwp%2Fv2%2Fcategories&post=11339"},{"taxonomy":"post_tag","embeddable":true,"href":"https:\/\/ciudadliberal.cl\/index.php?rest_route=%2Fwp%2Fv2%2Ftags&post=11339"}],"curies":[{"name":"wp","href":"https:\/\/api.w.org\/{rel}","templated":true}]}}