{"id":11336,"date":"2024-12-16T07:15:25","date_gmt":"2024-12-16T11:15:25","guid":{"rendered":"https:\/\/ciudadliberal.cl\/?p=11336"},"modified":"2024-12-16T07:15:25","modified_gmt":"2024-12-16T11:15:25","slug":"cadem-80-considera-muy-importante-que-reforma-previsional-se-apruebe-en-este-gobierno","status":"publish","type":"post","link":"https:\/\/ciudadliberal.cl\/?p=11336","title":{"rendered":"Cadem: 80% considera muy importante que reforma previsional se apruebe en este Gobierno"},"content":{"rendered":"\n<p>Un 60% cree que la previsional es la iniciativa \u00abm\u00e1s prioritaria\u00bb de las que impulsa el Ejecutivo, por delante de la condonaci\u00f3n del CAE (33%) y el pago de la deuda hist\u00f3rica (29%).<\/p>\n\n\n\n<p><strong>Un 80% de los chilenos considera que es \u00abmuy o bastante importante\u00bb que&nbsp;<a href=\"https:\/\/www.cooperativa.cl\/noticias\/economia\/sistema-previsional\/pensiones-toha-fustigo-a-los-agoreros-de-la-desgracia-y-jara-carga\/2024-12-12\/133155.html\" target=\"_blank\" rel=\"noreferrer noopener\">la reforma al sistema de pensiones<\/a>&nbsp;sea aprobada antes de que termine el Gobierno de Gabriel Boric -11 de marzo de 2026-<\/strong>, seg\u00fan recoge la \u00faltima encuesta&nbsp;<strong>Plaza P\u00fablica Cadem<\/strong>, publicada este domingo.<\/p>\n\n\n\n<p>Seg\u00fan el sondeo&nbsp;<a href=\"https:\/\/cadem.cl\/wp-content\/uploads\/2024\/12\/Track-PP-570-Diciembre-S2-VF.pdf\" target=\"_blank\" rel=\"noreferrer noopener\">(ver archivo)<\/a>,&nbsp;<strong>un 60% de los entrevistados cree que la previsional es la iniciativa \u00abm\u00e1s prioritaria\u00bb de las que impulsa el Ejecutivo<\/strong>, por delante de la condonaci\u00f3n del Cr\u00e9dito con Aval del Estado (33%) y el pago de la deuda hist\u00f3rica a los profesores (29%).<\/p>\n\n\n\n<p>Asimismo, un&nbsp;<strong>40%<\/strong>&nbsp;estim\u00f3 como&nbsp;<strong>\u00abmuy probable\u00bb<\/strong>&nbsp;que la reforma&nbsp;<strong>se apruebe en los pr\u00f3ximos dos a\u00f1os<\/strong>, 11 puntos porcentuales menos que lo que consignaba el estudio de abril pasado.<\/p>\n\n\n\n<p>El Gobierno estima que&nbsp;<strong>el proyecto podr\u00eda ser despachado del Senado en las primeras semanas de enero del 2025 y regresar a la C\u00e1mara de Diputadas y Diputados a finales de mes,<\/strong>&nbsp;aunque en un escenario m\u00e1s probable el proceso se extender\u00eda hasta marzo, lo que complicar\u00eda su avance debido al periodo electoral.<\/p>\n\n\n\n<p>El principal nudo que tiene la discusi\u00f3n trabada&nbsp;es&nbsp;el&nbsp;<strong>destino del 6% de la cotizaci\u00f3n individual:<\/strong>&nbsp;la&nbsp;<strong>f\u00f3rmula del Ejecutivo plantea un 3% a seguro social, 1% para compensar a las mujeres y un 2% para aumentar pensiones actuales.<\/strong><\/p>\n\n\n\n<p>Esta propuesta se aleja de lo planteado por parlamentarios de&nbsp;<strong>Chile Vamos<\/strong>, que se abrieron -en medio&nbsp;<a href=\"https:\/\/www.cooperativa.cl\/noticias\/pais\/politica\/partido-republicano\/udi-si-la-derecha-es-gobierno-republicanos-no-va-a-estar-en-la-oposicion\/2024-12-13\/103338.html\" target=\"_blank\" rel=\"noreferrer noopener\">una gran pol\u00e9mica con el Partido Republicano<\/a>&#8211; a que&nbsp;<strong>solo un 0,5% de la cotizaci\u00f3n extra se destine para aumentar las pensiones de las mujeres y que todo lo dem\u00e1s vaya a ahorro individual.<\/strong><\/p>\n\n\n\n<p><\/p>\n\n\n\n<p>V\u00eda: <a href=\"http:\/\/El Gobierno estima que el proyecto podr\u00eda ser despachado del Senado en las primeras semanas de enero del 2025 y regresar a la C\u00e1mara de Diputadas y Diputados a finales de mes, aunque en un escenario m\u00e1s probable el proceso se extender\u00eda hasta marzo, lo que complicar\u00eda su avance debido al periodo electoral.  El principal nudo que tiene la discusi\u00f3n trabada es el destino del 6% de la cotizaci\u00f3n individual: la f\u00f3rmula del Ejecutivo plantea un 3% a seguro social, 1% para compensar a las mujeres y un 2% para aumentar pensiones actuales.  Esta propuesta se aleja de lo planteado por parlamentarios de Chile Vamos, que se abrieron -en medio una gran pol\u00e9mica con el Partido Republicano- a que solo un 0,5% de la cotizaci\u00f3n extra se destine para aumentar las pensiones de las mujeres y que todo lo dem\u00e1s vaya a ahorro individual.\">Cooperativa<\/a><\/p>\n","protected":false},"excerpt":{"rendered":"<p>Un 60% cree que la previsional es la iniciativa \u00abm\u00e1s prioritaria\u00bb de las que impulsa el Ejecutivo, por delante de la condonaci\u00f3n del CAE (33%) y el pago de la deuda hist\u00f3rica (29%). Un 80% de los chilenos considera que es \u00abmuy o bastante importante\u00bb que&nbsp;la reforma al sistema de pensiones&nbsp;sea aprobada antes de que [&hellip;]<\/p>\n","protected":false},"author":1,"featured_media":11337,"comment_status":"closed","ping_status":"closed","sticky":false,"template":"","format":"standard","meta":{"footnotes":""},"categories":[14,2],"tags":[],"class_list":["post-11336","post","type-post","status-publish","format-standard","has-post-thumbnail","hentry","category-entertainment","category-portada"],"_links":{"self":[{"href":"https:\/\/ciudadliberal.cl\/index.php?rest_route=\/wp\/v2\/posts\/11336","targetHints":{"allow":["GET"]}}],"collection":[{"href":"https:\/\/ciudadliberal.cl\/index.php?rest_route=\/wp\/v2\/posts"}],"about":[{"href":"https:\/\/ciudadliberal.cl\/index.php?rest_route=\/wp\/v2\/types\/post"}],"author":[{"embeddable":true,"href":"https:\/\/ciudadliberal.cl\/index.php?rest_route=\/wp\/v2\/users\/1"}],"replies":[{"embeddable":true,"href":"https:\/\/ciudadliberal.cl\/index.php?rest_route=%2Fwp%2Fv2%2Fcomments&post=11336"}],"version-history":[{"count":1,"href":"https:\/\/ciudadliberal.cl\/index.php?rest_route=\/wp\/v2\/posts\/11336\/revisions"}],"predecessor-version":[{"id":11338,"href":"https:\/\/ciudadliberal.cl\/index.php?rest_route=\/wp\/v2\/posts\/11336\/revisions\/11338"}],"wp:featuredmedia":[{"embeddable":true,"href":"https:\/\/ciudadliberal.cl\/index.php?rest_route=\/wp\/v2\/media\/11337"}],"wp:attachment":[{"href":"https:\/\/ciudadliberal.cl\/index.php?rest_route=%2Fwp%2Fv2%2Fmedia&parent=11336"}],"wp:term":[{"taxonomy":"category","embeddable":true,"href":"https:\/\/ciudadliberal.cl\/index.php?rest_route=%2Fwp%2Fv2%2Fcategories&post=11336"},{"taxonomy":"post_tag","embeddable":true,"href":"https:\/\/ciudadliberal.cl\/index.php?rest_route=%2Fwp%2Fv2%2Ftags&post=11336"}],"curies":[{"name":"wp","href":"https:\/\/api.w.org\/{rel}","templated":true}]}}