{"id":11148,"date":"2024-09-24T07:12:26","date_gmt":"2024-09-24T11:12:26","guid":{"rendered":"https:\/\/ciudadliberal.cl\/?p=11148"},"modified":"2024-09-24T07:12:28","modified_gmt":"2024-09-24T11:12:28","slug":"chile-afirma-que-ataque-israeli-al-libano-es-una-flagrante-violacion-al-derecho-internacional","status":"publish","type":"post","link":"https:\/\/ciudadliberal.cl\/?p=11148","title":{"rendered":"Chile afirma que ataque israel\u00ed al L\u00edbano es \u00abuna flagrante violaci\u00f3n al derecho internacional\u00bb"},"content":{"rendered":"\n<p>La Canciller\u00eda subray\u00f3 la \u00abimperiosa necesidad de alcanzar un r\u00e1pido y efectivo cese al fuego a fin de evitar m\u00e1s v\u00edctimas civiles e impedir que el conflicto escale a toda la regi\u00f3n\u00bb.<\/p>\n\n\n\n<p>Solo este lunes, los bombardeos causaron al menos 492 muertos y m\u00e1s de 1.600 heridos.<\/p>\n\n\n\n<p><strong>El Gobierno de Chile expres\u00f3&nbsp;su \u00aben\u00e9rgica condena\u00bb a&nbsp;<a href=\"https:\/\/www.cooperativa.cl\/noticias\/mundo\/medio-oriente\/libano\/miles-huyen-del-sur-de-libano-por-ola-de-ataques-israelies\/2024-09-23\/235508.html\" target=\"_blank\" rel=\"noreferrer noopener\">los ataques a\u00e9reos&nbsp;de Israel al L\u00edbano<\/a><\/strong>, que solo este lunes causaron&nbsp;<strong>al menos 492 muertos y m\u00e1s de 1.600 heridos.<\/strong><\/p>\n\n\n\n<p>A trav\u00e9s de&nbsp;<a href=\"https:\/\/www.minrel.gob.cl\/noticias-anteriores\/copia-de-comunicado-de-prensa-4\" target=\"_blank\" rel=\"noreferrer noopener\">un comunicado<\/a>, el Ministerio de Relaciones Exteriores afirm\u00f3 que los bombardeos constituyen&nbsp;<strong>\u00abuna flagrante violaci\u00f3n al derecho internacional humanitario y a la integridad territorial de el L\u00edbano\u00bb.&nbsp;<\/strong><\/p>\n\n\n\n<p>\u00abChile reitera la<strong>&nbsp;imperiosa necesidad de alcanzar un r\u00e1pido y efectivo cese al fuego<\/strong>&nbsp;<strong>a fin de evitar m\u00e1s v\u00edctimas civiles e impedir que el conflicto escale a toda la regi\u00f3n\u00bb<\/strong>, se\u00f1al\u00f3 la nota.&nbsp;<\/p>\n\n\n\n<p>Finalmente, la Canciller\u00eda hizo \u00abun llamado a los l\u00edderes mundiales reunidos en la&nbsp;<a href=\"https:\/\/www.cooperativa.cl\/noticias\/pais\/presidente-boric\/viajes-al-exterior\/boric-y-guterres-abordaron-las-crisis-de-venezuela-y-haiti\/2024-09-23\/232018.html\" target=\"_blank\" rel=\"noreferrer noopener\"><strong>Asamblea General de las Naciones Unidas<\/strong><\/a>, a tomar&nbsp;<strong>medidas colectivas eficaces para prevenir y eliminar esta seria amenaza a la paz\u00bb.&nbsp;<\/strong><\/p>\n\n\n\n<p>El Ej\u00e9rcito israel\u00ed asegur\u00f3 que se trata de una operaci\u00f3n que, entre otros objetivos, pretende acabar con almacenes ocultos de armas de Hizbul\u00e1, y afirm\u00f3 que han logrado interceptar decenas de cohetes de la milicia chi\u00ed lanzados desde L\u00edbano en las \u00faltimas horas.<\/p>\n\n\n\n<p><\/p>\n\n\n\n<p><\/p>\n\n\n\n<p>V\u00eda: <a href=\"https:\/\/www.cooperativa.cl\/noticias\/mundo\/medio-oriente\/libano\/chile-afirma-que-ataque-israeli-al-libano-es-una-flagrante-violacion-al\/2024-09-24\/002541.html\">Cooperativa<\/a><a href=\"https:\/\/news.google.com\/publications\/CAAiEOai4ZP-_KhJvHJ5zYWeuIIqFAgKIhDmouGT_vyoSbxyec2FnriC?hl=es-419&amp;gl=CL&amp;ceid=CL%3Aes-419\" target=\"_blank\" rel=\"noreferrer noopener\"><\/a><\/p>\n","protected":false},"excerpt":{"rendered":"<p>La Canciller\u00eda subray\u00f3 la \u00abimperiosa necesidad de alcanzar un r\u00e1pido y efectivo cese al fuego a fin de evitar m\u00e1s v\u00edctimas civiles e impedir que el conflicto escale a toda la regi\u00f3n\u00bb. Solo este lunes, los bombardeos causaron al menos 492 muertos y m\u00e1s de 1.600 heridos. El Gobierno de Chile expres\u00f3&nbsp;su \u00aben\u00e9rgica condena\u00bb a&nbsp;los [&hellip;]<\/p>\n","protected":false},"author":1,"featured_media":11149,"comment_status":"closed","ping_status":"closed","sticky":false,"template":"","format":"standard","meta":{"footnotes":""},"categories":[14,2],"tags":[],"class_list":["post-11148","post","type-post","status-publish","format-standard","has-post-thumbnail","hentry","category-entertainment","category-portada"],"_links":{"self":[{"href":"https:\/\/ciudadliberal.cl\/index.php?rest_route=\/wp\/v2\/posts\/11148","targetHints":{"allow":["GET"]}}],"collection":[{"href":"https:\/\/ciudadliberal.cl\/index.php?rest_route=\/wp\/v2\/posts"}],"about":[{"href":"https:\/\/ciudadliberal.cl\/index.php?rest_route=\/wp\/v2\/types\/post"}],"author":[{"embeddable":true,"href":"https:\/\/ciudadliberal.cl\/index.php?rest_route=\/wp\/v2\/users\/1"}],"replies":[{"embeddable":true,"href":"https:\/\/ciudadliberal.cl\/index.php?rest_route=%2Fwp%2Fv2%2Fcomments&post=11148"}],"version-history":[{"count":1,"href":"https:\/\/ciudadliberal.cl\/index.php?rest_route=\/wp\/v2\/posts\/11148\/revisions"}],"predecessor-version":[{"id":11150,"href":"https:\/\/ciudadliberal.cl\/index.php?rest_route=\/wp\/v2\/posts\/11148\/revisions\/11150"}],"wp:featuredmedia":[{"embeddable":true,"href":"https:\/\/ciudadliberal.cl\/index.php?rest_route=\/wp\/v2\/media\/11149"}],"wp:attachment":[{"href":"https:\/\/ciudadliberal.cl\/index.php?rest_route=%2Fwp%2Fv2%2Fmedia&parent=11148"}],"wp:term":[{"taxonomy":"category","embeddable":true,"href":"https:\/\/ciudadliberal.cl\/index.php?rest_route=%2Fwp%2Fv2%2Fcategories&post=11148"},{"taxonomy":"post_tag","embeddable":true,"href":"https:\/\/ciudadliberal.cl\/index.php?rest_route=%2Fwp%2Fv2%2Ftags&post=11148"}],"curies":[{"name":"wp","href":"https:\/\/api.w.org\/{rel}","templated":true}]}}