{"id":11143,"date":"2024-09-22T10:21:00","date_gmt":"2024-09-22T14:21:00","guid":{"rendered":"https:\/\/ciudadliberal.cl\/?p=11143"},"modified":"2024-09-22T10:21:01","modified_gmt":"2024-09-22T14:21:01","slug":"microfono-abierto-delato-aviso-de-biden-china-nos-esta-poniendo-a-prueba-a-todos","status":"publish","type":"post","link":"https:\/\/ciudadliberal.cl\/?p=11143","title":{"rendered":"Micr\u00f3fono abierto delat\u00f3 aviso de Biden: \u00abChina nos est\u00e1 poniendo a prueba a todos\u00bb"},"content":{"rendered":"\n<p>Su comentario, captado durante la cumbre con otros l\u00edderes del Indopac\u00edfico (Quad), no estaba destinado a ser o\u00eddo p\u00fablicamente.<\/p>\n\n\n\n<p>La alianza anunci\u00f3 que, por primera vez, llevar\u00e1 a cabo ejercicios conjuntos de guardacostas, con la vista en Pek\u00edn.<\/p>\n\n\n\n<p>El presidente de EE.UU.,&nbsp;<strong>Joe Biden<\/strong>, afirm\u00f3 este s\u00e1bado ante los l\u00edderes del&nbsp;<strong>Quad<\/strong>&nbsp;&#8211;<strong>Jap\u00f3n, la India y Australia<\/strong>&#8211; que<strong><a href=\"https:\/\/www.cooperativa.cl\/noticias\/mundo\/china\/con-una-animacion-china-simula-bombardeo-contra-taiwan\/2024-05-26\/115854.html\" target=\"_blank\" rel=\"noreferrer noopener\">&nbsp;las acciones de Pek\u00edn en el mar de China Meridional y en otras regiones en disputa<\/a>&nbsp;con sus vecinos son un intento de \u00abponer a prueba\u00bb a Washington y sus aliados<\/strong>, en un momento delicado para la econom\u00eda china.<\/p>\n\n\n\n<p>Esos comentarios&nbsp;<strong>no estaban destinados a ser o\u00eddos por los medios de comunicaci\u00f3n<\/strong>. Fueron captados por un micr\u00f3fono abierto tras&nbsp;<strong>las declaraciones iniciales de Biden y los l\u00edderes del Quad en la reuni\u00f3n principal de la cumbre<\/strong>, celebrada en Wilmington (Delaware), ciudad en la que el presidente ha residido la mayor parte de su vida.<\/p>\n\n\n\n<p>Cuando la prensa sal\u00eda de la sala, en el micr\u00f3fono a\u00fan abierto de Biden se pudo o\u00edr c\u00f3mo dec\u00eda que su Administraci\u00f3n ve las acciones de Pek\u00edn como<strong>&nbsp;\u00abun cambio de t\u00e1ctica, no de estrategia\u00bb.<\/strong><\/p>\n\n\n\n<p><strong>\u00abChina contin\u00faa comport\u00e1ndose de manera agresiva, poni\u00e9ndonos a prueba a todos en la regi\u00f3n, y esto es cierto en el mar de China Meridional, el mar de China Oriental, el sur de China, el sur de Asia y el estrecho de Taiw\u00e1n\u00bb<\/strong>, dijo Biden a los primeros ministros,&nbsp;<strong>Narendra Modi<\/strong>&nbsp;de India,&nbsp;<strong>Fumio Kishida<\/strong>&nbsp;de Jap\u00f3n y&nbsp;<strong>Anthony Albanese<\/strong>&nbsp;de Australia.<\/p>\n\n\n\n<p>\u00abAl menos desde nuestra perspectiva, creemos que (el presidente chino)<strong>&nbsp;Xi Jinping busca centrarse en los desaf\u00edos econ\u00f3micos internos y minimizar las turbulencias en las relaciones diplom\u00e1ticas de China<\/strong>, adem\u00e1s de intentar ganar espacio diplom\u00e1tico para perseguir agresivamente los intereses de China\u00bb, a\u00f1adi\u00f3.<\/p>\n\n\n\n<p>China sigue tratando de recuperar el ritmo de crecimiento econ\u00f3mico que manten\u00eda antes de la pandemia del Covid-19, tras la cual ha experimentado una desaceleraci\u00f3n de la actividad industrial.<\/p>\n\n\n<blockquote class=\"twitter-tweet\" data-media-max-width=\"560\">\n<p lang=\"en\" dir=\"ltr\">Four years after my proposal to elevate the Quad, the U.S., Australia, India, and Japan are more strategically aligned and delivering more positive impact across the Indo-Pacific than ever before.<\/p>\n<p>While challenges will come and the world will change \u2013 the Quad is here to stay. <a href=\"https:\/\/t.co\/UYbFnYMYLB\">pic.twitter.com\/UYbFnYMYLB<\/a><\/p>\n<p>&mdash; President Biden (@POTUS) <a href=\"https:\/\/twitter.com\/POTUS\/status\/1837630396395143175?ref_src=twsrc%5Etfw\">September 21, 2024<\/a><\/p><\/blockquote>\n<p> <script async src=\"https:\/\/platform.twitter.com\/widgets.js\" charset=\"utf-8\"><\/script><\/p>\n\n\n\n<p>Las declaraciones de Biden cobran especial relevancia, ya que los miembros del Quad, incluido Estados Unidos, han minimizado p\u00fablicamente la idea de que Pek\u00edn sea el enfoque principal de la cumbre, aunque muchas de las medidas que se prev\u00e9 anunciar estar\u00e1n relacionadas con el gigante asi\u00e1tico.<\/p>\n\n\n\n<p>De hecho, este s\u00e1bado, el asesor de seguridad nacional de la Casa Blanca,&nbsp;<strong>Jake Sullivan<\/strong>, declar\u00f3 a la prensa:&nbsp;<strong>\u00abChina no es el foco del Quad<\/strong>&nbsp;y el Quad no trata sobre un solo pa\u00eds, sino sobre una visi\u00f3n m\u00e1s amplia que estamos tratando de trabajar\u00bb.<\/p>\n\n\n\n<h2 class=\"wp-block-heading\"><em><strong>El Quad anuncia ejercicios conjuntos de guardacostas con la vista en China<\/strong><\/em><\/h2>\n\n\n\n<p>Los l\u00edderes del Quad, la alianza formada por&nbsp;<strong>Estados Unidos, Jap\u00f3n, la India y Australia,<\/strong>&nbsp;anunciaron este s\u00e1bado que, por primera vez,&nbsp;<strong>llevar\u00e1n a cabo ejercicios conjuntos con sus cuerpos de guardacostas<\/strong>, una medida que busca hacer frente a las acciones de Pek\u00edn en el mar de China Meridional.<\/p>\n\n\n\n<p>En un comunicado conjunto al t\u00e9rmino de su cumbre en Wilmington, los cuatro pa\u00edses se\u00f1alaron que a partir de 2025 sus guardacostas realizar\u00e1n maniobras conjuntas&nbsp;<strong>\u00abpara mejorar la interoperabilidad, avanzar en la seguridad mar\u00edtima y continuar con nuevas misiones en los pr\u00f3ximos a\u00f1os en el Indopac\u00edfico\u00bb.<\/strong><\/p>\n\n\n\n<p>Seg\u00fan indic\u00f3 un funcionario estadounidense, un buque de la Guardia Costera de EE.UU. acoger\u00e1 a bordo a&nbsp;<strong>oficiales japoneses, australianos e indios<\/strong>&nbsp;durante un tiempo determinado, tras lo cual otro pa\u00eds proporcionar\u00e1 el barco, y as\u00ed se ir\u00e1n rotando con el paso del tiempo.<\/p>\n\n\n\n<p>El anuncio de estas patrullas se produce en un momento en el que los enfrentamientos entre buques chinos y de otras naciones del sudeste asi\u00e1tico, especialmente Filipinas, se han convertido en algo habitual en el mar de China Meridional, una de las zonas mar\u00edtimas m\u00e1s disputadas del mundo.<\/p>\n\n\n\n<p><\/p>\n\n\n\n<p>V\u00eda: <a href=\"https:\/\/www.cooperativa.cl\/noticias\/mundo\/ee-uu\/relaciones-exteriores\/microfono-abierto-delato-aviso-de-biden-china-nos-esta-poniendo-a\/2024-09-21\/205225.html\">Cooperativa<\/a><\/p>\n","protected":false},"excerpt":{"rendered":"<p>Su comentario, captado durante la cumbre con otros l\u00edderes del Indopac\u00edfico (Quad), no estaba destinado a ser o\u00eddo p\u00fablicamente. La alianza anunci\u00f3 que, por primera vez, llevar\u00e1 a cabo ejercicios conjuntos de guardacostas, con la vista en Pek\u00edn. El presidente de EE.UU.,&nbsp;Joe Biden, afirm\u00f3 este s\u00e1bado ante los l\u00edderes del&nbsp;Quad&nbsp;&#8211;Jap\u00f3n, la India y Australia&#8211; que&nbsp;las [&hellip;]<\/p>\n","protected":false},"author":1,"featured_media":11145,"comment_status":"closed","ping_status":"closed","sticky":false,"template":"","format":"standard","meta":{"footnotes":""},"categories":[14,2],"tags":[],"class_list":["post-11143","post","type-post","status-publish","format-standard","has-post-thumbnail","hentry","category-entertainment","category-portada"],"_links":{"self":[{"href":"https:\/\/ciudadliberal.cl\/index.php?rest_route=\/wp\/v2\/posts\/11143","targetHints":{"allow":["GET"]}}],"collection":[{"href":"https:\/\/ciudadliberal.cl\/index.php?rest_route=\/wp\/v2\/posts"}],"about":[{"href":"https:\/\/ciudadliberal.cl\/index.php?rest_route=\/wp\/v2\/types\/post"}],"author":[{"embeddable":true,"href":"https:\/\/ciudadliberal.cl\/index.php?rest_route=\/wp\/v2\/users\/1"}],"replies":[{"embeddable":true,"href":"https:\/\/ciudadliberal.cl\/index.php?rest_route=%2Fwp%2Fv2%2Fcomments&post=11143"}],"version-history":[{"count":1,"href":"https:\/\/ciudadliberal.cl\/index.php?rest_route=\/wp\/v2\/posts\/11143\/revisions"}],"predecessor-version":[{"id":11146,"href":"https:\/\/ciudadliberal.cl\/index.php?rest_route=\/wp\/v2\/posts\/11143\/revisions\/11146"}],"wp:featuredmedia":[{"embeddable":true,"href":"https:\/\/ciudadliberal.cl\/index.php?rest_route=\/wp\/v2\/media\/11145"}],"wp:attachment":[{"href":"https:\/\/ciudadliberal.cl\/index.php?rest_route=%2Fwp%2Fv2%2Fmedia&parent=11143"}],"wp:term":[{"taxonomy":"category","embeddable":true,"href":"https:\/\/ciudadliberal.cl\/index.php?rest_route=%2Fwp%2Fv2%2Fcategories&post=11143"},{"taxonomy":"post_tag","embeddable":true,"href":"https:\/\/ciudadliberal.cl\/index.php?rest_route=%2Fwp%2Fv2%2Ftags&post=11143"}],"curies":[{"name":"wp","href":"https:\/\/api.w.org\/{rel}","templated":true}]}}