{"id":11035,"date":"2024-08-15T10:17:17","date_gmt":"2024-08-15T14:17:17","guid":{"rendered":"https:\/\/ciudadliberal.cl\/?p=11035"},"modified":"2024-08-15T10:17:19","modified_gmt":"2024-08-15T14:17:19","slug":"rusia-dice-que-navalni-murio-por-arritmia-y-niega-abrir-investigacion-penal","status":"publish","type":"post","link":"https:\/\/ciudadliberal.cl\/?p=11035","title":{"rendered":"Rusia dice que Navalni muri\u00f3 por arritmia y niega abrir investigaci\u00f3n penal"},"content":{"rendered":"\n<p>Informaci\u00f3n fue entregada por Yulia, la viuda del l\u00edder opositor, tras recibir el informe del Comit\u00e9 de Instrucci\u00f3n.<\/p>\n\n\n\n<p><strong>as autoridades rusas afirmaron que Alex\u00e9i Navalni<\/strong>, l\u00edder opositor de ese pa\u00eds, fallecido en extra\u00f1as circunstancias en prisi\u00f3n en febrero pasado,&nbsp;<strong>muri\u00f3 por una arritmia cardiaca, por lo que no abrir\u00e1n una investigaci\u00f3n penal<\/strong>&nbsp;por su deceso.<\/p>\n\n\n\n<p><strong>La informaci\u00f3n fue entregada por la viuda de Nalvalni, Yulia<\/strong>, que cita un certificado del Comit\u00e9 de Instrucci\u00f3n ruso: \u00abLa muerte se produjo a causa de &#8230; la arritmia. Y d\u00edganme, \u00bfc\u00f3mo encontraron esa arritmia durante la autopsia?&nbsp;<strong>Es imposible establecer un trastorno del ritmo cardiaco tras la muerte<\/strong>&nbsp;y Alex\u00e9i no ten\u00eda ninguna enfermedad cardiaca cuando estaba vivo\u00bb.<\/p>\n\n\n\n<p>La mujer explic\u00f3 que el resultado de la investigaci\u00f3n interna de las autoridades le fue remitida medio a\u00f1o despu\u00e9s de la muerte de su marido.<\/p>\n\n\n\n<p>\u00abMostr\u00e9 ese diagn\u00f3stico a los m\u00e9dicos que conozco y todos llegan a la misma conclusi\u00f3n (&#8230;)&nbsp;<strong>escribieron &#8216;arritmia&#8217; para poder escribir algo. Porque la gente no muere as\u00ed porque s\u00ed<\/strong>\u00ab, escribi\u00f3 Yulia.<\/p>\n\n\n\n<p>Seg\u00fan la viuda del pol\u00edtico opositor, el diagn\u00f3stico ofrecido por las autoridades es \u00ab<strong>una burla. Es otro intento bastante pat\u00e9tico de ocultar que lo sucedido es un asesinato<\/strong>\u00ab.<\/p>\n\n\n\n<p>Adem\u00e1s, denunci\u00f3 que el Comit\u00e9 de Instrucci\u00f3n sigue sin entregar a la familia de Navalni sus art\u00edculos personales, incluido una crucifijo que llevaba el pol\u00edtico.<\/p>\n\n\n\n<p>\u00abEso tiene solo una explicaci\u00f3n. Una sola.&nbsp;<strong>Lo mataron y ahora est\u00e1n tratando de borrar las huellas como sea posible<\/strong>\u00ab, opin\u00f3.<\/p>\n\n\n\n<p>Navalni, quien&nbsp;<strong>sobrevivi\u00f3 en 2020 a un intento de envenenamiento con el agente qu\u00edmico Novichok<\/strong>, falleci\u00f3 en febrero en una prisi\u00f3n de m\u00e1xima seguridad de Siberia en la que se encontraba desde finales del a\u00f1o pasado y donde cumpl\u00eda una condena de 19 a\u00f1os, motivada por su activismo pol\u00edtico, seg\u00fan defensores de derechos humanos.<\/p>\n\n\n\n<p>La viuda del l\u00edder opositor, quien prometi\u00f3 continuar su lucha,&nbsp;<strong>culpa de la muerte de Navalni directamente al presidente ruso, Vlad\u00edmir Putin<\/strong>.<\/p>\n\n\n\n<p>El pasado 4 de junio centenares de seguidores de Navalni cubrieron con flores su tumba en un cementerio moscovita en se\u00f1al de homenaje al disidente, que hubiera cumplido ese d\u00eda 48 a\u00f1os.<\/p>\n\n\n\n<p><\/p>\n\n\n\n<p>V\u00eda: <a href=\"https:\/\/www.cooperativa.cl\/noticias\/mundo\/rusia\/rusia-dice-que-navalni-murio-por-arritmia-y-niega-abrir-investigacion\/2024-08-15\/090653.html\">Cooperativa<\/a><\/p>\n","protected":false},"excerpt":{"rendered":"<p>Informaci\u00f3n fue entregada por Yulia, la viuda del l\u00edder opositor, tras recibir el informe del Comit\u00e9 de Instrucci\u00f3n. as autoridades rusas afirmaron que Alex\u00e9i Navalni, l\u00edder opositor de ese pa\u00eds, fallecido en extra\u00f1as circunstancias en prisi\u00f3n en febrero pasado,&nbsp;muri\u00f3 por una arritmia cardiaca, por lo que no abrir\u00e1n una investigaci\u00f3n penal&nbsp;por su deceso. La informaci\u00f3n [&hellip;]<\/p>\n","protected":false},"author":1,"featured_media":11036,"comment_status":"closed","ping_status":"closed","sticky":false,"template":"","format":"standard","meta":{"footnotes":""},"categories":[14,2],"tags":[],"class_list":["post-11035","post","type-post","status-publish","format-standard","has-post-thumbnail","hentry","category-entertainment","category-portada"],"_links":{"self":[{"href":"https:\/\/ciudadliberal.cl\/index.php?rest_route=\/wp\/v2\/posts\/11035","targetHints":{"allow":["GET"]}}],"collection":[{"href":"https:\/\/ciudadliberal.cl\/index.php?rest_route=\/wp\/v2\/posts"}],"about":[{"href":"https:\/\/ciudadliberal.cl\/index.php?rest_route=\/wp\/v2\/types\/post"}],"author":[{"embeddable":true,"href":"https:\/\/ciudadliberal.cl\/index.php?rest_route=\/wp\/v2\/users\/1"}],"replies":[{"embeddable":true,"href":"https:\/\/ciudadliberal.cl\/index.php?rest_route=%2Fwp%2Fv2%2Fcomments&post=11035"}],"version-history":[{"count":1,"href":"https:\/\/ciudadliberal.cl\/index.php?rest_route=\/wp\/v2\/posts\/11035\/revisions"}],"predecessor-version":[{"id":11037,"href":"https:\/\/ciudadliberal.cl\/index.php?rest_route=\/wp\/v2\/posts\/11035\/revisions\/11037"}],"wp:featuredmedia":[{"embeddable":true,"href":"https:\/\/ciudadliberal.cl\/index.php?rest_route=\/wp\/v2\/media\/11036"}],"wp:attachment":[{"href":"https:\/\/ciudadliberal.cl\/index.php?rest_route=%2Fwp%2Fv2%2Fmedia&parent=11035"}],"wp:term":[{"taxonomy":"category","embeddable":true,"href":"https:\/\/ciudadliberal.cl\/index.php?rest_route=%2Fwp%2Fv2%2Fcategories&post=11035"},{"taxonomy":"post_tag","embeddable":true,"href":"https:\/\/ciudadliberal.cl\/index.php?rest_route=%2Fwp%2Fv2%2Ftags&post=11035"}],"curies":[{"name":"wp","href":"https:\/\/api.w.org\/{rel}","templated":true}]}}