{"id":10950,"date":"2024-07-22T14:04:52","date_gmt":"2024-07-22T18:04:52","guid":{"rendered":"https:\/\/ciudadliberal.cl\/?p=10950"},"modified":"2024-07-22T14:04:54","modified_gmt":"2024-07-22T18:04:54","slug":"campana-de-kamala-harris-recaudo-47-millones-de-dolares-en-apenas-siete-horas","status":"publish","type":"post","link":"https:\/\/ciudadliberal.cl\/?p=10950","title":{"rendered":"Campa\u00f1a de Kamala Harris recaud\u00f3 47 millones de d\u00f3lares en apenas siete horas"},"content":{"rendered":"\n<p>\u00abLos peque\u00f1os donantes est\u00e1n entusiasmados y listos para afrontar estas elecciones\u00bb, afirm\u00f3 la plataforma ActBlue.<\/p>\n\n\n\n<p>La vicepresidenta ha recibido importantes apoyos a su candidatura a la Casa Blanca, mientras otros -como los Obama- callan.<\/p>\n\n\n\n<p>La vicepresidenta estadounidense,&nbsp;<strong>Kamala Harris<\/strong>, logr\u00f3 recaudar&nbsp;<strong>casi 47 millones de d\u00f3lares en donaciones para su campa\u00f1a presidencial<\/strong>&nbsp;en las siete horas despu\u00e9s de que fuera apoyada por<strong>&nbsp;Joe Biden<\/strong>&nbsp;<a href=\"https:\/\/www.cooperativa.cl\/noticias\/mundo\/ee-uu\/elecciones\/kamala-harris-agradecio-apoyo-de-biden-y-confirmo-que-quiere-ser\/2024-07-21\/165116.html\" target=\"_blank\" rel=\"noreferrer noopener\">como su sucesora para las elecciones de noviembre.<\/a><\/p>\n\n\n\n<p>Seg\u00fan informa la plataforma&nbsp;<a href=\"https:\/\/secure.actblue.com\/\" target=\"_blank\" rel=\"noreferrer noopener\"><strong>ActBlue<\/strong><\/a>, una de las principales en las que se recogen las donaciones para el&nbsp;<strong>Partido Dem\u00f3crata<\/strong>, estas aportaciones proceden en su mayor\u00eda de peque\u00f1os donantes que apoyan la candidatura de Harris para ser nominada como candidata de ese partido en sustituci\u00f3n del presidente Biden, que ayer&nbsp;<a href=\"https:\/\/www.cooperativa.cl\/noticias\/mundo\/ee-uu\/elecciones\/joe-biden-decidio-abandonar-la-carrera-a-la-presidencia-de-estados-unidos\/2024-07-21\/140015.html\" target=\"_blank\" rel=\"noreferrer noopener\">anunci\u00f3 su retirada de la carrera por la Casa Blanca.<\/a><\/p>\n\n\n\n<p>\u00abHasta las 09.00 pm ET (del domingo, 21.00 hora chilena), los simpatizantes de base han recaudado\u00a0<strong>46,7 millones de d\u00f3lares a trav\u00e9s de ActBlue<\/strong>\u00a0tras el lanzamiento de la campa\u00f1a de la vicepresidenta Kamala Harris\u00bb, explic\u00f3 el sitio.<\/p>\n\n\n\n<p>\u00abEste ha sido\u00a0<strong>el d\u00eda de mayor recaudaci\u00f3n de fondos del ciclo 2024.<\/strong>\u00a0Los peque\u00f1os donantes est\u00e1n entusiasmados y listos para afrontar estas elecciones\u00bb, escribi\u00f3 la plataforma en su perfil de X.<\/p>\n\n\n\n<p>El aumento en la recaudaci\u00f3n de fondos, que incluye dinero para la campa\u00f1a de Kamala Harris, as\u00ed como para otros candidatos y grupos dem\u00f3cratas, refleja&nbsp;<strong>un entusiasmo dem\u00f3crata que \u00abno hab\u00edamos visto hasta ahora en este ciclo\u00bb<\/strong>, precis\u00f3 la plataforma.<\/p>\n\n\n\n<p>ActBlue declar\u00f3 previamente que en las primeras cinco horas de campa\u00f1a de Harris, la plataforma ya hab\u00eda sumado m\u00e1s de 27,5 millones de d\u00f3lares a trav\u00e9s de donaciones de peque\u00f1os donantes.<\/p>\n\n\n\n<p>Estas iniciativas tambi\u00e9n se han visto reflejadas por el diario&nbsp;<em>The New York Times<\/em>, que asegura que los peque\u00f1os donantes se est\u00e1n uniendo r\u00e1pidamente a Harris.<\/p>\n\n\n\n<p>Y cita un ejemplo:<strong>&nbsp;David Hogg<\/strong>, un activista por el control de armas y superviviente del tiroteo masivo de 2018 en Parkland (Florida), ha lanzado a sus seguidores en las redes sociales un desaf\u00edo para recaudar fondos r\u00e1pidamente para la nueva candidata presidencial.<\/p>\n\n\n\n<p>Hogg dijo que su llamamiento en la red X hab\u00eda logrado recaudar\u00a0<strong>275.000 d\u00f3lares<\/strong>\u00a0en donaciones en solo cuesti\u00f3n de horas.<\/p>\n\n\n\n<h2 class=\"wp-block-heading\"><em><strong>HARRIS RECIBE IMPORTANTES APOYOS, MIENTRAS OTROS CALLAN<\/strong><\/em><\/h2>\n\n\n\n<p>En paralelo, Kamala Harris ha recibido en pocas horas<strong>&nbsp;importantes apoyos de gobernadores, congresistas y del matrimonio Clinton<\/strong>, aunque otros guardan silencio por el momento, como el expresidente&nbsp;<strong>Barack Obama<\/strong>&nbsp;(2009-2017), que mostraron su predisposici\u00f3n por un proceso de elecci\u00f3n m\u00e1s abierto.<\/p>\n\n\n\n<p>Los gobernadores de California,&nbsp;<strong>Gavin Newson<\/strong>; de Pensilvania,<strong>&nbsp;Josh Shapiro<\/strong>; Carolina del Norte,&nbsp;<strong>Roy Cooper<\/strong>; Kentucky,<strong>&nbsp;Andy Beshear<\/strong>, y Minesota,&nbsp;<strong>Tim Waltz<\/strong>, explicitaron su apoyo a la candidatura.<\/p>\n\n\n\n<p>Otros gobernadores de estados clave, como el de Wisconsin,&nbsp;<strong>Tony Evers<\/strong>; o la de M\u00edchigan,&nbsp;<strong>Gretchen Whitmer<\/strong>, no dejaron claro su apoyo a Harris en los comunicados en los que reaccionaron al anuncio de Biden esta tarde de domingo.<\/p>\n\n\n\n<p>Seg\u00fan la publicaci\u00f3n&nbsp;<em>The Hill<\/em>, Harris y su equipo pausaron la tarde del domingo para garantizar los apoyos de los tres principales caucus (grupos) de la C\u00e1mara de Representantes.&nbsp;<strong>Pramila Jayapal<\/strong>, del ala progresista;&nbsp;<strong>Nanette Barrag\u00e1n<\/strong>, del Caucus Hispano, y&nbsp;<strong>McLane Kuster<\/strong>, del la Nueva Coalici\u00f3n Dem\u00f3crata, apoyaron la nominaci\u00f3n de Harris como candidata del partido.<\/p>\n\n\n\n<p>El expresidente\u00a0<strong>Bill Clinton<\/strong>\u00a0(1993-2001) y la excandidata presidencial y exsecretaria de Estado\u00a0<strong>Hillary Clinton<\/strong>\u00a0dieron su apoyo a la vicepresidenta poco despu\u00e9s del hist\u00f3rico anuncio de Biden:\u00a0<strong>\u00abEs el momento de apoyar a Kamala Harris y de luchar con todo lo que tenemos para que sea elegida. El futuro de Estados Unidos depende de eso\u00bb,<\/strong>\u00a0indicaron en un comunicado que contrasta con el de Obama.<\/p>\n\n\n\n<p>Obama pidi\u00f3 al Partido Dem\u00f3crata nominar a un&nbsp;<strong>\u00abcandidato extraordinario\u00bb<\/strong>&nbsp;para las elecciones de noviembre, pero en su mensaje evit\u00f3 respaldar a Harris.<\/p>\n\n\n\n<p><strong>\u00abVamos a navegar nuevas aguas en los pr\u00f3ximos d\u00edas. Pero tengo una confianza extraordinaria en que los l\u00edderes de nuestro partido ser\u00e1n capaces de crear un proceso del que emerger\u00e1 un candidato extraordinario\u00bb<\/strong>, indic\u00f3 el exmnadatario en un comunicado en el que deja abierto un proceso m\u00e1s competitivo.<\/p>\n\n\n\n<p>El l\u00edder de la minor\u00eda dem\u00f3crata en la C\u00e1mara Baja,&nbsp;<strong>Hakeem Jeffries<\/strong>; el l\u00edder de la mayor\u00eda dem\u00f3crata en el Senado,&nbsp;<strong>Chuck Schumer<\/strong>; o la expresidenta de la C\u00e1mara Baja&nbsp;<strong>Nancy Pelosi<\/strong>&nbsp;evitaron nombrar a Harris en sus reacciones a la decisi\u00f3n de Biden.<\/p>\n\n\n\n<p>El presidente del Comit\u00e9 Nacional Dem\u00f3crata,<strong>&nbsp;Jaime Harrison<\/strong>, prometi\u00f3 que el partido se regir\u00e1 por \u00ab<strong>normas y procedimientos establecidos\u00bb para llevar a cabo un proceso \u00abtransparente y ordenado\u00bb.<\/strong><\/p>\n\n\n\n<p>Harris emiti\u00f3 un comunicado este domingo agradeciendo a Biden su apoyo para que sea la candidata dem\u00f3crata a la nominaci\u00f3n presidencial y confirm\u00f3 que optar\u00e1 a ese nombramiento, que tradicionalmente se oficializa en la&nbsp;<strong>Convenci\u00f3n Nacional<\/strong>, que tendr\u00e1 lugar este a\u00f1o entre el<strong>&nbsp;19 y 22 de agosto en Chicago.<\/strong><\/p>\n\n\n\n<p><strong>\u00abEs un honor tener el apoyo del presidente y mi intenci\u00f3n es ganarme y obtener esta nominaci\u00f3n\u00bb,<\/strong>\u00a0asegur\u00f3 en un comunicado.<\/p>\n\n\n\n<p><\/p>\n\n\n\n<p><\/p>\n\n\n\n<p>V\u00eda: <a href=\"https:\/\/www.cooperativa.cl\/noticias\/mundo\/ee-uu\/elecciones\/campana-de-kamala-harris-recaudo-47-millones-de-dolares-en-apenas-siete\/2024-07-22\/083247.html\">DW<\/a><\/p>\n","protected":false},"excerpt":{"rendered":"<p>\u00abLos peque\u00f1os donantes est\u00e1n entusiasmados y listos para afrontar estas elecciones\u00bb, afirm\u00f3 la plataforma ActBlue. La vicepresidenta ha recibido importantes apoyos a su candidatura a la Casa Blanca, mientras otros -como los Obama- callan. La vicepresidenta estadounidense,&nbsp;Kamala Harris, logr\u00f3 recaudar&nbsp;casi 47 millones de d\u00f3lares en donaciones para su campa\u00f1a presidencial&nbsp;en las siete horas despu\u00e9s de [&hellip;]<\/p>\n","protected":false},"author":1,"featured_media":10951,"comment_status":"closed","ping_status":"closed","sticky":false,"template":"","format":"standard","meta":{"footnotes":""},"categories":[14,2],"tags":[],"class_list":["post-10950","post","type-post","status-publish","format-standard","has-post-thumbnail","hentry","category-entertainment","category-portada"],"_links":{"self":[{"href":"https:\/\/ciudadliberal.cl\/index.php?rest_route=\/wp\/v2\/posts\/10950","targetHints":{"allow":["GET"]}}],"collection":[{"href":"https:\/\/ciudadliberal.cl\/index.php?rest_route=\/wp\/v2\/posts"}],"about":[{"href":"https:\/\/ciudadliberal.cl\/index.php?rest_route=\/wp\/v2\/types\/post"}],"author":[{"embeddable":true,"href":"https:\/\/ciudadliberal.cl\/index.php?rest_route=\/wp\/v2\/users\/1"}],"replies":[{"embeddable":true,"href":"https:\/\/ciudadliberal.cl\/index.php?rest_route=%2Fwp%2Fv2%2Fcomments&post=10950"}],"version-history":[{"count":1,"href":"https:\/\/ciudadliberal.cl\/index.php?rest_route=\/wp\/v2\/posts\/10950\/revisions"}],"predecessor-version":[{"id":10952,"href":"https:\/\/ciudadliberal.cl\/index.php?rest_route=\/wp\/v2\/posts\/10950\/revisions\/10952"}],"wp:featuredmedia":[{"embeddable":true,"href":"https:\/\/ciudadliberal.cl\/index.php?rest_route=\/wp\/v2\/media\/10951"}],"wp:attachment":[{"href":"https:\/\/ciudadliberal.cl\/index.php?rest_route=%2Fwp%2Fv2%2Fmedia&parent=10950"}],"wp:term":[{"taxonomy":"category","embeddable":true,"href":"https:\/\/ciudadliberal.cl\/index.php?rest_route=%2Fwp%2Fv2%2Fcategories&post=10950"},{"taxonomy":"post_tag","embeddable":true,"href":"https:\/\/ciudadliberal.cl\/index.php?rest_route=%2Fwp%2Fv2%2Ftags&post=10950"}],"curies":[{"name":"wp","href":"https:\/\/api.w.org\/{rel}","templated":true}]}}