{"id":1093,"date":"2017-05-16T11:59:42","date_gmt":"2017-05-16T14:59:42","guid":{"rendered":"https:\/\/ciudadliberal.cl\/?p=1093"},"modified":"2017-05-16T11:59:42","modified_gmt":"2017-05-16T14:59:42","slug":"es-guillier-un-candidato-sin-contenido","status":"publish","type":"post","link":"https:\/\/ciudadliberal.cl\/?p=1093","title":{"rendered":"\u00bfES GUILLIER UN CANDIDATO SIN CONTENIDO?"},"content":{"rendered":"<p>Por<strong> Crist\u00f3bal Bellolio<\/strong><\/p>\n<p><strong>Circula la idea de que Alejandro Guillier no tendr\u00eda el espesor intelectual suficiente o la densidad program\u00e1tica necesaria para encarar la pr\u00f3xima presidencial. Lo sugiri\u00f3 Osvaldo Andrade apenas los socialistas lo ungieron como candidato del partido: \u201cahora hay que dotarlo de contenido\u201d. Guido Girardi insinu\u00f3 lo mismo, al declarar que el PPD tiene que aportar a Guillier \u201cuna visi\u00f3n m\u00e1s intelectual de la pol\u00edtica\u201d. Pareciera como si el senador por Antofagasta fuera un lienzo blanco que necesita ser pintado, pues no es capaz de ofrecer por s\u00ed mismo una robusta y coherente visi\u00f3n de pa\u00eds.<\/strong><\/p>\n<p>En varios sentidos, esta es una pol\u00e9mica hip\u00f3crita. En primer lugar, porque a Guillier no lo eligieron por la potencia filos\u00f3fica de su relato. <strong>Lo eligieron porque es el m\u00e1s competitivo electoralmente contra Pi\u00f1era<\/strong>. Su popularidad se debe a su credibilidad, no a su sofisticaci\u00f3n intelectual. De hecho, puede que sea justamente esa carencia de sofisticaci\u00f3n lo que lo conecta con ciertas capas de la poblaci\u00f3n. El candidato de las grandes ideas era Ricardo Lagos, ideas tan grandes que pesaban en sus bolsillos como piedras. El PS opt\u00f3 conscientemente por abandonar esa estrategia. No vale llorar ahora.<\/p>\n<p>En segundo lugar, porque <strong>la liviandad que se le atribuye a Guillier es exagerada en perspectiva comparada<\/strong>. Los actuales dirigentes de la Nueva Mayor\u00eda no destacan por la belleza del pensar. De hecho, hay que tener mucha personalidad para decir lo que dijo Girardi. Por su parte, Michelle Bachelet gan\u00f3 dos elecciones presidenciales sin ser un portento cerebral. En 2013, Bachelet no compuso la canci\u00f3n de su victoria. Fue solamente la int\u00e9rprete. La partitura la hicieron otros. Lo mismo podr\u00eda aplicarse con Guillier.<\/p>\n<p>En tercer lugar, porque tampoco hay espacio para grandes innovaciones program\u00e1ticas. Guillier est\u00e1 atrapado entre dos tierras. Las propuestas radicales vienen del Frente Amplio. El candidato del oficialismo tiene que mostrarse m\u00e1s responsable, pero no tanto. Por el centro se le meti\u00f3 Carolina Goic. Sin la DC \u2013que m\u00e1s de alguna vez oper\u00f3 como piedra en el zapato- lo m\u00e1s honesto ser\u00eda que Guillier se reconociera como continuador program\u00e1tico de Bachelet. <strong>Pero no es muy atractivo ser el continuador de un gobierno bajo los treinta puntos de aprobaci\u00f3n<\/strong>.<\/p>\n<p>En resumen, es una mala idea que sus propios promotores est\u00e9n animando la leyenda de que Guillier es una c\u00e1scara sin contenido. Como candidato, Guillier s\u00ed ha sido expl\u00edcito en temas de regionalizaci\u00f3n y ha ofrecido su visi\u00f3n respecto de la importancia de recuperar el rol productivo del estado, entre otras cosas. Nada del otro mundo, pero no prestaremos atenci\u00f3n a esas ideas si seguimos en el debate hip\u00f3crita sobre su idoneidad intelectual y ausencia de contenidos.<\/p>\n","protected":false},"excerpt":{"rendered":"<p>Por Crist\u00f3bal Bellolio Circula la idea de que Alejandro Guillier no tendr\u00eda el espesor intelectual suficiente o la densidad program\u00e1tica necesaria para encarar la pr\u00f3xima presidencial. Lo sugiri\u00f3 Osvaldo Andrade apenas los socialistas lo ungieron como candidato del partido: \u201cahora hay que dotarlo de contenido\u201d. Guido Girardi insinu\u00f3 lo mismo, al declarar que el PPD [&hellip;]<\/p>\n","protected":false},"author":1,"featured_media":1094,"comment_status":"closed","ping_status":"closed","sticky":false,"template":"","format":"standard","meta":{"footnotes":""},"categories":[6,13],"tags":[],"class_list":["post-1093","post","type-post","status-publish","format-standard","has-post-thumbnail","hentry","category-actualidad","category-voces"],"_links":{"self":[{"href":"https:\/\/ciudadliberal.cl\/index.php?rest_route=\/wp\/v2\/posts\/1093","targetHints":{"allow":["GET"]}}],"collection":[{"href":"https:\/\/ciudadliberal.cl\/index.php?rest_route=\/wp\/v2\/posts"}],"about":[{"href":"https:\/\/ciudadliberal.cl\/index.php?rest_route=\/wp\/v2\/types\/post"}],"author":[{"embeddable":true,"href":"https:\/\/ciudadliberal.cl\/index.php?rest_route=\/wp\/v2\/users\/1"}],"replies":[{"embeddable":true,"href":"https:\/\/ciudadliberal.cl\/index.php?rest_route=%2Fwp%2Fv2%2Fcomments&post=1093"}],"version-history":[{"count":1,"href":"https:\/\/ciudadliberal.cl\/index.php?rest_route=\/wp\/v2\/posts\/1093\/revisions"}],"predecessor-version":[{"id":1095,"href":"https:\/\/ciudadliberal.cl\/index.php?rest_route=\/wp\/v2\/posts\/1093\/revisions\/1095"}],"wp:featuredmedia":[{"embeddable":true,"href":"https:\/\/ciudadliberal.cl\/index.php?rest_route=\/wp\/v2\/media\/1094"}],"wp:attachment":[{"href":"https:\/\/ciudadliberal.cl\/index.php?rest_route=%2Fwp%2Fv2%2Fmedia&parent=1093"}],"wp:term":[{"taxonomy":"category","embeddable":true,"href":"https:\/\/ciudadliberal.cl\/index.php?rest_route=%2Fwp%2Fv2%2Fcategories&post=1093"},{"taxonomy":"post_tag","embeddable":true,"href":"https:\/\/ciudadliberal.cl\/index.php?rest_route=%2Fwp%2Fv2%2Ftags&post=1093"}],"curies":[{"name":"wp","href":"https:\/\/api.w.org\/{rel}","templated":true}]}}