{"id":1090,"date":"2017-05-16T00:41:25","date_gmt":"2017-05-16T03:41:25","guid":{"rendered":"https:\/\/ciudadliberal.cl\/?p=1090"},"modified":"2017-05-16T00:41:25","modified_gmt":"2017-05-16T03:41:25","slug":"ex-ptde-pinera-presenta-sus-equipos-programaticos-y-recibe-sus-primeras-conclusiones","status":"publish","type":"post","link":"https:\/\/ciudadliberal.cl\/?p=1090","title":{"rendered":"Ex ptde Pi\u00f1era presenta sus equipos program\u00e1ticos y recibe sus primeras conclusiones"},"content":{"rendered":"<p><strong>El ex mandatario y precandidato presidencial recibio esta ma\u00f1ana los primeros informes de trabajo de sus equipos programaticos que colaboraran en la formacion de su programa de gobierno en el futuro, enfocados en la economia, la educacion y la administracion del Estado, entre otros 17 temas que seguiran trabajandose y desarrollandose en su conclusiones, el ex presidente se\u00f1alo tambien que quiere que la ciudadania colabore con ideas para su programa y comparo este trabajo inicial con los grupos Tantauco que colaboraron con su candidatura en el a\u00f1o 2009 indicando que ahora \u201cChile ha cambiado\u201d<\/strong><\/p>\n<p>La entrega de estos informes de trabajo como tambi\u00e9n la presentaci\u00f3n de estos equipos program\u00e1ticos se realizo en la sede del comando de campa\u00f1a del precandidato presidencial, donde fueron invitadas mas de 100 personas desde hace una semana atr\u00e1s para participar de este acto, que repletaron el \u201cpatio de atr\u00e1s\u201d que posee el inmueble mencionado, donde hubo gente sentada como las lideres de los partidos que apoyan al candidato como las presidentas del PRI o de la UDI y personajes \u201cparados\u201d como el senador RN Andres Allamand o la directora de Servicio Publico de la Fundaci\u00f3n Jaime Guzman Maria Jesus Wulf, En el desarrollo de esta actividad, algunos de los encargados de estos grupos tem\u00e1ticos como el ex ministro Felipe Larrain, el ex contralor Ramiro Mendoza, la filosofa Sylvia Eyzaguirre, el medico Emilio Santelices o el arquitecto Pablo Allard. explicaron y describieron a los presentes y tambi\u00e9n al ex mandatario, los trabajos realizados en los \u00faltimos meses con sus principales conclusiones en sus \u00e1reas encargadas, en corto o extensivo tiempo, donde sus exposiciones eran presentadas por la miembro del equipo de trabajo de la Fundaci\u00f3n Avanza Chile Isabel Pla que ped\u00eda consideraci\u00f3n en ese valor impagable para exponer, luego de todas estas alocuciones, el director ejecutivo de la fundaci\u00f3n Avanza Chile Gonzalo Blumel y Susana Jimenez, entregaron al precandidato presidencial de RN, la UDI y el PRI entregaron 20 carpetas con informes de trabajo de cada una de las comisiones tem\u00e1ticas que trabajaron de diversas formas en la redacci\u00f3n de estos documentos, desde reuniones entre sus integrantes o con el ex mandatario, seminarios realizados por la fundaci\u00f3n presidida por el ex mandatario hasta encuentros en regiones para desarrollar estas primeras conclusiones adem\u00e1s de entregarle otro regalo simb\u00f3lico que fueron 2 saleros con sal y pimienta que sus obsequiantes le pidieron \u201cponerle sabor\u201d a este trabajo, un discurso del ex mandatario que comento estas acciones y primeros lineamientos de sus equipos, puso punto final a esta actividad, Como datos anecd\u00f3ticos de este evento, hubo 2 hechos a destacar, la iron\u00eda del ex contralor Mendoza sobre el tiempo otorgado en las exposiciones indicando que ahora todos se miden por el \u201ccalendario pi\u00f1eriano\u201d en vez del gregoriano que nos rige actualmente como pa\u00eds y la atenci\u00f3n del ex ministro Felipe Larrain en los movimientos del ex mandatario en su alocuci\u00f3n quien en un momento se paro r\u00e1pidamente de su puesto para \u201cafirmar\u201d al precandidato que estuvo a punto de caerse del escenario donde hablo a los asistentes<\/p>\n<p>Los equipos program\u00e1ticos que fueron presentados y entregados sus primeros lineamientos al ex mandatario este lunes son 20, los temas abordados son Desarrollo Institucional que estar\u00e1 encabezado por el ex ministro Cristian Larroulet y el ex contralor Ramiro Mendoza como coordinadores, Desarrollo Econ\u00f3mico, liderado por los ex ministros Felipe Larrain y Juan Andres Fontaine y el ex presidente del Banco Central Rodrigo Vergara, Desarrollo Social por el ex ministro Bruno Baranda, Trabajo donde el mencionado Baranda se repite el plato como coordinador pero estara acompa\u00f1ado por los abogados Fernando Arab y Paola Casorzo, Educacion por la filosofa Sylvia Eyzaguirre, el ex dirigente estudiantil Julio Isamit y la ex l\u00edder de los apoderados escolares Erika Mu\u00f1oz, Salud, liderado por el medico Emilio Santelices, Seguridad Ciudadana, coordinado por el ex subsecretario Rodrigo Ubilla y el concejal Cristobal Lira, Pensiones y envejecimiento por el economista Augusto Iglesias y la ex primera dama Cecilia Morel, Infraestructura (OO.PP) coordinado por el arquitecto Louis de Grange y el ex ministro Hern\u00e1n de Solminihac, Relaciones Internacionales, encabezados por el senador Hernan Larrain y el ex legislador y embajador Sergio Romero, Ciudad y Calidad de Vida por el arquitecto Pablo Allard y los alcaldes Ra\u00fal Torrealba y Joaqu\u00edn Lav\u00edn, Medio Ambiente liderado por la ex ministra Mar\u00eda Ignacia Benitez, Deafios del Futuro, coordinado por el presidente de la Fundaci\u00f3n Pais Digital Pelayo Covarrubias y el economista Hernan Cheyre, Descentralizaci\u00f3n y Desarrollo Regional liderado por los consejeros regionales Manuel Millones y Jorge \u00c1vila y el alcalde Claudio Radonich, Mujer coordinados por la ex diputada Monica Zalaquett, Familia encabezado por el abogado Pablo Urquizar, Pueblos Originarios coordinado por el ingeniero agr\u00f3nomo Juan Ca\u00f1upan y el abogado Carlos Llancaqueo, Agricultura encabezado por el ex ministro Luis Mayol, Deporte coordinado por la maratonista Erika Olivera y Cultura coordinado por la hija del mandatario y el ex ministro de esa rama Roberto Ampuero<\/p>\n<p>En su discurso ante los integrantes de los mencionados equipos, el precandidato presidencial declaro las futuras misiones que tendr\u00e1 su programa de gobierno a partir del trabajo de estas comisiones program\u00e1ticas, buscando seg\u00fan el que todos sus habitantes tengas las mismas oportunidades: \u201cEste programa de gobierno tiene una misi\u00f3n clara, tiene principios solidos, tiene objetivos muy concretos y tiene prioridades muy claras, \u00bfCu\u00e1l es la misi\u00f3n?, esa es la mirada larga del pa\u00eds, que tiene que ver con el pa\u00eds que queremos construir, el pa\u00eds que queremos vivir, nosotros, nuestros hijos, nuestros nietos, y los que vendr\u00e1n, la misi\u00f3n no solo es sacara a Chile del estancamiento y la mediocridad en que ha ca\u00eddo en los \u00faltimos tiempos, va mucho mas all\u00e1, significa nuevamente poner a Chile en marcha, volver a recuperar el compromiso de derrotar el subdesarrollo, derrotar la pobreza y crear una sociedad que le asegura a todos los chilenos, por el solo hecho de haber nacido en este pa\u00eds bendito, la seguridad de que van a tener una vida digna y la oportunidad en que van a poder desarrollar sus talentos y as\u00ed buscar con su esfuerzo una vida mas plena, una vida mas feliz\u201d, Sobre la construcci\u00f3n de este programa, el ex mandatario declaro que la ciudadan\u00eda podr\u00eda colaborar en aportes para este programa en iniciativas que se anunciaran en el futuro: \u201cEste programa de gobierno que estamos construyendo juntos va a tener una amplia ventana para la participaci\u00f3n ciudadana, queremos enriquecerlo con el aporte de las personas a trav\u00e9s de contactos directos, a trav\u00e9s de las redes sociales, a trav\u00e9s de discusiones program\u00e1ticas en todas las regiones, provincias y comunas de Chile, por eso lo vamos a compartir y vamos a recibir los aportes de los ciudadanos, porque yo quiero que nunca mas se diga que tenemos la raz\u00f3n y no las razones que es una referencia a una falta de nuestro relato, Este es nuestro relato\u201d y sobre las comparaciones con los grupos \u201cTantauco\u201d que ayudaron a dar forma a su programa de gobierno en el a\u00f1o 2009, el ex presidente se\u00f1alo que estas propuestas que recibi\u00f3 son futuristas para el pr\u00f3ximo periodo de gobierno: \u201cCambio el mundo, cambio Chile, han surgido nuevos problemas han surgido nuevos desaf\u00edos y por tanto evidentemente que para el nuevo programa para el Chile del a\u00f1o 2018- 2022 y es un programa que tiene plazos, para el primer a\u00f1o, para los 4 a\u00f1os y se proyecta para los pr\u00f3ximos 8 a\u00f1os, es un programa adecuado para los tiempos presentes\u201d<\/p>\n<p>Entre los encargados de los equipos program\u00e1ticos, el coordinador del equipo econ\u00f3mico Felipe Larrain sostuvo que se enfocaran en la inversi\u00f3n publico y privada para recuperar la calidad de los empleos, sobretodo en las regiones, aunque reencantando tambi\u00e9n a los agentes privados, asoci\u00e1ndolos a la perdida de la calidad del empleo: \u201c\u00bfComo logramos esto?, Hagamos que, a trav\u00e9s de la inversi\u00f3n, un potente programa de inversi\u00f3n publica \u201cChile Invierte 2016\u2033, este programa de 20 mil millones de d\u00f3lares, va a contar con una serie de proyectos que hemos identificado en infraestructura urbana, interurbana y con un fuerte acento en las regiones, tenemos que lograr un salto en la inversi\u00f3n publica, en las concesiones, pero tambi\u00e9n tenemos que reencantar la inversi\u00f3n privada, Chile hoy d\u00eda a los datos del 2016, 3 a\u00f1os consecutivos de ca\u00edda de inversi\u00f3n, esto no ocurr\u00eda en Chile desde\u2026. sin recesi\u00f3n externa, porque lo que ha ocurrido en un periodo en que el mundo crece, esto no ocurr\u00eda en Chile desde la \u00e9poca de la Unidad Popular, casi medio siglo, casi 50 a\u00f1os, que no tenemos un desempe\u00f1o tan paup\u00e9rrimo, tan malo de la inversi\u00f3n\u201d, en la educaci\u00f3n, su coordinadora program\u00e1tica Sylvia Eyzaguirre puso \u00e9nfasis en la recuperaci\u00f3n de las confianzas entre los agentes educativos dentro de las escuelas: \u201cOtro eje importante de nuestro quehacer, tiene que ver con reestablecer las confianzas en la educaci\u00f3n, en los \u00faltimos 4 a\u00f1os con las reformas se han quebrado las confianzas entre todos los actores, sostenedores, las familias, los estudiantes, tenemos que volver a reestablecer las confianzas, porque esa es la \u00fanica forma de poder abordar el n\u00facleo principal que es nuestro foco, la calidad\u201d y en la salud, el doctor Emilio Santelices enfatizo la integraci\u00f3n de la tecnol\u00f3gica en las atenciones de salud, sobretodo en lo publico: \u201cVamos a resolver el tema de las listas de espera, de listas de espera quir\u00fargica, vamos a fortalecer a trav\u00e9s de una nueva formulaci\u00f3n de la atenci\u00f3n primaria, integrada con mayor calificaci\u00f3n de m\u00e9dicos generales, con tecnolog\u00eda en soportes en temas de salud que en nuestro pa\u00eds, requiere para el siglo 21 asociados con la tecnolog\u00eda y la comunicaci\u00f3n, Vamos a terminar con el colapso del sistema de urgencia, con la creaci\u00f3n de un sistema nacional de urgencia\u201d.<\/p>\n","protected":false},"excerpt":{"rendered":"<p>El ex mandatario y precandidato presidencial recibio esta ma\u00f1ana los primeros informes de trabajo de sus equipos programaticos que colaboraran en la formacion de su programa de gobierno en el futuro, enfocados en la economia, la educacion y la administracion del Estado, entre otros 17 temas que seguiran trabajandose y desarrollandose en su conclusiones, el [&hellip;]<\/p>\n","protected":false},"author":1,"featured_media":1091,"comment_status":"closed","ping_status":"closed","sticky":false,"template":"","format":"standard","meta":{"footnotes":""},"categories":[6,16],"tags":[],"class_list":["post-1090","post","type-post","status-publish","format-standard","has-post-thumbnail","hentry","category-actualidad","category-internet"],"_links":{"self":[{"href":"https:\/\/ciudadliberal.cl\/index.php?rest_route=\/wp\/v2\/posts\/1090","targetHints":{"allow":["GET"]}}],"collection":[{"href":"https:\/\/ciudadliberal.cl\/index.php?rest_route=\/wp\/v2\/posts"}],"about":[{"href":"https:\/\/ciudadliberal.cl\/index.php?rest_route=\/wp\/v2\/types\/post"}],"author":[{"embeddable":true,"href":"https:\/\/ciudadliberal.cl\/index.php?rest_route=\/wp\/v2\/users\/1"}],"replies":[{"embeddable":true,"href":"https:\/\/ciudadliberal.cl\/index.php?rest_route=%2Fwp%2Fv2%2Fcomments&post=1090"}],"version-history":[{"count":1,"href":"https:\/\/ciudadliberal.cl\/index.php?rest_route=\/wp\/v2\/posts\/1090\/revisions"}],"predecessor-version":[{"id":1092,"href":"https:\/\/ciudadliberal.cl\/index.php?rest_route=\/wp\/v2\/posts\/1090\/revisions\/1092"}],"wp:featuredmedia":[{"embeddable":true,"href":"https:\/\/ciudadliberal.cl\/index.php?rest_route=\/wp\/v2\/media\/1091"}],"wp:attachment":[{"href":"https:\/\/ciudadliberal.cl\/index.php?rest_route=%2Fwp%2Fv2%2Fmedia&parent=1090"}],"wp:term":[{"taxonomy":"category","embeddable":true,"href":"https:\/\/ciudadliberal.cl\/index.php?rest_route=%2Fwp%2Fv2%2Fcategories&post=1090"},{"taxonomy":"post_tag","embeddable":true,"href":"https:\/\/ciudadliberal.cl\/index.php?rest_route=%2Fwp%2Fv2%2Ftags&post=1090"}],"curies":[{"name":"wp","href":"https:\/\/api.w.org\/{rel}","templated":true}]}}