{"id":10664,"date":"2024-05-08T08:14:48","date_gmt":"2024-05-08T12:14:48","guid":{"rendered":"https:\/\/ciudadliberal.cl\/?p=10664"},"modified":"2024-05-08T08:14:50","modified_gmt":"2024-05-08T12:14:50","slug":"protestas-estudiantiles-propalestinas-se-extienden-en-europa","status":"publish","type":"post","link":"https:\/\/ciudadliberal.cl\/?p=10664","title":{"rendered":"Protestas estudiantiles propalestinas se extienden en Europa"},"content":{"rendered":"\n<p>Inspirados por sus pares estadounidenses, se reportan protestas en campus de Amsterdam, Par\u00eds, Viena, Berl\u00edn, Liepzig, Lausana, Ginebra y M\u00fanich.<\/p>\n\n\n\n<p><a href=\"https:\/\/www.facebook.com\/sharer\/sharer.php?u=https:\/\/p.dw.com\/p\/4fbj5%3Fmaca%3Des-Facebook-sharing\" target=\"_blank\" rel=\"noreferrer noopener\"><\/a><a href=\"https:\/\/twitter.com\/intent\/tweet?source=webclient&amp;text=Protestas%20estudiantiles%20propalestinas%20se%20extienden%20en%20Europa+https:\/\/p.dw.com\/p\/4fbj5%3Fmaca%3Des-Twitter-sharing\" target=\"_blank\" rel=\"noreferrer noopener\"><\/a><\/p>\n\n\n\n<p>Las protestas estudiantiles para exigir que sus universidades rompan cualquier v\u00ednculo con&nbsp;<a href=\"https:\/\/www.dw.com\/es\/israel\/t-17412656\">Israel<\/a>&nbsp;por la guerra de&nbsp;<a href=\"https:\/\/www.dw.com\/es\/franja-de-gaza\/t-67111647\">Gaza<\/a>&nbsp;se extendieron este martes (07.05.2024) en&nbsp;<a href=\"https:\/\/www.dw.com\/es\/europa\/t-18446109\">Europa<\/a>, con intervenciones policiales en&nbsp;<a href=\"https:\/\/www.dw.com\/es\/francia\/t-17412345\">Francia<\/a>,&nbsp;<a href=\"https:\/\/www.dw.com\/es\/pa%C3%ADses-bajos\/t-62463080\">Pa\u00edses Bajos<\/a>&nbsp;y&nbsp;<a href=\"https:\/\/www.dw.com\/es\/alemania\/t-17411625\">Alemania<\/a>&nbsp;para disolverlas.<\/p>\n\n\n\n<p>Alumnos de algunas universidades de \u00e9lite, inspirados por sus pares en los campus estadounidenses, multiplicaron las ocupaciones de aulas y centros acad\u00e9micos.<\/p>\n\n\n\n<p>Reclaman en particular el fin de las asociaciones con instituciones israel\u00edes, como sanci\u00f3n por la devastadora ofensiva lanzada contra Gaza en represalia por el letal ataque de comandos del movimiento islamista palestino Ham\u00e1s en el sur de Israel el 7 de octubre.<\/p>\n\n\n\n<h2 class=\"wp-block-heading\">Estudiantes retoman protesta en la Universidad de \u00c1msterdam<\/h2>\n\n\n\n<p>En la Universidad de \u00c1msterdam, cientos de estudiantes reanudaron el martes por la noche su protesta en el campus, apenas un d\u00eda despu\u00e9s de que la polic\u00eda los desalojara a golpes de porra y destrozara sus tiendas de campa\u00f1a.<\/p>\n\n\n\n<p>En esta ocasi\u00f3n, los manifestantes levantaron barreras en los caminos de acceso a la universidad, vigilados por un fuerte despliegue policial.<\/p>\n\n\n<blockquote class=\"twitter-tweet\">\n<p lang=\"nl\" dir=\"ltr\">LIVE | Politie zal voorlopig niet optreden tegen pro-Palestijnse betogers UvA<a href=\"https:\/\/t.co\/vdfQV4kgpI\">https:\/\/t.co\/vdfQV4kgpI<\/a><\/p>\n<p>&mdash; De Telegraaf (@telegraaf) <a href=\"https:\/\/twitter.com\/telegraaf\/status\/1787956791931978120?ref_src=twsrc%5Etfw\">May 7, 2024<\/a><\/p><\/blockquote>\n<p> <script async src=\"https:\/\/platform.twitter.com\/widgets.js\" charset=\"utf-8\"><\/script><\/p>\n\n\n\n<p>La intervenci\u00f3n de la v\u00edspera se sald\u00f3 con 169 detenidos, dijo la polic\u00eda, que liber\u00f3 a todos menos a dos, todav\u00eda en custodia por acusaciones de delitos de desorden p\u00fablico.<\/p>\n\n\n\n<p>A ra\u00edz de la protesta, esta universidad neerlandesa public\u00f3 una lista de sus colaboraciones con Israel, principalmente intercambios estudiantiles y proyectos de investigaci\u00f3n que involucran a acad\u00e9micos israel\u00edes.<\/p>\n\n\n\n<p>En su web, la universidad dijo que \u00abbajo ninguna circunstancia contribuir\u00e1 a la guerra\u00bb y que \u00abtampoco tiene la intenci\u00f3n de participar en intercambios en el campo de la educaci\u00f3n relacionada con el ej\u00e9rcito\u00bb.<\/p>\n\n\n\n<figure class=\"wp-block-image size-large\"><img loading=\"lazy\" decoding=\"async\" width=\"1024\" height=\"576\" src=\"https:\/\/ciudadliberal.cl\/wp-content\/uploads\/2024\/05\/image-1-1024x576.png\" alt=\"\" class=\"wp-image-10665\" srcset=\"https:\/\/ciudadliberal.cl\/wp-content\/uploads\/2024\/05\/image-1-1024x576.png 1024w, https:\/\/ciudadliberal.cl\/wp-content\/uploads\/2024\/05\/image-1-300x169.png 300w, https:\/\/ciudadliberal.cl\/wp-content\/uploads\/2024\/05\/image-1-768x432.png 768w, https:\/\/ciudadliberal.cl\/wp-content\/uploads\/2024\/05\/image-1-747x420.png 747w, https:\/\/ciudadliberal.cl\/wp-content\/uploads\/2024\/05\/image-1-640x360.png 640w, https:\/\/ciudadliberal.cl\/wp-content\/uploads\/2024\/05\/image-1-681x383.png 681w, https:\/\/ciudadliberal.cl\/wp-content\/uploads\/2024\/05\/image-1.png 1110w\" sizes=\"auto, (max-width: 1024px) 100vw, 1024px\" \/><\/figure>\n\n\n\n<h2 class=\"wp-block-heading\">Protestas universitarias en Par\u00eds&nbsp;&nbsp;&nbsp;&nbsp;&nbsp;<\/h2>\n\n\n\n<p>Escenas similares tuvieron lugar en Par\u00eds, donde la polic\u00eda desaloj\u00f3 por la noche a un centenar de manifestantes que hab\u00edan ocupado un anfiteatro de la Sorbona en \u00absolidaridad\u00bb con Gaza y detuvo a 88 de ellos.<\/p>\n\n\n\n<p>Las fuerzas del orden tambi\u00e9n intervinieron en dos ocasiones en la prestigiosa universidad Sciences Po para dispersar a unos 20 estudiantes que se hab\u00edan atrincherado en el hall principal.<\/p>\n\n\n\n<p>La intervenci\u00f3n se propon\u00eda permitir el acceso a estudiantes que deb\u00edan pasar un examen y se sald\u00f3 con dos arrestos, inform\u00f3 la Fiscal\u00eda de la capital francesa.<\/p>\n\n\n\n<p>La polic\u00eda actu\u00f3 en varias ocasiones durante la \u00faltima semana en Sciences Po, donde los manifestantes exigen que la universidad revele sus acuerdos de asociaci\u00f3n con instituciones israel\u00edes.<\/p>\n\n\n\n<p>Trece estudiantes est\u00e1n en huelga de hambre, seg\u00fan ese centro acad\u00e9mico.<\/p>\n\n\n\n<h2 class=\"wp-block-heading\">Movimiento alcanz\u00f3 Universidad de Leipzig<\/h2>\n\n\n\n<p>En Alemania, la Univesidad de Leipzig, en el este, inform\u00f3 que entre 50 y 60 personas hab\u00edan ocupado el anfiteatro de la instituci\u00f3n, bloqueando las puertas por dentro e instalando tiendas en el patio.<\/p>\n\n\n\n<p>Seg\u00fan un comunicado del centro acad\u00e9mico, los manifestantes llevaban pancartas con el lema: \u00abOcupaci\u00f3n de la universidad contra el genocidio\u00bb.<\/p>\n\n\n<blockquote class=\"twitter-tweet\">\n<p lang=\"en\" dir=\"ltr\">UPDATE: German police also cracked down on pro-Palestinian students who had taken over the main lecture hall at the University of Leipzig. Follow the latest: <a href=\"https:\/\/t.co\/eI7AKfPYjq\">https:\/\/t.co\/eI7AKfPYjq<\/a><\/p>\n<p>&mdash; DW News (@dwnews) <a href=\"https:\/\/twitter.com\/dwnews\/status\/1787979976798781489?ref_src=twsrc%5Etfw\">May 7, 2024<\/a><\/p><\/blockquote>\n<p> <script async src=\"https:\/\/platform.twitter.com\/widgets.js\" charset=\"utf-8\"><\/script><\/p>\n\n\n\n<p>Los responsables universitarios llamaron por la tarde a la polic\u00eda, que inform\u00f3 de una contramanifestaci\u00f3n en la zona con unas 40 personas.<\/p>\n\n\n\n<figure class=\"wp-block-image size-large\"><img loading=\"lazy\" decoding=\"async\" width=\"1024\" height=\"576\" src=\"https:\/\/ciudadliberal.cl\/wp-content\/uploads\/2024\/05\/image-2-1024x576.png\" alt=\"\" class=\"wp-image-10666\" srcset=\"https:\/\/ciudadliberal.cl\/wp-content\/uploads\/2024\/05\/image-2-1024x576.png 1024w, https:\/\/ciudadliberal.cl\/wp-content\/uploads\/2024\/05\/image-2-300x169.png 300w, https:\/\/ciudadliberal.cl\/wp-content\/uploads\/2024\/05\/image-2-768x432.png 768w, https:\/\/ciudadliberal.cl\/wp-content\/uploads\/2024\/05\/image-2-747x420.png 747w, https:\/\/ciudadliberal.cl\/wp-content\/uploads\/2024\/05\/image-2-640x360.png 640w, https:\/\/ciudadliberal.cl\/wp-content\/uploads\/2024\/05\/image-2-681x383.png 681w, https:\/\/ciudadliberal.cl\/wp-content\/uploads\/2024\/05\/image-2.png 1110w\" sizes=\"auto, (max-width: 1024px) 100vw, 1024px\" \/><\/figure>\n\n\n\n<p>Previamente,&nbsp;<a href=\"https:\/\/www.dw.com\/es\/berl%C3%ADn-polic%C3%ADa-desaloja-manifestantes-propalestinos-de-la-universidad-libre\/a-69019995\">en la Universidad Libre de Berl\u00edn, la polic\u00eda dispers\u00f3 una manifestaci\u00f3n<\/a>&nbsp;despu\u00e9s de que hasta 80 personas instalaran un campamento de protesta en el campus la madrugada del martes.<\/p>\n\n\n\n<h2 class=\"wp-block-heading\">Protestas tambi\u00e9n en Suiza y Austria<\/h2>\n\n\n\n<p>En Suiza, se registraron protestas en centros acad\u00e9micos de Lausana, Ginebra y M\u00fanich. La Universidad de Lausana dijo en un comunicado que \u00abno hay raz\u00f3n para para cesar las relaciones\u00bb con Israel.<\/p>\n\n\n\n<p>En Austria, decenas de manifestantes acamparon en el campus de la Universidad de Viena el martes por la tarde.<\/p>\n\n\n\n<p>V\u00eda: <a href=\"https:\/\/www.dw.com\/es\/protestas-estudiantiles-propalestinas-se-extienden-en-europa\/a-69021815\">DW<\/a><\/p>\n\n\n\n<p><a href=\"\/\/p.dw.com\/p\/4fbj5%3Fmaca%3Des-Whatsapp-sharing\" target=\"_blank\" rel=\"noreferrer noopener\"><\/a><a href=\"mailto:?body=https:\/\/p.dw.com\/p\/4fbj5%3Fmaca%3Des-EMail-sharing&amp;subject=Protestas%20estudiantiles%20propalestinas%20se%20extienden%20en%20Europa\" target=\"_blank\" rel=\"noreferrer noopener\"><\/a><a href=\"https:\/\/meneame.net\/submit.php?url=https:\/\/p.dw.com\/p\/4fbj5%3Fmaca%3Des-Meneame-sharing\" target=\"_blank\" rel=\"noreferrer noopener\"><\/a><a href=\"\/\/share\/?link=https:\/\/p.dw.com\/p\/4fbj5%3Fmaca%3Des-Facebook%20messenger-sharing\" target=\"_blank\" rel=\"noreferrer noopener\"><\/a><a href=\"https:\/\/www.linkedin.com\/shareArticle?mini=true&amp;url=https:\/\/p.dw.com\/p\/4fbj5%3Fmaca%3Des-linkedin-sharing&amp;title=Protestas%20estudiantiles%20propalestinas%20se%20extienden%20en%20Europa&amp;source=DW.COM\" target=\"_blank\" rel=\"noreferrer noopener\"><\/a><a href=\"sms:?&amp;body=https:\/\/p.dw.com\/p\/4fbj5%3Fmaca%3Des-SMS-sharing\" target=\"_blank\" rel=\"noreferrer noopener\"><\/a><\/p>\n","protected":false},"excerpt":{"rendered":"<p>Inspirados por sus pares estadounidenses, se reportan protestas en campus de Amsterdam, Par\u00eds, Viena, Berl\u00edn, Liepzig, Lausana, Ginebra y M\u00fanich. Las protestas estudiantiles para exigir que sus universidades rompan cualquier v\u00ednculo con&nbsp;Israel&nbsp;por la guerra de&nbsp;Gaza&nbsp;se extendieron este martes (07.05.2024) en&nbsp;Europa, con intervenciones policiales en&nbsp;Francia,&nbsp;Pa\u00edses Bajos&nbsp;y&nbsp;Alemania&nbsp;para disolverlas. Alumnos de algunas universidades de \u00e9lite, inspirados por sus [&hellip;]<\/p>\n","protected":false},"author":1,"featured_media":10667,"comment_status":"closed","ping_status":"closed","sticky":false,"template":"","format":"standard","meta":{"footnotes":""},"categories":[184,14,2],"tags":[],"class_list":["post-10664","post","type-post","status-publish","format-standard","has-post-thumbnail","hentry","category-derechos-humanos","category-entertainment","category-portada"],"_links":{"self":[{"href":"https:\/\/ciudadliberal.cl\/index.php?rest_route=\/wp\/v2\/posts\/10664","targetHints":{"allow":["GET"]}}],"collection":[{"href":"https:\/\/ciudadliberal.cl\/index.php?rest_route=\/wp\/v2\/posts"}],"about":[{"href":"https:\/\/ciudadliberal.cl\/index.php?rest_route=\/wp\/v2\/types\/post"}],"author":[{"embeddable":true,"href":"https:\/\/ciudadliberal.cl\/index.php?rest_route=\/wp\/v2\/users\/1"}],"replies":[{"embeddable":true,"href":"https:\/\/ciudadliberal.cl\/index.php?rest_route=%2Fwp%2Fv2%2Fcomments&post=10664"}],"version-history":[{"count":1,"href":"https:\/\/ciudadliberal.cl\/index.php?rest_route=\/wp\/v2\/posts\/10664\/revisions"}],"predecessor-version":[{"id":10668,"href":"https:\/\/ciudadliberal.cl\/index.php?rest_route=\/wp\/v2\/posts\/10664\/revisions\/10668"}],"wp:featuredmedia":[{"embeddable":true,"href":"https:\/\/ciudadliberal.cl\/index.php?rest_route=\/wp\/v2\/media\/10667"}],"wp:attachment":[{"href":"https:\/\/ciudadliberal.cl\/index.php?rest_route=%2Fwp%2Fv2%2Fmedia&parent=10664"}],"wp:term":[{"taxonomy":"category","embeddable":true,"href":"https:\/\/ciudadliberal.cl\/index.php?rest_route=%2Fwp%2Fv2%2Fcategories&post=10664"},{"taxonomy":"post_tag","embeddable":true,"href":"https:\/\/ciudadliberal.cl\/index.php?rest_route=%2Fwp%2Fv2%2Ftags&post=10664"}],"curies":[{"name":"wp","href":"https:\/\/api.w.org\/{rel}","templated":true}]}}