{"id":10661,"date":"2024-05-07T09:00:23","date_gmt":"2024-05-07T13:00:23","guid":{"rendered":"https:\/\/ciudadliberal.cl\/?p=10661"},"modified":"2024-05-07T09:00:25","modified_gmt":"2024-05-07T13:00:25","slug":"la-tasa-de-ocupacion-informal-en-chile-es-de-281","status":"publish","type":"post","link":"https:\/\/ciudadliberal.cl\/?p=10661","title":{"rendered":"La tasa de ocupaci\u00f3n informal en Chile es de 28,1%"},"content":{"rendered":"\n<p>El INE revel\u00f3 la cifra del trimestre enero-marzo, que marc\u00f3 un alza de casi un punto porcentual.<\/p>\n\n\n\n<p><strong>La tasa de ocupaci\u00f3n informal durante el trimestre enero-marzo de 2024 fue de 28,1%<\/strong>, creciendo 0,7 puntos porcentuales en 12 meses, seg\u00fan reporta el Bolet\u00edn de Informalidad Laboral del Instituto Nacional de Estad\u00edsticas (INE).<\/p>\n\n\n\n<p>As\u00ed,<strong>&nbsp;las personas ocupadas informales llegaron a 2.614.641 en el citado per\u00edodo<\/strong>, lo que representa un alza de 5,8% respecto al trimestre enero-marzo de 2023.<\/p>\n\n\n\n<p>\u00abEn la variaci\u00f3n del total de personas ocupadas informales influyeron las mujeres (7,8%) y los hombres (4,1%).\u00a0<strong>Seg\u00fan grupos de edad, incidieron principalmente las alzas en los tramos 65 a\u00f1os y m\u00e1s (17,1%)<\/strong>\u00a0y 45-54 a\u00f1os (6,0%)\u00bb, explica el informe.<\/p>\n\n\n\n<p>Adem\u00e1s, y seg\u00fan sector econ\u00f3mico, la variaci\u00f3n al alza estuvo influida principalmente por:<\/p>\n\n\n\n<ul class=\"wp-block-list\">\n<li>Comercio (13,3%)<\/li>\n\n\n\n<li>Actividades de los hogares como empleadores (22,5%).<\/li>\n<\/ul>\n\n\n\n<p>El INE a\u00f1adi\u00f3 que \u00aben cuanto a grupo ocupacional, el incremento fue impulsado principalmente por trabajadores de los servicios y comercios (10,9%) y ocupaciones elementales (4,3%). En tanto, las categor\u00edas ocupacionales que m\u00e1s influyeron en el alza de las personas ocupadas informales fueron personas asalariadas privadas (8%), personas trabajadoras por cuenta propia (2,9%), personal de servicio dom\u00e9stico (19,1%), empleadoras (46,2%) y familiares no remunerados del hogar (5,3%)\u00bb.<\/p>\n\n\n\n<h2 class=\"wp-block-heading\"><em><strong>\u00bfQui\u00e9n es una persona ocupada informal?<\/strong><\/em><\/h2>\n\n\n\n<p>El INE detall\u00f3 que \u00ab<strong>las personas ocupadas informales son quienes trabajan de forma dependiente, pero sin acceso a seguridad social (salud y AFP) por su v\u00ednculo laboral<\/strong>\u00ab.<\/p>\n\n\n\n<p>\u00abTambi\u00e9n lo son aquellas que trabajan de manera independiente en una empresa, negocio o actividad que pertenece al sector informal. Los familiares no remunerados del hogar tambi\u00e9n se consideran personas ocupadas informales\u00bb, cerr\u00f3 el organismo.<\/p>\n\n\n<blockquote class=\"twitter-tweet\">\n<p lang=\"es\" dir=\"ltr\">Tasa de ocupaci\u00f3n informal a nivel nacional lleg\u00f3 a 28,1% en el trimestre enero &#8211; marzo de 2024. Seg\u00fan sector econ\u00f3mico, la variaci\u00f3n estuvo influida, principalmente, por comercio (13,3%) y actividades de los hogares como empleadores (22,5%): <a href=\"https:\/\/t.co\/cIHK67JI0e\">https:\/\/t.co\/cIHK67JI0e<\/a> <a href=\"https:\/\/t.co\/2r8QW1hWat\">pic.twitter.com\/2r8QW1hWat<\/a><\/p>\n<p>&mdash; INE Chile (@INE_Chile) <a href=\"https:\/\/twitter.com\/INE_Chile\/status\/1787469067919429792?ref_src=twsrc%5Etfw\">May 6, 2024<\/a><\/p><\/blockquote>\n<p> <script async src=\"https:\/\/platform.twitter.com\/widgets.js\" charset=\"utf-8\"><\/script><\/p>\n\n\n\n<p>V\u00eda: <a href=\"https:\/\/www.cooperativa.cl\/noticias\/pais\/trabajo\/cesantia\/la-tasa-de-ocupacion-informal-en-chile-es-de-28-1\/2024-05-06\/093437.html\">Cooperativa<\/a><\/p>\n","protected":false},"excerpt":{"rendered":"<p>El INE revel\u00f3 la cifra del trimestre enero-marzo, que marc\u00f3 un alza de casi un punto porcentual. La tasa de ocupaci\u00f3n informal durante el trimestre enero-marzo de 2024 fue de 28,1%, creciendo 0,7 puntos porcentuales en 12 meses, seg\u00fan reporta el Bolet\u00edn de Informalidad Laboral del Instituto Nacional de Estad\u00edsticas (INE). As\u00ed,&nbsp;las personas ocupadas informales [&hellip;]<\/p>\n","protected":false},"author":1,"featured_media":10662,"comment_status":"closed","ping_status":"closed","sticky":false,"template":"","format":"standard","meta":{"footnotes":""},"categories":[16,2],"tags":[],"class_list":["post-10661","post","type-post","status-publish","format-standard","has-post-thumbnail","hentry","category-internet","category-portada"],"_links":{"self":[{"href":"https:\/\/ciudadliberal.cl\/index.php?rest_route=\/wp\/v2\/posts\/10661","targetHints":{"allow":["GET"]}}],"collection":[{"href":"https:\/\/ciudadliberal.cl\/index.php?rest_route=\/wp\/v2\/posts"}],"about":[{"href":"https:\/\/ciudadliberal.cl\/index.php?rest_route=\/wp\/v2\/types\/post"}],"author":[{"embeddable":true,"href":"https:\/\/ciudadliberal.cl\/index.php?rest_route=\/wp\/v2\/users\/1"}],"replies":[{"embeddable":true,"href":"https:\/\/ciudadliberal.cl\/index.php?rest_route=%2Fwp%2Fv2%2Fcomments&post=10661"}],"version-history":[{"count":1,"href":"https:\/\/ciudadliberal.cl\/index.php?rest_route=\/wp\/v2\/posts\/10661\/revisions"}],"predecessor-version":[{"id":10663,"href":"https:\/\/ciudadliberal.cl\/index.php?rest_route=\/wp\/v2\/posts\/10661\/revisions\/10663"}],"wp:featuredmedia":[{"embeddable":true,"href":"https:\/\/ciudadliberal.cl\/index.php?rest_route=\/wp\/v2\/media\/10662"}],"wp:attachment":[{"href":"https:\/\/ciudadliberal.cl\/index.php?rest_route=%2Fwp%2Fv2%2Fmedia&parent=10661"}],"wp:term":[{"taxonomy":"category","embeddable":true,"href":"https:\/\/ciudadliberal.cl\/index.php?rest_route=%2Fwp%2Fv2%2Fcategories&post=10661"},{"taxonomy":"post_tag","embeddable":true,"href":"https:\/\/ciudadliberal.cl\/index.php?rest_route=%2Fwp%2Fv2%2Ftags&post=10661"}],"curies":[{"name":"wp","href":"https:\/\/api.w.org\/{rel}","templated":true}]}}