{"id":10641,"date":"2024-05-02T15:42:19","date_gmt":"2024-05-02T19:42:19","guid":{"rendered":"https:\/\/ciudadliberal.cl\/?p=10641"},"modified":"2024-05-02T15:42:21","modified_gmt":"2024-05-02T19:42:21","slug":"alemania-ya-supero-sus-limites-ecologicos-de-2024","status":"publish","type":"post","link":"https:\/\/ciudadliberal.cl\/?p=10641","title":{"rendered":"Alemania ya super\u00f3 sus l\u00edmites ecol\u00f3gicos de 2024"},"content":{"rendered":"\n<p>Si todo el planeta consumiera como los alemanes, necesitar\u00edamos tres veces m\u00e1s recursos. \u00bfPero es la gente m\u00e1s feliz por consumir de manera excesiva? Algunos pa\u00edses de Am\u00e9rica Latina sobresalen por su bajo impacto.<\/p>\n\n\n\n<p><a href=\"https:\/\/www.facebook.com\/sharer\/sharer.php?u=https:\/\/p.dw.com\/p\/4fQzn%3Fmaca%3Des-Facebook-sharing\" target=\"_blank\" rel=\"noreferrer noopener\"><\/a><a href=\"https:\/\/twitter.com\/intent\/tweet?source=webclient&amp;text=Alemania%20ya%20super%C3%B3%20sus%20l%C3%ADmites%20ecol%C3%B3gicos%20de%202024+https:\/\/p.dw.com\/p\/4fQzn%3Fmaca%3Des-Twitter-sharing\" target=\"_blank\" rel=\"noreferrer noopener\"><\/a><\/p>\n\n\n\n<p><a href=\"https:\/\/www.dw.com\/es\/alemania\/t-17411625\">Alemania<\/a>&nbsp;ya super\u00f3, a principios de mayo, los l\u00edmites de consumo sostenible de 2024, de acuerdo con&nbsp;la ONG medioambiental&nbsp;<a href=\"https:\/\/www.dw.com\/es\/global-footprint-network\/t-39943120\">Global Footprint Network<\/a>, con sede en&nbsp;<a href=\"https:\/\/www.dw.com\/es\/estados-unidos\/t-17411942\">Estados Unidos<\/a>.<\/p>\n\n\n\n<p>Seg\u00fan sus c\u00e1lculos, si todos en el mundo se comportaran como los alemanes, la humanidad necesitar\u00eda tres planetas Tierra para proporcionar suficientes recursos y satisfacer su consumo&nbsp;de manera sostenible.<\/p>\n\n\n\n<p>Los llamados d\u00edas de exceso ocurren cuando la demanda de recursos y servicios ecol\u00f3gicos de un pa\u00eds, en un a\u00f1o determinado, soprepasa lo que el planeta puede regenerar ese a\u00f1o.<\/p>\n\n\n\n<p>Pero tambi\u00e9n hay pa\u00edses en el\u00a0extremo, como Qatar y Luxemburgo, que ya superaron sus l\u00edmites en febrero, o Camboya y Madagascar, que posiblemente no se exceder\u00e1n en 2024.<\/p>\n\n\n\n<h2 class=\"wp-block-heading\">El D\u00eda de la Deuda Ecol\u00f3gica, oportunidad para&nbsp;el cambio<\/h2>\n\n\n\n<p>\u00abEl D\u00eda Alem\u00e1n de la Deuda Ecol\u00f3gica de la Tierra es un recordatorio para cambiar ahora las condiciones subyacentes en todos los sectores, con el prop\u00f3sito de que el comportamiento sostenible se convierta en la nueva normalidad\u00bb, dijo en un comunicado de prensa Aylin Lehnert, responsable de educaci\u00f3n de la ONG ambiental alemana Germanwatch. \u00abNecesitamos un nuevo freno de la deuda, un freno de la deuda en relaci\u00f3n con la sobrecarga de la Tierra\u00bb, a\u00f1adi\u00f3.<\/p>\n\n\n\n<p>Seg\u00fan Greenwatch, la producci\u00f3n y el consumo de carne en Alemania es uno de los principales factores que originan el uso excesivo de los recursos de la Tierra. Alrededor del 60% de su&nbsp;suelo agr\u00edcola se utiliza para la producci\u00f3n de alimentos para animales. Alemania importa adem\u00e1s millones de toneladas del extranjero.<\/p>\n\n\n\n<p>Las importaciones totales de Alemania llevaron a&nbsp;la destrucci\u00f3n de 138.000 hect\u00e1reas de bosque tropical en todo el mundo entre 2016 y 2018, seg\u00fan la Agencia de Cooperaci\u00f3n Internacional (GIZ).<\/p>\n\n\n\n<p>El Sur Global, en gran medida y dentro de los l\u00edmites sostenibles, soporta gran parte de la carga del consumo excesivo debido a&nbsp;la destrucci\u00f3n ambiental y los da\u00f1os del cambio clim\u00e1tico.<\/p>\n\n\n\n<p>El presidente de la Federaci\u00f3n Alemana para el Medioambiente y la Conservaci\u00f3n&nbsp;(BUND), Olaf Bandt, critic\u00f3 en un comunicado que \u00abnuestra Tierra est\u00e1 sobrecargada. Un pa\u00eds que consume tantos recursos, como el nuestro,&nbsp;act\u00faa&nbsp;de manera deficiente e imprudente\u00bb.<\/p>\n\n\n\n<p>La organizaci\u00f3n pide al\u00a0gobierno alem\u00e1n\u00a0que introduzca una ley de protecci\u00f3n de\u00a0los recursos del suelo y los territorios, las tierras cultivables y pastoreo, las zonas de pesca, las aguas subterr\u00e1neas y superficiales, los bosques y la madera.<\/p>\n\n\n\n<figure class=\"wp-block-image size-large\"><img loading=\"lazy\" decoding=\"async\" width=\"1024\" height=\"576\" src=\"https:\/\/ciudadliberal.cl\/wp-content\/uploads\/2024\/05\/image-1024x576.png\" alt=\"\" class=\"wp-image-10642\" srcset=\"https:\/\/ciudadliberal.cl\/wp-content\/uploads\/2024\/05\/image-1024x576.png 1024w, https:\/\/ciudadliberal.cl\/wp-content\/uploads\/2024\/05\/image-300x169.png 300w, https:\/\/ciudadliberal.cl\/wp-content\/uploads\/2024\/05\/image-768x432.png 768w, https:\/\/ciudadliberal.cl\/wp-content\/uploads\/2024\/05\/image-747x420.png 747w, https:\/\/ciudadliberal.cl\/wp-content\/uploads\/2024\/05\/image-640x360.png 640w, https:\/\/ciudadliberal.cl\/wp-content\/uploads\/2024\/05\/image-681x383.png 681w, https:\/\/ciudadliberal.cl\/wp-content\/uploads\/2024\/05\/image.png 1110w\" sizes=\"auto, (max-width: 1024px) 100vw, 1024px\" \/><\/figure>\n\n\n\n<h2 class=\"wp-block-heading\">M\u00e1s consumo no significa m\u00e1s felicidad<\/h2>\n\n\n\n<p>Seg\u00fan el \u00cdndice Planeta Feliz (HPI) m\u00e1s reciente, todo este consumo excesivo no significa que los ciudadanos tengan una vida mejor.<\/p>\n\n\n\n<p>El \u00edndice, compilado por el Hot or Cool Institute, un grupo de expertos con sede en Berl\u00edn, combina datos sobre bienestar, esperanza de vida y huella de carbono. Con ellos&nbsp;eval\u00faan&nbsp;qu\u00e9 tan bien cuidan los pa\u00edses a sus ciudadanos sin sobrecargar el planeta.<\/p>\n\n\n\n<p>Por ejemplo, Suecia y Alemania tienen niveles muy similares de bienestar general y esperanza de vida, pero el pa\u00eds escandinavo&nbsp;lo logr\u00f3 con un 16% menos de emisiones por persona que Alemania y menos de la mitad de la huella por persona que Estados Unidos.<\/p>\n\n\n\n<p>Costa Rica tiene\u00a0cifras comparables de esperanza de vida y bienestar, pero casi la mitad\u00a0del impacto ambiental que Alemania.<\/p>\n\n\n\n<h2 class=\"wp-block-heading\">Pa\u00edses con mejores resultados<\/h2>\n\n\n\n<p>Vanuatu, Suecia, El Salvador, Costa Rica y Nicaragua encabezaron la lista con&nbsp;un equilibrado buen nivel de vida y bajo impacto.<\/p>\n\n\n\n<p>El \u00edndice, que tambi\u00e9n analiza los niveles de ingresos por pa\u00edses, mostr\u00f3 que el 10% de las personas con mayores ingresos a nivel mundial es&nbsp;responsable&nbsp;de casi la mitad de todas las emisiones, pero no obtiene&nbsp;casi beneficios&nbsp;en bienestar y salud, en comparaci\u00f3n con los pa\u00edses con bajas emisiones.<\/p>\n\n\n\n<p>Lewis Akenji, director general del Hot or Cool Institute, pidi\u00f3 a los pa\u00edses que reconsideren sus prioridades: \u00abNecesitamos poner atenci\u00f3n\u00a0al consumo derrochador y la desigualdad, que est\u00e1n empeorando la crisis planetaria\u00bb.<\/p>\n\n\n\n<p><\/p>\n\n\n\n<p>V\u00eda: <a href=\"https:\/\/www.dw.com\/es\/si-todos-consumieran-como-alemania-se-necesitar%C3%ADan-tres-planetas-tierra\/a-68980567\">DW<\/a><\/p>\n\n\n\n<p><a href=\"\/\/p.dw.com\/p\/4fQzn%3Fmaca%3Des-Whatsapp-sharing\" target=\"_blank\" rel=\"noreferrer noopener\"><\/a><a href=\"mailto:?body=https:\/\/p.dw.com\/p\/4fQzn%3Fmaca%3Des-EMail-sharing&amp;subject=Alemania%20ya%20super%C3%B3%20sus%20l%C3%ADmites%20ecol%C3%B3gicos%20de%202024\" target=\"_blank\" rel=\"noreferrer noopener\"><\/a><a href=\"https:\/\/meneame.net\/submit.php?url=https:\/\/p.dw.com\/p\/4fQzn%3Fmaca%3Des-Meneame-sharing\" target=\"_blank\" rel=\"noreferrer noopener\"><\/a><a href=\"\/\/share\/?link=https:\/\/p.dw.com\/p\/4fQzn%3Fmaca%3Des-Facebook%20messenger-sharing\" target=\"_blank\" rel=\"noreferrer noopener\"><\/a><a href=\"https:\/\/www.linkedin.com\/shareArticle?mini=true&amp;url=https:\/\/p.dw.com\/p\/4fQzn%3Fmaca%3Des-linkedin-sharing&amp;title=Alemania%20ya%20super%C3%B3%20sus%20l%C3%ADmites%20ecol%C3%B3gicos%20de%202024&amp;source=DW.COM\" target=\"_blank\" rel=\"noreferrer noopener\"><\/a><a href=\"sms:?&amp;body=https:\/\/p.dw.com\/p\/4fQzn%3Fmaca%3Des-SMS-sharing\" target=\"_blank\" rel=\"noreferrer noopener\"><\/a><\/p>\n","protected":false},"excerpt":{"rendered":"<p>Si todo el planeta consumiera como los alemanes, necesitar\u00edamos tres veces m\u00e1s recursos. \u00bfPero es la gente m\u00e1s feliz por consumir de manera excesiva? Algunos pa\u00edses de Am\u00e9rica Latina sobresalen por su bajo impacto. Alemania&nbsp;ya super\u00f3, a principios de mayo, los l\u00edmites de consumo sostenible de 2024, de acuerdo con&nbsp;la ONG medioambiental&nbsp;Global Footprint Network, con [&hellip;]<\/p>\n","protected":false},"author":1,"featured_media":10643,"comment_status":"closed","ping_status":"closed","sticky":false,"template":"","format":"standard","meta":{"footnotes":""},"categories":[14,2],"tags":[],"class_list":["post-10641","post","type-post","status-publish","format-standard","has-post-thumbnail","hentry","category-entertainment","category-portada"],"_links":{"self":[{"href":"https:\/\/ciudadliberal.cl\/index.php?rest_route=\/wp\/v2\/posts\/10641","targetHints":{"allow":["GET"]}}],"collection":[{"href":"https:\/\/ciudadliberal.cl\/index.php?rest_route=\/wp\/v2\/posts"}],"about":[{"href":"https:\/\/ciudadliberal.cl\/index.php?rest_route=\/wp\/v2\/types\/post"}],"author":[{"embeddable":true,"href":"https:\/\/ciudadliberal.cl\/index.php?rest_route=\/wp\/v2\/users\/1"}],"replies":[{"embeddable":true,"href":"https:\/\/ciudadliberal.cl\/index.php?rest_route=%2Fwp%2Fv2%2Fcomments&post=10641"}],"version-history":[{"count":1,"href":"https:\/\/ciudadliberal.cl\/index.php?rest_route=\/wp\/v2\/posts\/10641\/revisions"}],"predecessor-version":[{"id":10644,"href":"https:\/\/ciudadliberal.cl\/index.php?rest_route=\/wp\/v2\/posts\/10641\/revisions\/10644"}],"wp:featuredmedia":[{"embeddable":true,"href":"https:\/\/ciudadliberal.cl\/index.php?rest_route=\/wp\/v2\/media\/10643"}],"wp:attachment":[{"href":"https:\/\/ciudadliberal.cl\/index.php?rest_route=%2Fwp%2Fv2%2Fmedia&parent=10641"}],"wp:term":[{"taxonomy":"category","embeddable":true,"href":"https:\/\/ciudadliberal.cl\/index.php?rest_route=%2Fwp%2Fv2%2Fcategories&post=10641"},{"taxonomy":"post_tag","embeddable":true,"href":"https:\/\/ciudadliberal.cl\/index.php?rest_route=%2Fwp%2Fv2%2Ftags&post=10641"}],"curies":[{"name":"wp","href":"https:\/\/api.w.org\/{rel}","templated":true}]}}