{"id":10638,"date":"2024-05-02T14:53:23","date_gmt":"2024-05-02T18:53:23","guid":{"rendered":"https:\/\/ciudadliberal.cl\/?p=10638"},"modified":"2024-05-02T14:53:24","modified_gmt":"2024-05-02T18:53:24","slug":"imacec-actividad-economica-crecio-08-en-marzo","status":"publish","type":"post","link":"https:\/\/ciudadliberal.cl\/?p=10638","title":{"rendered":"Imacec: Actividad econ\u00f3mica creci\u00f3 0,8% en marzo"},"content":{"rendered":"\n<p>El resultado se explica principalmente por el desempe\u00f1o de la miner\u00eda, \u00abcompensado por las ca\u00eddas del comercio y la industria\u00bb, inform\u00f3 el Banco Central.<\/p>\n\n\n\n<p>El dato del tercer mes del a\u00f1o \u00abno es una sorpresa: la econom\u00eda chilena sigue en una fase de expansi\u00f3n\u00bb, coment\u00f3 el Presidente Boric en su entrevista con Archi.<\/p>\n\n\n\n<p>El&nbsp;<strong>Indicador Mensual de Actividad Econ\u00f3mica<\/strong>&nbsp;(Imacec) correspondiente a&nbsp;<strong>marzo<\/strong>&nbsp;de 2024&nbsp;<strong>creci\u00f3 un 0,8 por ciento&nbsp;<\/strong>en comparaci\u00f3n con igual mes del a\u00f1o anterior, por debajo de&nbsp;<a href=\"https:\/\/www.cooperativa.cl\/noticias\/pais\/consumidores\/inflacion\/expertos-mejoran-proyeccion-de-crecimiento-para-2024-pero-corrigen-al\/2024-04-10\/103657.html\">las expectativas de los especialistas<\/a>.<\/p>\n\n\n\n<p>Seg\u00fan detall\u00f3 esta ma\u00f1ana el&nbsp;<strong>Banco Central<\/strong>, \u00abla serie desestacionalizada disminuy\u00f3 0,7% respecto del mes precedente y&nbsp;<strong>creci\u00f3 2,1% en doce meses<\/strong>\u00ab.<\/p>\n\n\n\n<p>Marzo de 2024 \u00abregistr\u00f3\u00a0<strong>tres d\u00edas h\u00e1biles menos\u00bb<\/strong>\u00a0que en 2023, destac\u00f3 el instituto emisor, puntualizando que \u00abel resultado del Imacec\u00a0<strong>se explic\u00f3 por el crecimiento de la miner\u00eda<\/strong>\u00a0y del resto de bienes, compensado por las\u00a0<strong>ca\u00eddas del comercio y la industria\u00bb.<\/strong><\/p>\n\n\n\n<p>En general, \u00ab<strong>todas las actividades incidieron en la disminuci\u00f3n del Imacec<\/strong>&nbsp;en t\u00e9rminos desestacionalizados, destacando las ca\u00eddas de los servicios y el resto de bienes\u00bb.<\/p>\n\n\n\n<p>El\u00a0<strong>Imacec no minero present\u00f3 un incremento de 0,4 por ciento<\/strong>\u00a0en 12 meses, mientras que, en t\u00e9rminos desestacionalizados, cay\u00f3 0,6 por ciento respecto del mes anterior.<\/p>\n\n\n\n<h3 class=\"wp-block-heading\"><em><strong>BORIC: \u00abDENTRO DE LO ESPERADO\u00bb<\/strong><\/em><\/h3>\n\n\n\n<p>Entrevistado esta ma\u00f1ana por&nbsp;<a href=\"https:\/\/www.cooperativa.cl\/noticias\/pais\/presidente-boric\/presidente-boric-a-archi-ataque-como-el-de-canete-tiene-connotaciones\/2024-05-01\/195259.html\" target=\"_blank\" rel=\"noreferrer noopener\">la&nbsp;<strong>Asociaci\u00f3n de Radiodifusores de Chile<\/strong>&nbsp;(Archi)<\/a>, el&nbsp;<strong>Presidente Gabriel Boric&nbsp;<\/strong>coment\u00f3 que el Imacec de 0,8 \u00ab<strong>est\u00e1 dentro de los marcos de lo esperado\u00bb<\/strong>.<\/p>\n\n\n\n<p>Se\u00f1al\u00f3 que el dato responde principalmente a los aludidos \u00abmenos d\u00edas h\u00e1biles\u00bb de marzo de 2024, pero insisti\u00f3 en que&nbsp;\u00abes algo que est\u00e1 absolutamente integrado dentro de las proyecciones, no es una sorpresa\u00bb.<\/p>\n\n\n\n<p>\u00ab<strong>La econom\u00eda chilena sigue en una fase de expansi\u00f3n<\/strong>: la OCDE aument\u00f3 las proyecciones de crecimiento de Chile, tal como lo han hecho los diferentes organismos internacionales y tambi\u00e9n nacionales, como el Banco Central, de manera significativa\u00bb.<\/p>\n\n\n\n<p>\u00ab<strong>En Chile tenemos tremendas condiciones para seguir creciendo<\/strong>&nbsp;y yo, por lo menos,&nbsp;<strong>me voy a empe\u00f1ar y voy a ser porfiado en lograrlo<\/strong>\u00ab, enfatiz\u00f3 Boric.<\/p>\n\n\n\n<p>Desde Francia, donde participa en actividades de la OCDE, el ministro de Hacienda,&nbsp;<strong>Mario Marcel<\/strong>, reforz\u00f3 el argumento: \u00abEstas cifras, si bien son inferiores a lo que esperaba el mercado, est\u00e1n dentro de lo que esper\u00e1bamos como Ministerio de Hacienda, considerando que&nbsp;<strong>el mes de marzo tuvo tres d\u00edas h\u00e1biles menos, (y) eso resta alrededor de 1,5 puntos de crecimiento<\/strong>&nbsp;en la variaci\u00f3n en 12 meses\u00bb.<\/p>\n\n\n\n<p>\u00abPor lo tanto, si sum\u00e1ramos ese 1,5 puntos m\u00e1s el 0,8% de crecimiento en 12 meses, vamos a tener una cifra bien similar al 2,5% de crecimiento que estamos proyectando para el a\u00f1o\u00bb, afirm\u00f3.<\/p>\n\n\n\n<h3 class=\"wp-block-heading\"><strong><em>CRECIMIENTO \u00abMEDIOCRE\u00bb<\/em><\/strong><\/h3>\n\n\n\n<p>Entre los expertos, el&nbsp;<strong>economista Nicol\u00e1s Rom\u00e1n<\/strong>, acad\u00e9mico de la Facultad de Ciencias Econ\u00f3micas y Empresariales de la U. de los Andes, analiz\u00f3 que \u00abel crecimiento del trimestre enero-marzo de 2024, en comparaci\u00f3n al mismo trimestre del a\u00f1o anterior de 2,5%, no nos sorprende\u00bb.<\/p>\n\n\n\n<p><strong>\u00abY seguimos pensando en un pa\u00eds que va a crecer en torno a ese 2,5% en 12 meses, en t\u00e9rminos anuales, y es un crecimiento m\u00e1s bien mediocre.<\/strong>\u00a0Hay sectores que ayudan, la miner\u00eda crece algo m\u00e1s que el promedio, y eso tiene que ver con los precios del cobre, que han estado extraordinariamente altos, pero hay sectores que est\u00e1n muy afectados, y dentro de ellos est\u00e1n, por supuesto, la industria y el comercio\u00bb, puntualiz\u00f3.<\/p>\n\n\n\n<p><\/p>\n\n\n\n<p>V\u00eda: <a href=\"https:\/\/www.cooperativa.cl\/noticias\/economia\/crecimiento\/imacec-actividad-economica-crecio-0-8-en-marzo\/2024-05-02\/081934.html\">DW<\/a><\/p>\n","protected":false},"excerpt":{"rendered":"<p>El resultado se explica principalmente por el desempe\u00f1o de la miner\u00eda, \u00abcompensado por las ca\u00eddas del comercio y la industria\u00bb, inform\u00f3 el Banco Central. El dato del tercer mes del a\u00f1o \u00abno es una sorpresa: la econom\u00eda chilena sigue en una fase de expansi\u00f3n\u00bb, coment\u00f3 el Presidente Boric en su entrevista con Archi. El&nbsp;Indicador Mensual [&hellip;]<\/p>\n","protected":false},"author":1,"featured_media":10639,"comment_status":"closed","ping_status":"closed","sticky":false,"template":"","format":"standard","meta":{"footnotes":""},"categories":[16,2],"tags":[],"class_list":["post-10638","post","type-post","status-publish","format-standard","has-post-thumbnail","hentry","category-internet","category-portada"],"_links":{"self":[{"href":"https:\/\/ciudadliberal.cl\/index.php?rest_route=\/wp\/v2\/posts\/10638","targetHints":{"allow":["GET"]}}],"collection":[{"href":"https:\/\/ciudadliberal.cl\/index.php?rest_route=\/wp\/v2\/posts"}],"about":[{"href":"https:\/\/ciudadliberal.cl\/index.php?rest_route=\/wp\/v2\/types\/post"}],"author":[{"embeddable":true,"href":"https:\/\/ciudadliberal.cl\/index.php?rest_route=\/wp\/v2\/users\/1"}],"replies":[{"embeddable":true,"href":"https:\/\/ciudadliberal.cl\/index.php?rest_route=%2Fwp%2Fv2%2Fcomments&post=10638"}],"version-history":[{"count":1,"href":"https:\/\/ciudadliberal.cl\/index.php?rest_route=\/wp\/v2\/posts\/10638\/revisions"}],"predecessor-version":[{"id":10640,"href":"https:\/\/ciudadliberal.cl\/index.php?rest_route=\/wp\/v2\/posts\/10638\/revisions\/10640"}],"wp:featuredmedia":[{"embeddable":true,"href":"https:\/\/ciudadliberal.cl\/index.php?rest_route=\/wp\/v2\/media\/10639"}],"wp:attachment":[{"href":"https:\/\/ciudadliberal.cl\/index.php?rest_route=%2Fwp%2Fv2%2Fmedia&parent=10638"}],"wp:term":[{"taxonomy":"category","embeddable":true,"href":"https:\/\/ciudadliberal.cl\/index.php?rest_route=%2Fwp%2Fv2%2Fcategories&post=10638"},{"taxonomy":"post_tag","embeddable":true,"href":"https:\/\/ciudadliberal.cl\/index.php?rest_route=%2Fwp%2Fv2%2Ftags&post=10638"}],"curies":[{"name":"wp","href":"https:\/\/api.w.org\/{rel}","templated":true}]}}