{"id":10635,"date":"2024-04-30T11:03:16","date_gmt":"2024-04-30T15:03:16","guid":{"rendered":"https:\/\/ciudadliberal.cl\/?p=10635"},"modified":"2024-04-30T11:03:18","modified_gmt":"2024-04-30T15:03:18","slug":"meloni-anuncio-candidatura-a-las-elecciones-europeas-como-un-plebiscito-a-su-gobierno","status":"publish","type":"post","link":"https:\/\/ciudadliberal.cl\/?p=10635","title":{"rendered":"Meloni anunci\u00f3 candidatura a las elecciones europeas como un plebiscito a su gobierno"},"content":{"rendered":"\n<p>La primer ministra italiana se\u00f1al\u00f3 que su objetivo es que su partido Hermano de Italia \u00abtenga un rol decisivo para un cambio de rumbo\u00bb de las pol\u00edticas europeas.<\/p>\n\n\n\n<p>La pol\u00edtica abog\u00f3 por un acercamiento de los partidos de derecha y conservadores para \u00abmandar a la oposici\u00f3n\u00bb a la izquierda.<\/p>\n\n\n\n<p>La primera ministra italiana,&nbsp;<strong>Giorgia Meloni<\/strong>, anunci\u00f3 este domingo su candidatura a las&nbsp;<strong>elecciones europeas de junio<\/strong>&nbsp;con su partido ultraderechista Hermanos de Italia (HdI) y lo plante\u00f3 como un&nbsp;<strong>plebiscito sobre su gesti\u00f3n<\/strong>&nbsp;tras un a\u00f1o y medio en el poder.<\/p>\n\n\n\n<p>\u00abEstamos ante una batalla decisiva que no permite errores. Todos debemos estar preparados a hacer nuestra parte y yo, como siempre, pretendo hacer la m\u00eda.&nbsp;<strong>He decidido concurrir encabezando las listas de HdI en todas las circunscripciones<\/strong>\u00ab, proclam\u00f3 en un acto electoral de su formaci\u00f3n en la ciudad de Pescara (centro).<\/p>\n\n\n\n<p>Este tipo de\u00a0<strong>candidaturas &#8216;falsas&#8217; o &#8216;de fachada&#8217;<\/strong>\u00a0responden a una estrategia en la pol\u00edtica italiana dirigida b\u00e1sicamente a\u00a0<strong>atraer votos<\/strong>, pues a buen seguro\u00a0<strong>Meloni no renunciar\u00e1 al Gobierno en Roma por su esca\u00f1o en el Parlamento Europeo<\/strong>\u00a0(cargos incompatibles).<\/p>\n\n\n\n<p>Lo mismo han hecho la secretaria del Partido Dem\u00f3crata (PD) y jefa de la oposici\u00f3n,&nbsp;<strong>Elly Schlein<\/strong>, y el jefe de la conservadora Forza Italia (FI) y actual vicepresidente,&nbsp;<strong>Antonio Tajani<\/strong>.<\/p>\n\n\n\n<p>En cualquier caso, la primera ministra ultraderechista avanz\u00f3 que \u00ab<strong>no gastar\u00e1 un solo minuto de la actividad gubernamental en hacer campa\u00f1a electoral<\/strong>\u00ab, por lo que pidi\u00f3 la ayuda de su formaci\u00f3n.<\/p>\n\n\n\n<p>\u00abDefenderemos tambi\u00e9n en la Uni\u00f3n Europea&nbsp;<strong>nuestras excelencias, nuestras fronteras y nuestra identidad<\/strong>. Tambi\u00e9n esta vez dir\u00e1n que estamos locos, que es un reto imposible de lograr. Nos han dado por derrotados muchas veces, dec\u00edan que est\u00e1bamos destinados a desaparecer. Dejad que hablen\u00bb, ret\u00f3 ante sus fieles.<\/p>\n\n\n\n<p>Meloni adem\u00e1s plante\u00f3 su candidatura como un plebiscito sobre su gesti\u00f3n, despu\u00e9s de a\u00f1o y medio gobernando el pa\u00eds en coalici\u00f3n con sus socios de FI y de la ultraderechista Liga de Matteo Salvini.<\/p>\n\n\n\n<p>\u00ab<strong>Lo hago porque quiero preguntar a los italianos si est\u00e1n satisfechos del trabajo que estamos haciendo en Italia y en Europa<\/strong>\u00ab, declar\u00f3.<\/p>\n\n\n\n<p>La pol\u00edtica italiana tambi\u00e9n es la l\u00edder del grupo de los&nbsp;<strong>Conservadores y Reformistas Europeos<\/strong>&nbsp;(ECR), el del partido espa\u00f1ol Vox, y dijo que su objetivo en los comicios es que su partido \u00abtenga un&nbsp;<strong>rol decisivo para un cambio de rumbo<\/strong>\u00bb de las pol\u00edticas europeas.<\/p>\n\n\n\n<p>En este sentido, abog\u00f3 por un acercamiento de los partidos de la derecha y conservadores europeos, siguiendo el actual modelo del Gobierno italiano (Meloni del ECR, Tajani del Partido Popular Europeo y Salvini de los ultraderechistas Identidad y Democracia).<\/p>\n\n\n\n<p>El objetivo ser\u00e1&nbsp;<strong>\u00abmandar a la oposici\u00f3n\u00bb a la izquierda europea<\/strong>&nbsp;y romper la tradicional alianza con los populares.<\/p>\n\n\n\n<p>\u00abQueremos crear una mayor\u00eda que una a las fuerzas de centroderecha y mandar a la oposici\u00f3n a la izquierda tambi\u00e9n en la Uni\u00f3n Europa. Ser\u00e1 dif\u00edcil, pero es posible y debemos intentarlo\u00bb, declar\u00f3.<\/p>\n\n\n\n<p>Los sondeos -el \u00faltimo de &#8216;Euromedia Research&#8217;-&nbsp;<strong>mantienen al partido de Meloni a la cabeza<\/strong>, con alrededor del<strong>&nbsp;27 % de los votos<\/strong>, en l\u00ednea con los resultados de las generales de octubre de 2022, seguido (20,3 %) por el PD y el Movimiento Cinco Estrellas (16,8 %).<\/p>\n\n\n\n<p>Asimismo, confirman un&nbsp;<strong>ajustado &#8216;sorpaso&#8217;<\/strong>&nbsp;entre socios en la coalici\u00f3n derechista: FI crecer\u00eda hasta el 8,7 % de los votos, a un a\u00f1o de la muerte de Silvio Berlusconi, superando a la Liga (8,5 %) de Salvini, una tendencia percibida en los \u00faltimos comicios locales.<\/p>\n\n\n\n<p>Meloni termin\u00f3 el acto pidiendo el voto a los italianos y declar\u00e1ndose \u00abuna persona del pueblo\u00bb.<\/p>\n\n\n\n<p>\u00abMe siento orgullosa de que la mayor parte de los ciudadanos que se dirige a m\u00ed lo haga llam\u00e1ndome Giorgia. Yo fui ridiculizada durante a\u00f1os por mis or\u00edgenes populares (&#8230;)\u00a0<strong>Pero me enorgullece ser una persona de pueblo. Yo siempre ser\u00e9 una de vosotros, el poder no me cambiar\u00e1, los palacios no me aislar\u00e1n<\/strong>\u00ab, prometi\u00f3.<\/p>\n\n\n\n<p><\/p>\n\n\n\n<p>V\u00eda: <a href=\"https:\/\/www.cooperativa.cl\/noticias\/mundo\/italia\/meloni-anuncio-candidatura-a-las-elecciones-europeas-como-un-plebiscito\/2024-04-28\/163806.html\">Cooperativa<\/a><\/p>\n","protected":false},"excerpt":{"rendered":"<p>La primer ministra italiana se\u00f1al\u00f3 que su objetivo es que su partido Hermano de Italia \u00abtenga un rol decisivo para un cambio de rumbo\u00bb de las pol\u00edticas europeas. La pol\u00edtica abog\u00f3 por un acercamiento de los partidos de derecha y conservadores para \u00abmandar a la oposici\u00f3n\u00bb a la izquierda. La primera ministra italiana,&nbsp;Giorgia Meloni, anunci\u00f3 [&hellip;]<\/p>\n","protected":false},"author":1,"featured_media":10636,"comment_status":"closed","ping_status":"closed","sticky":false,"template":"","format":"standard","meta":{"footnotes":""},"categories":[14,2],"tags":[],"class_list":["post-10635","post","type-post","status-publish","format-standard","has-post-thumbnail","hentry","category-entertainment","category-portada"],"_links":{"self":[{"href":"https:\/\/ciudadliberal.cl\/index.php?rest_route=\/wp\/v2\/posts\/10635","targetHints":{"allow":["GET"]}}],"collection":[{"href":"https:\/\/ciudadliberal.cl\/index.php?rest_route=\/wp\/v2\/posts"}],"about":[{"href":"https:\/\/ciudadliberal.cl\/index.php?rest_route=\/wp\/v2\/types\/post"}],"author":[{"embeddable":true,"href":"https:\/\/ciudadliberal.cl\/index.php?rest_route=\/wp\/v2\/users\/1"}],"replies":[{"embeddable":true,"href":"https:\/\/ciudadliberal.cl\/index.php?rest_route=%2Fwp%2Fv2%2Fcomments&post=10635"}],"version-history":[{"count":1,"href":"https:\/\/ciudadliberal.cl\/index.php?rest_route=\/wp\/v2\/posts\/10635\/revisions"}],"predecessor-version":[{"id":10637,"href":"https:\/\/ciudadliberal.cl\/index.php?rest_route=\/wp\/v2\/posts\/10635\/revisions\/10637"}],"wp:featuredmedia":[{"embeddable":true,"href":"https:\/\/ciudadliberal.cl\/index.php?rest_route=\/wp\/v2\/media\/10636"}],"wp:attachment":[{"href":"https:\/\/ciudadliberal.cl\/index.php?rest_route=%2Fwp%2Fv2%2Fmedia&parent=10635"}],"wp:term":[{"taxonomy":"category","embeddable":true,"href":"https:\/\/ciudadliberal.cl\/index.php?rest_route=%2Fwp%2Fv2%2Fcategories&post=10635"},{"taxonomy":"post_tag","embeddable":true,"href":"https:\/\/ciudadliberal.cl\/index.php?rest_route=%2Fwp%2Fv2%2Ftags&post=10635"}],"curies":[{"name":"wp","href":"https:\/\/api.w.org\/{rel}","templated":true}]}}