{"id":10549,"date":"2024-04-01T19:09:45","date_gmt":"2024-04-01T23:09:45","guid":{"rendered":"https:\/\/ciudadliberal.cl\/?p=10549"},"modified":"2024-04-01T19:09:46","modified_gmt":"2024-04-01T23:09:46","slug":"iran-prometio-castigar-a-israel-por-destruir-su-consulado-en-siria","status":"publish","type":"post","link":"https:\/\/ciudadliberal.cl\/?p=10549","title":{"rendered":"Ir\u00e1n prometi\u00f3 castigar a Israel por destruir su consulado en Siria"},"content":{"rendered":"\n<p>Las autoridades sirias acusaron al \u00abenemigo israel\u00ed\u00bb de lanzar un bombardeo contra el edificio mediante cazas F-35 que dispararon seis misiles.<\/p>\n\n\n\n<p>En el lugar se encontraba el embajador de Ir\u00e1n, Hossein Akbari, quien dijo que \u00abel r\u00e9gimen sionista act\u00faa contra las leyes internacionales, por lo que recibir\u00e1 una dura respuesta\u00bb.<\/p>\n\n\n\n<p><strong>Ir\u00e1n prometi\u00f3 una dura respuesta&nbsp;<a href=\"https:\/\/www.cooperativa.cl\/noticias\/mundo\/medio-oriente\/conflicto-israel-palestina\/israel-cumple-dos-semanas-de-operacion-en-el-hospital-shifa-con-combates\/2024-03-31\/111023.html\">contra Israel<\/a>&nbsp;por bombardear y destruir su consulado en Damasco<\/strong>, capital de Siria, donde resid\u00eda el embajador iran\u00ed, que result\u00f3 ileso, pero que caus\u00f3&nbsp;<strong>al menos ocho muertos<\/strong>, entre ellos un importante general de brigada de la Guardia Revolucionaria.<\/p>\n\n\n\n<p>En uno de los golpes m\u00e1s duros a Ir\u00e1n de los \u00faltimos a\u00f1os en Siria, el embajador de Ir\u00e1n en este pa\u00eds,&nbsp;<strong>Hossein Akbari<\/strong>, dijo que \u00ab<strong>el r\u00e9gimen sionista (Israel) act\u00faa contra las leyes internacionales<\/strong>, por lo que recibir\u00e1 una dura respuesta por nuestra parte\u00bb.<\/p>\n\n\n\n<p>\u00ab<strong>La Rep\u00fablica Isl\u00e1mica de Ir\u00e1n se reserva su derecho a tomar contramedidas<\/strong>,<strong>\u00a0y decidir\u00e1 sobre el tipo de reacci\u00f3n y castigo del agresor<\/strong>\u00ab, afirm\u00f3, por su parte, el vocero del Ministerio de Exteriores iran\u00ed,<strong>\u00a0Naser Kanani<\/strong>.<\/p>\n\n\n\n<p>Las autoridades sirias acusaron al \u00abenemigo israel\u00ed\u00bb de lanzar un bombardeo \u00abalrededor de las 17.00 de la tarde de hoy (14.00 GMT)\u00bb, desde los Altos del Gol\u00e1n ocupados por Israel contra el \u00abedificio del consulado iran\u00ed en Damasco\u00bb, seg\u00fan una fuente militar no identificada, que se\u00f1al\u00f3 que las defensas antia\u00e9reas derribaron \u00abalgunos\u00bb de los misiles lanzados.<\/p>\n\n\n\n<p>Akbari fue testigo desde la ventana de la embajada del ataque contra el consulado, que seg\u00fan \u00e9l, se llev\u00f3 a cabo con&nbsp;<strong>cazas F-35 que dispararon seis misiles contra las instalaciones iran\u00edes<\/strong>.<\/p>\n\n\n\n<p>El Observatorio Sirio de Derechos Humanos se\u00f1al\u00f3 que<strong>&nbsp;al menos ocho personas murieron<\/strong>, entre ellos Mohamed Reza Zahedi, identificado como l\u00edder de las fuerzas Quds (una de las ramas de la Guardia Revolucionaria) en Siria y el L\u00edbano, as\u00ed como otros dos asesores y cinco miembros de la entidad paramilitar iran\u00ed.<\/p>\n\n\n\n<p>Fuentes cercanas a la embajada iran\u00ed dijeron a&nbsp;<em>EFE<\/em>&nbsp;bajo condici\u00f3n de anonimato que&nbsp;<strong>murieron altos cargos iran\u00edes en Siria y el L\u00edbano<\/strong>, como Zahedi, su asistente identificado por medios iran\u00edes como el general Mohammad Haji Rahimi, as\u00ed como el agregado militar de la embajada iran\u00ed en Damasco, entre otros.<\/p>\n\n\n\n<p><strong>Se trata del ataque m\u00e1s sangriento contra militares iran\u00edes en Siria en lo que va de 2024<\/strong>, donde hasta la fecha se hab\u00edan contabilizado ocho muertos por bombardeos israel\u00edes, entre ellos dos generales de la Guardia Revolucionaria.<\/p>\n\n\n\n<p>Ir\u00e1n ha sido un aliado clave de Damasco en la guerra en Siria, donde Teher\u00e1n ha enviado soldados y asesores militares, y es un enemigo ac\u00e9rrimo de Israel, pa\u00eds con el que compite por la hegemon\u00eda regional.<\/p>\n\n\n\n<p><\/p>\n\n\n\n<p>V\u00eda: <a href=\"https:\/\/www.cooperativa.cl\/noticias\/mundo\/iran\/relaciones-exteriores\/iran-prometio-castigar-a-israel-por-destruir-su-consulado-en-siria\/2024-04-01\/155125.html\">Cooperativa<\/a><\/p>\n","protected":false},"excerpt":{"rendered":"<p>Las autoridades sirias acusaron al \u00abenemigo israel\u00ed\u00bb de lanzar un bombardeo contra el edificio mediante cazas F-35 que dispararon seis misiles. En el lugar se encontraba el embajador de Ir\u00e1n, Hossein Akbari, quien dijo que \u00abel r\u00e9gimen sionista act\u00faa contra las leyes internacionales, por lo que recibir\u00e1 una dura respuesta\u00bb. Ir\u00e1n prometi\u00f3 una dura respuesta&nbsp;contra [&hellip;]<\/p>\n","protected":false},"author":1,"featured_media":10550,"comment_status":"closed","ping_status":"closed","sticky":false,"template":"","format":"standard","meta":{"footnotes":""},"categories":[14,2],"tags":[],"class_list":["post-10549","post","type-post","status-publish","format-standard","has-post-thumbnail","hentry","category-entertainment","category-portada"],"_links":{"self":[{"href":"https:\/\/ciudadliberal.cl\/index.php?rest_route=\/wp\/v2\/posts\/10549","targetHints":{"allow":["GET"]}}],"collection":[{"href":"https:\/\/ciudadliberal.cl\/index.php?rest_route=\/wp\/v2\/posts"}],"about":[{"href":"https:\/\/ciudadliberal.cl\/index.php?rest_route=\/wp\/v2\/types\/post"}],"author":[{"embeddable":true,"href":"https:\/\/ciudadliberal.cl\/index.php?rest_route=\/wp\/v2\/users\/1"}],"replies":[{"embeddable":true,"href":"https:\/\/ciudadliberal.cl\/index.php?rest_route=%2Fwp%2Fv2%2Fcomments&post=10549"}],"version-history":[{"count":1,"href":"https:\/\/ciudadliberal.cl\/index.php?rest_route=\/wp\/v2\/posts\/10549\/revisions"}],"predecessor-version":[{"id":10551,"href":"https:\/\/ciudadliberal.cl\/index.php?rest_route=\/wp\/v2\/posts\/10549\/revisions\/10551"}],"wp:featuredmedia":[{"embeddable":true,"href":"https:\/\/ciudadliberal.cl\/index.php?rest_route=\/wp\/v2\/media\/10550"}],"wp:attachment":[{"href":"https:\/\/ciudadliberal.cl\/index.php?rest_route=%2Fwp%2Fv2%2Fmedia&parent=10549"}],"wp:term":[{"taxonomy":"category","embeddable":true,"href":"https:\/\/ciudadliberal.cl\/index.php?rest_route=%2Fwp%2Fv2%2Fcategories&post=10549"},{"taxonomy":"post_tag","embeddable":true,"href":"https:\/\/ciudadliberal.cl\/index.php?rest_route=%2Fwp%2Fv2%2Ftags&post=10549"}],"curies":[{"name":"wp","href":"https:\/\/api.w.org\/{rel}","templated":true}]}}