{"id":10544,"date":"2024-04-01T18:23:59","date_gmt":"2024-04-01T22:23:59","guid":{"rendered":"https:\/\/ciudadliberal.cl\/?p=10544"},"modified":"2024-04-01T18:24:00","modified_gmt":"2024-04-01T22:24:00","slug":"miles-protestan-contra-netanyahu-piden-adelantar-elecciones","status":"publish","type":"post","link":"https:\/\/ciudadliberal.cl\/?p=10544","title":{"rendered":"Miles protestan contra Netanyahu, piden adelantar elecciones"},"content":{"rendered":"\n<p>La protesta aglutin\u00f3 a diversos movimientos y grupos israel\u00edes para pedir la dimisi\u00f3n del mandatario israel\u00ed, que descart\u00f3 tambi\u00e9n una elecci\u00f3n anticipada.<\/p>\n\n\n\n<p><a href=\"https:\/\/www.facebook.com\/sharer\/sharer.php?u=https:\/\/p.dw.com\/p\/4eIsr%3Fmaca%3Des-Facebook-sharing\" target=\"_blank\" rel=\"noreferrer noopener\"><\/a><a href=\"https:\/\/twitter.com\/intent\/tweet?source=webclient&amp;text=Miles%20protestan%20contra%20Netanyahu%2C%20piden%20adelantar%20elecciones+https:\/\/p.dw.com\/p\/4eIsr%3Fmaca%3Des-Twitter-sharing\" target=\"_blank\" rel=\"noreferrer noopener\"><\/a><\/p>\n\n\n\n<p>Miles de personas se congregaron en&nbsp;<a href=\"https:\/\/www.dw.com\/es\/jerusal%C3%A9n\/t-41664611\">Jerusal\u00e9n<\/a>&nbsp;el domingo (31.03.2024)&nbsp; para protestar contra el gobierno del primer ministro de&nbsp;<a href=\"https:\/\/www.dw.com\/es\/israel\/t-17412656\">Israel<\/a>,&nbsp;<a href=\"https:\/\/www.dw.com\/es\/netanyahu-benjam%C3%ADn\/t-17409566\">Benjam\u00edn Netanyahu<\/a>, y para pedir la celebraci\u00f3n de elecciones anticipadas en el pa\u00eds ante su gesti\u00f3n de la guerra en la&nbsp;<a href=\"https:\/\/www.dw.com\/es\/franja-de-gaza\/t-67111647\">Franja de Gaza<\/a>, que se acerca a los seis meses.<\/p>\n\n\n\n<p>Por primera vez, a las protestas antigubernamentales se unieron adem\u00e1s familiares de los rehenes secuestrados por el grupo terrorista Ham\u00e1s en la Franja de Gaza, que reclamaron un acuerdo que facilite la liberaci\u00f3n de los 130 cautivos que a\u00fan permanecen en el enclave.<\/p>\n\n\n\n<p>\u00abSi no puede traerlos de vuelta, d\u00e9 un paso al lado, v\u00e1yase. Necesitamos a alguien en su lugar que s\u00ed pueda hacerlo\u00bb, afirm\u00f3 durante la protesta la hija de Hanna Katzir, una de las rehenes liberadas durante la tregua de siete d\u00edas acordada entre Israel y Ham\u00e1s el pasado noviembre.<\/p>\n\n\n\n<h2 class=\"wp-block-heading\">Rechaza adelantar comicios<\/h2>\n\n\n\n<p>Netanyahu&nbsp;dijo a los medios, al mismo tiempo que ten\u00eda lugar la marcha, que convocar a elecciones anticipadas solo servir\u00eda para paralizar las negociaciones para liberar a los secuestrados. \u00abEl primero en agradecerlo ser\u00eda Ham\u00e1s\u00bb, aleg\u00f3.<\/p>\n\n\n\n<p>Asegur\u00f3 adem\u00e1s que hace todo lo posible para traer de vuelta a los rehenes, pero&nbsp; las exigencias del grupo islamista en las negociaciones en Doha (Catar) \u00abson un peligro para la seguridad nacional\u00bb.<\/p>\n\n\n\n<p>Los manifestantes no lo ven igual. \u00abNetanyahu no quiere que los rehenes vuelvan a casa porque sabe que en ese caso tendr\u00eda que hacer frente a juicios pendientes y puede ir a la c\u00e1rcel. Por eso, est\u00e1 prolongando tanto esta guerra\u00bb, dijo Maya Gal, de 70 a\u00f1os y que hoy\u00a0particip\u00f3 en la marcha.<\/p>\n\n\n\n<figure class=\"wp-block-image size-large\"><img loading=\"lazy\" decoding=\"async\" width=\"1024\" height=\"576\" src=\"https:\/\/ciudadliberal.cl\/wp-content\/uploads\/2024\/04\/image-1024x576.png\" alt=\"\" class=\"wp-image-10545\" srcset=\"https:\/\/ciudadliberal.cl\/wp-content\/uploads\/2024\/04\/image-1024x576.png 1024w, https:\/\/ciudadliberal.cl\/wp-content\/uploads\/2024\/04\/image-300x169.png 300w, https:\/\/ciudadliberal.cl\/wp-content\/uploads\/2024\/04\/image-768x432.png 768w, https:\/\/ciudadliberal.cl\/wp-content\/uploads\/2024\/04\/image-747x420.png 747w, https:\/\/ciudadliberal.cl\/wp-content\/uploads\/2024\/04\/image-640x360.png 640w, https:\/\/ciudadliberal.cl\/wp-content\/uploads\/2024\/04\/image-681x383.png 681w, https:\/\/ciudadliberal.cl\/wp-content\/uploads\/2024\/04\/image.png 1110w\" sizes=\"auto, (max-width: 1024px) 100vw, 1024px\" \/><\/figure>\n\n\n\n<p>Seg\u00fan Maya, al mandatario \u00abno le importan ni los soldados ni los rehenes, solo sus intereses pol\u00edticos\u00bb.<\/p>\n\n\n\n<p>El jefe de la oposici\u00f3n a Netanyahu, Yair Lapid, critic\u00f3 la decisi\u00f3n oficial de no cancelar el receso de primavera de la Kn\u00e9set (Parlamento), que dura seis semanas y comenzar\u00e1 el pr\u00f3ximo 7 de abril.<\/p>\n\n\n\n<p>\u00abNo tenemos receso para la gente que est\u00e1 luchando en Gaza. \u00bfPor qu\u00e9 deber\u00eda la Kn\u00e9set irse de vacaciones en un momento as\u00ed?\u00bb, dijo Lapid durante un discurso en la manifestaci\u00f3n.<\/p>\n\n\n\n<p>La protesta aglutin\u00f3 a diversos movimientos y grupos israel\u00edes para pedir la dimisi\u00f3n del mandatario. Entre ellos, decenas de soldados en la reserva del ej\u00e9rcito que se congregaron en el barrio ultraortodoxo de Mea Shearim, donde pidieron que se reclute a los estudiantes de yeshiv\u00e1 (escuelas talm\u00fadicas).<\/p>\n\n\n\n<figure class=\"wp-block-image size-large\"><img loading=\"lazy\" decoding=\"async\" width=\"1024\" height=\"576\" src=\"https:\/\/ciudadliberal.cl\/wp-content\/uploads\/2024\/04\/image-1-1024x576.png\" alt=\"\" class=\"wp-image-10546\" srcset=\"https:\/\/ciudadliberal.cl\/wp-content\/uploads\/2024\/04\/image-1-1024x576.png 1024w, https:\/\/ciudadliberal.cl\/wp-content\/uploads\/2024\/04\/image-1-300x169.png 300w, https:\/\/ciudadliberal.cl\/wp-content\/uploads\/2024\/04\/image-1-768x432.png 768w, https:\/\/ciudadliberal.cl\/wp-content\/uploads\/2024\/04\/image-1-747x420.png 747w, https:\/\/ciudadliberal.cl\/wp-content\/uploads\/2024\/04\/image-1-640x360.png 640w, https:\/\/ciudadliberal.cl\/wp-content\/uploads\/2024\/04\/image-1-681x383.png 681w, https:\/\/ciudadliberal.cl\/wp-content\/uploads\/2024\/04\/image-1.png 1110w\" sizes=\"auto, (max-width: 1024px) 100vw, 1024px\" \/><\/figure>\n\n\n\n<p>Desde hace d\u00e9cadas, los j\u00f3venes ultraortodoxos en edad militar han podido evitar ser reclutados si estaban inscritos en colegios donde estudian la Tor\u00e1 y, a trav\u00e9s de extensiones anuales, consegu\u00edan llegar hasta los 26 a\u00f1os, actual edad de exenci\u00f3n militar, sin tener que alistarse.<\/p>\n\n\n\n<p>Pero una disposici\u00f3n gubernamental, aprobada en junio de 2023, expira a la medianoche de este domingo, con lo que los ultraortodoxos pueden comenzar a ser reclutados ma\u00f1ana lunes.<\/p>\n\n\n\n<h2 class=\"wp-block-heading\">Netanyahu&nbsp;operado \u00abexitosamente\u00bb<\/h2>\n\n\n\n<p>Mientras transcurr\u00edan las orotestas, el primer ministro israel\u00ed fue operado \u00abexitosamente\u00bb de una hernia, seg\u00fan inform\u00f3 su despacho en un comunicado emitido el lunes.<\/p>\n\n\n\n<p>Netanyahu est\u00e1 \u00aben buena forma y comenzando a recuperarse\u00bb, indic\u00f3 su oficina al final de la cirug\u00eda la noche del domingo.<\/p>\n\n\n\n<p><\/p>\n\n\n\n<p>V\u00eda: <a href=\"https:\/\/www.dw.com\/es\/miles-protestan-contra-netanyahu-piden-elecciones-anticipadas-y-retorno-de-rehenes\/a-68711057\">DW<\/a><\/p>\n\n\n\n<p><a href=\"\/\/p.dw.com\/p\/4eIsr%3Fmaca%3Des-Whatsapp-sharing\" target=\"_blank\" rel=\"noreferrer noopener\"><\/a><a href=\"mailto:?body=https:\/\/p.dw.com\/p\/4eIsr%3Fmaca%3Des-EMail-sharing&amp;subject=Miles%20protestan%20contra%20Netanyahu%2C%20piden%20adelantar%20elecciones\" target=\"_blank\" rel=\"noreferrer noopener\"><\/a><a href=\"https:\/\/meneame.net\/submit.php?url=https:\/\/p.dw.com\/p\/4eIsr%3Fmaca%3Des-Meneame-sharing\" target=\"_blank\" rel=\"noreferrer noopener\"><\/a><a href=\"\/\/share\/?link=https:\/\/p.dw.com\/p\/4eIsr%3Fmaca%3Des-Facebook%20messenger-sharing\" target=\"_blank\" rel=\"noreferrer noopener\"><\/a><a href=\"https:\/\/www.linkedin.com\/shareArticle?mini=true&amp;url=https:\/\/p.dw.com\/p\/4eIsr%3Fmaca%3Des-linkedin-sharing&amp;title=Miles%20protestan%20contra%20Netanyahu%2C%20piden%20adelantar%20elecciones&amp;source=DW.COM\" target=\"_blank\" rel=\"noreferrer noopener\"><\/a><a href=\"sms:?&amp;body=https:\/\/p.dw.com\/p\/4eIsr%3Fmaca%3Des-SMS-sharing\" target=\"_blank\" rel=\"noreferrer noopener\"><\/a><\/p>\n","protected":false},"excerpt":{"rendered":"<p>La protesta aglutin\u00f3 a diversos movimientos y grupos israel\u00edes para pedir la dimisi\u00f3n del mandatario israel\u00ed, que descart\u00f3 tambi\u00e9n una elecci\u00f3n anticipada. Miles de personas se congregaron en&nbsp;Jerusal\u00e9n&nbsp;el domingo (31.03.2024)&nbsp; para protestar contra el gobierno del primer ministro de&nbsp;Israel,&nbsp;Benjam\u00edn Netanyahu, y para pedir la celebraci\u00f3n de elecciones anticipadas en el pa\u00eds ante su gesti\u00f3n de [&hellip;]<\/p>\n","protected":false},"author":1,"featured_media":10547,"comment_status":"closed","ping_status":"closed","sticky":false,"template":"","format":"standard","meta":{"footnotes":""},"categories":[14,2],"tags":[],"class_list":["post-10544","post","type-post","status-publish","format-standard","has-post-thumbnail","hentry","category-entertainment","category-portada"],"_links":{"self":[{"href":"https:\/\/ciudadliberal.cl\/index.php?rest_route=\/wp\/v2\/posts\/10544","targetHints":{"allow":["GET"]}}],"collection":[{"href":"https:\/\/ciudadliberal.cl\/index.php?rest_route=\/wp\/v2\/posts"}],"about":[{"href":"https:\/\/ciudadliberal.cl\/index.php?rest_route=\/wp\/v2\/types\/post"}],"author":[{"embeddable":true,"href":"https:\/\/ciudadliberal.cl\/index.php?rest_route=\/wp\/v2\/users\/1"}],"replies":[{"embeddable":true,"href":"https:\/\/ciudadliberal.cl\/index.php?rest_route=%2Fwp%2Fv2%2Fcomments&post=10544"}],"version-history":[{"count":1,"href":"https:\/\/ciudadliberal.cl\/index.php?rest_route=\/wp\/v2\/posts\/10544\/revisions"}],"predecessor-version":[{"id":10548,"href":"https:\/\/ciudadliberal.cl\/index.php?rest_route=\/wp\/v2\/posts\/10544\/revisions\/10548"}],"wp:featuredmedia":[{"embeddable":true,"href":"https:\/\/ciudadliberal.cl\/index.php?rest_route=\/wp\/v2\/media\/10547"}],"wp:attachment":[{"href":"https:\/\/ciudadliberal.cl\/index.php?rest_route=%2Fwp%2Fv2%2Fmedia&parent=10544"}],"wp:term":[{"taxonomy":"category","embeddable":true,"href":"https:\/\/ciudadliberal.cl\/index.php?rest_route=%2Fwp%2Fv2%2Fcategories&post=10544"},{"taxonomy":"post_tag","embeddable":true,"href":"https:\/\/ciudadliberal.cl\/index.php?rest_route=%2Fwp%2Fv2%2Ftags&post=10544"}],"curies":[{"name":"wp","href":"https:\/\/api.w.org\/{rel}","templated":true}]}}