{"id":10471,"date":"2024-03-01T20:56:42","date_gmt":"2024-03-02T00:56:42","guid":{"rendered":"https:\/\/ciudadliberal.cl\/?p=10471"},"modified":"2024-03-01T20:56:44","modified_gmt":"2024-03-02T00:56:44","slug":"ee-uu-anuncia-lanzamientos-aereos-de-alimentos-sobre-gaza","status":"publish","type":"post","link":"https:\/\/ciudadliberal.cl\/?p=10471","title":{"rendered":"EE.UU. anuncia lanzamientos a\u00e9reos de alimentos sobre Gaza"},"content":{"rendered":"\n<p>El presidente Joe Biden plante\u00f3 adem\u00e1s la posible apertura de un corredor mar\u00edtimo para facilitar la entrada de ayuda humanitaria en el enclave.<\/p>\n\n\n\n<p><a href=\"https:\/\/www.facebook.com\/sharer\/sharer.php?u=https:\/\/p.dw.com\/p\/4d62h%3Fmaca%3Des-Facebook-sharing\" target=\"_blank\" rel=\"noreferrer noopener\"><\/a><a href=\"https:\/\/twitter.com\/intent\/tweet?source=webclient&amp;text=EE.UU.%20anuncia%20lanzamientos%20a%C3%A9reos%20de%20alimentos%20sobre%20Gaza+https:\/\/p.dw.com\/p\/4d62h%3Fmaca%3Des-Twitter-sharing\" target=\"_blank\" rel=\"noreferrer noopener\"><\/a><\/p>\n\n\n\n<p>El presidente de&nbsp;<a href=\"https:\/\/www.dw.com\/es\/estados-unidos\/t-17411942\">Estados Unidos<\/a>,&nbsp;<a href=\"https:\/\/www.dw.com\/es\/joe-biden\/t-62463399\">Joe Biden<\/a>, anunci\u00f3 el viernes (01.03.2024) el pr\u00f3ximo lanzamiento a\u00e9reo de paquetes con alimentos y medicinas en la&nbsp;<a href=\"https:\/\/www.dw.com\/es\/franja-de-gaza\/t-67111647\">Franja de Gaza<\/a>&nbsp;y abri\u00f3 la posibilidad de abrir un corredor mar\u00edtimo para facilitar la entrada de&nbsp;<a href=\"https:\/\/www.dw.com\/es\/comisi%C3%B3n-europea-libera-pago-de-50-millones-de-euros-para-unrwa\/a-68418134\">ayuda humanitaria<\/a>&nbsp;en el enclave.<\/p>\n\n\n\n<p>\u00abLa ayuda que est\u00e1 fluyendo hacia Gaza no es suficiente. Hay vidas inocentes en juego. Hay vidas de ni\u00f1os en juego\u00bb, afirm\u00f3 el mandatario al iniciar una reuni\u00f3n en la Casa Blanca con la primera ministra italiana, Giorgia Meloni.<\/p>\n\n\n\n<p>\u00abEn los pr\u00f3ximos d\u00edas, nos uniremos a nuestros amigos de Jordania y otros para proporcionar lanzamientos a\u00e9reos de alimentos y suministros (&#8230;)\u00a0Buscaremos abrir otras v\u00edas hacia Ucrania (SIC), incluida la posibilidad de un corredor mar\u00edtimo para entregar grandes cantidades de alimentos\u00bb, afirm\u00f3\u00a0el mandatario, que se confundi\u00f3 de pa\u00eds al querer mencionar a Gaza.<\/p>\n\n\n\n<p>Biden&nbsp;dijo que insistir\u00e1 para que Israel facilite tambi\u00e9n la entrada de m\u00e1s camiones y la apertura de nuevas rutas terrestres para la entrada de ayuda&nbsp; al enclave. \u00abDeber\u00eda haber cientos de camiones, no solo unos pocos. No me quedar\u00e9 quieto. Estamos tratando de hacer todo lo posible para conseguir m\u00e1s asistencia\u00bb, expres\u00f3.<\/p>\n\n\n\n<p>Asimismo, Biden dijo que espera que \u00abpronto\u00bb se llegue a un acuerdo para la liberaci\u00f3n de los rehenes en poder del grupo terrorista&nbsp;<a href=\"https:\/\/www.dw.com\/es\/ham%C3%A1s\/t-17412524\">Ham\u00e1s<\/a>&nbsp;y un alto el fuego de seis semanas en la ofensiva israel\u00ed sobre Gaza que permita la entrada de ayuda a toda la Franja.<\/p>\n\n\n\n<p>En casi cinco meses de guerra, han muerto en la Franja m\u00e1s de 30.200 personas, incluidas los\u00a0<a href=\"https:\/\/www.dw.com\/es\/borrell-denuncia-una-nueva-carnicer%C3%ADa-en-gaza\/a-68412256\">115 gazat\u00edes que murieron ayer en un ca\u00f3tico incidente<\/a>\u00a0durante el reparto de alimentos en la ciudad de Gaza, en el que Israel admiti\u00f3 haber abierto fuego, pero achaca la cifra de v\u00edctimas a una avalancha provocada por la muchedumbre hambrienta que se abalanz\u00f3 contra los camiones.\u00a0<\/p>\n\n\n\n<p><\/p>\n\n\n\n<p>V\u00eda: <a href=\"https:\/\/www.dw.com\/es\/eeuu-anuncia-lanzamientos-a%C3%A9reos-de-alimentos-sobre-gaza\/a-68423367\">DW<\/a><\/p>\n\n\n\n<p><a href=\"\/\/p.dw.com\/p\/4d62h%3Fmaca%3Des-Whatsapp-sharing\" target=\"_blank\" rel=\"noreferrer noopener\"><\/a><a href=\"mailto:?body=https:\/\/p.dw.com\/p\/4d62h%3Fmaca%3Des-EMail-sharing&amp;subject=EE.UU.%20anuncia%20lanzamientos%20a%C3%A9reos%20de%20alimentos%20sobre%20Gaza\" target=\"_blank\" rel=\"noreferrer noopener\"><\/a><a href=\"https:\/\/meneame.net\/submit.php?url=https:\/\/p.dw.com\/p\/4d62h%3Fmaca%3Des-Meneame-sharing\" target=\"_blank\" rel=\"noreferrer noopener\"><\/a><a href=\"\/\/share\/?link=https:\/\/p.dw.com\/p\/4d62h%3Fmaca%3Des-Facebook%20messenger-sharing\" target=\"_blank\" rel=\"noreferrer noopener\"><\/a><a href=\"https:\/\/www.linkedin.com\/shareArticle?mini=true&amp;url=https:\/\/p.dw.com\/p\/4d62h%3Fmaca%3Des-linkedin-sharing&amp;title=EE.UU.%20anuncia%20lanzamientos%20a%C3%A9reos%20de%20alimentos%20sobre%20Gaza&amp;source=DW.COM\" target=\"_blank\" rel=\"noreferrer noopener\"><\/a><a href=\"sms:?&amp;body=https:\/\/p.dw.com\/p\/4d62h%3Fmaca%3Des-SMS-sharing\" target=\"_blank\" rel=\"noreferrer noopener\"><\/a><\/p>\n","protected":false},"excerpt":{"rendered":"<p>El presidente Joe Biden plante\u00f3 adem\u00e1s la posible apertura de un corredor mar\u00edtimo para facilitar la entrada de ayuda humanitaria en el enclave. El presidente de&nbsp;Estados Unidos,&nbsp;Joe Biden, anunci\u00f3 el viernes (01.03.2024) el pr\u00f3ximo lanzamiento a\u00e9reo de paquetes con alimentos y medicinas en la&nbsp;Franja de Gaza&nbsp;y abri\u00f3 la posibilidad de abrir un corredor mar\u00edtimo para [&hellip;]<\/p>\n","protected":false},"author":1,"featured_media":10472,"comment_status":"closed","ping_status":"closed","sticky":false,"template":"","format":"standard","meta":{"footnotes":""},"categories":[184,14,2],"tags":[],"class_list":["post-10471","post","type-post","status-publish","format-standard","has-post-thumbnail","hentry","category-derechos-humanos","category-entertainment","category-portada"],"_links":{"self":[{"href":"https:\/\/ciudadliberal.cl\/index.php?rest_route=\/wp\/v2\/posts\/10471","targetHints":{"allow":["GET"]}}],"collection":[{"href":"https:\/\/ciudadliberal.cl\/index.php?rest_route=\/wp\/v2\/posts"}],"about":[{"href":"https:\/\/ciudadliberal.cl\/index.php?rest_route=\/wp\/v2\/types\/post"}],"author":[{"embeddable":true,"href":"https:\/\/ciudadliberal.cl\/index.php?rest_route=\/wp\/v2\/users\/1"}],"replies":[{"embeddable":true,"href":"https:\/\/ciudadliberal.cl\/index.php?rest_route=%2Fwp%2Fv2%2Fcomments&post=10471"}],"version-history":[{"count":1,"href":"https:\/\/ciudadliberal.cl\/index.php?rest_route=\/wp\/v2\/posts\/10471\/revisions"}],"predecessor-version":[{"id":10473,"href":"https:\/\/ciudadliberal.cl\/index.php?rest_route=\/wp\/v2\/posts\/10471\/revisions\/10473"}],"wp:featuredmedia":[{"embeddable":true,"href":"https:\/\/ciudadliberal.cl\/index.php?rest_route=\/wp\/v2\/media\/10472"}],"wp:attachment":[{"href":"https:\/\/ciudadliberal.cl\/index.php?rest_route=%2Fwp%2Fv2%2Fmedia&parent=10471"}],"wp:term":[{"taxonomy":"category","embeddable":true,"href":"https:\/\/ciudadliberal.cl\/index.php?rest_route=%2Fwp%2Fv2%2Fcategories&post=10471"},{"taxonomy":"post_tag","embeddable":true,"href":"https:\/\/ciudadliberal.cl\/index.php?rest_route=%2Fwp%2Fv2%2Ftags&post=10471"}],"curies":[{"name":"wp","href":"https:\/\/api.w.org\/{rel}","templated":true}]}}