{"id":10386,"date":"2023-12-20T10:54:48","date_gmt":"2023-12-20T14:54:48","guid":{"rendered":"https:\/\/ciudadliberal.cl\/?p=10386"},"modified":"2023-12-20T10:54:50","modified_gmt":"2023-12-20T14:54:50","slug":"la-ue-acuerda-una-reforma-del-pacto-de-migracion-y-asilo","status":"publish","type":"post","link":"https:\/\/ciudadliberal.cl\/?p=10386","title":{"rendered":"La UE acuerda una reforma del pacto de migraci\u00f3n y asilo"},"content":{"rendered":"\n<p>La Uni\u00f3n Europea ha conseguido finalmente cerrar un acuerdo sobre el pacto de migraci\u00f3n y asilo, con el que pretende gestionar de manera previsible y ordenada los flujos de inmigrantes que llegan a su territorio.<\/p>\n\n\n\n<p><a href=\"https:\/\/www.facebook.com\/sharer\/sharer.php?u=https:\/\/p.dw.com\/p\/4aN98%3Fmaca%3Des-Facebook-sharing\" target=\"_blank\" rel=\"noreferrer noopener\"><\/a><a href=\"https:\/\/twitter.com\/intent\/tweet?source=webclient&amp;text=La%20UE%20acuerda%20una%20reforma%20del%20pacto%20de%20migraci%C3%B3n%20y%20asilo+https:\/\/p.dw.com\/p\/4aN98%3Fmaca%3Des-Twitter-sharing\" target=\"_blank\" rel=\"noreferrer noopener\"><\/a><\/p>\n\n\n\n<p>Han hecho falta dos d\u00edas y noches de intensas negociaciones para terminar de cerrar&nbsp;<a href=\"https:\/\/www.dw.com\/es\/las-instituciones-de-la-uni%C3%B3n-europea-negocian-consenso-final-sobre-pacto-de-migraci%C3%B3n-y-asilo\/a-67653642\">los \u00faltimos escollos de un&nbsp;complejo paquete<\/a>&nbsp;legislativo que la Comisi\u00f3n Europea propuso en 2020.&nbsp;<\/p>\n\n\n\n<p>Los Estados miembros de la Uni\u00f3n Europea y los eurodiputados han alcanzado&nbsp;el mi\u00e9rcoles (20.12.2023)&nbsp; un&nbsp;<a href=\"https:\/\/www.dw.com\/es\/acuerdo-en-la-ue-sobre-la-reforma-del-pacto-migratorio\/a-66995667\">acuerdo sobre una amplia reforma de la pol\u00edtica<\/a>&nbsp;de asilo y&nbsp;<a href=\"https:\/\/www.dw.com\/es\/migraci%C3%B3n\/t-17412624\">migraci\u00f3n<\/a>&nbsp;del bloque. As\u00ed lo ha anunciado&nbsp;el vicepresidente de la Comisi\u00f3n, Margaritis Schinas.&nbsp;<\/p>\n\n\n\n<p>Esta reforma prev\u00e9 controles m\u00e1s estrictos en la llegada de migrantes a la UE, retornos en plazos m\u00e1s breves de aquellos sin derecho a asilo y un mecanismo de solidaridad obligatoria entre los Estados miembros en beneficio de los pa\u00edses bajo mayor presi\u00f3n migratoria.&nbsp;<\/p>\n\n\n\n<p>\u00a0\u00abEl Pacto de Migraci\u00f3n y Asilo es en s\u00ed un \u00e9xito en la medida en la que es un paso adelante respecto de la situaci\u00f3n insatisfactoria e insostenible de la que venimos. A partir de su entrada en vigor, por fin contaremos con una respuesta europea al hecho migratorio y sus desaf\u00edos, especialmente ante situaciones de crisis\u00bb, destac\u00f3, por su parte, Juan Fernando L\u00f3pez Aguilar, presidente de la Comisi\u00f3n europarlamentaria de Libertades Civiles, Justicia y Asuntos de Interior. MS (efe\/afp)<\/p>\n\n\n\n<p><\/p>\n\n\n\n<p>V\u00eda: <a href=\"https:\/\/www.dw.com\/es\/la-ue-logra-acordar-una-reforma-del-pacto-de-migraci%C3%B3n-y-asilo\/a-67774130\">DW<\/a><\/p>\n\n\n\n<p><a href=\"\/\/p.dw.com\/p\/4aN98%3Fmaca%3Des-Whatsapp-sharing\" target=\"_blank\" rel=\"noreferrer noopener\"><\/a><a href=\"mailto:?body=https:\/\/p.dw.com\/p\/4aN98%3Fmaca%3Des-EMail-sharing&amp;subject=La%20UE%20acuerda%20una%20reforma%20del%20pacto%20de%20migraci%C3%B3n%20y%20asilo\" target=\"_blank\" rel=\"noreferrer noopener\"><\/a><a href=\"https:\/\/meneame.net\/submit.php?url=https:\/\/p.dw.com\/p\/4aN98%3Fmaca%3Des-Meneame-sharing\" target=\"_blank\" rel=\"noreferrer noopener\"><\/a><a href=\"\/\/share\/?link=https:\/\/p.dw.com\/p\/4aN98%3Fmaca%3Des-Facebook%20messenger-sharing\" target=\"_blank\" rel=\"noreferrer noopener\"><\/a><a href=\"https:\/\/www.linkedin.com\/shareArticle?mini=true&amp;url=https:\/\/p.dw.com\/p\/4aN98%3Fmaca%3Des-linkedin-sharing&amp;title=La%20UE%20acuerda%20una%20reforma%20del%20pacto%20de%20migraci%C3%B3n%20y%20asilo&amp;source=DW.COM\" target=\"_blank\" rel=\"noreferrer noopener\"><\/a><a href=\"sms:?&amp;body=https:\/\/p.dw.com\/p\/4aN98%3Fmaca%3Des-SMS-sharing\" target=\"_blank\" rel=\"noreferrer noopener\"><\/a><\/p>\n","protected":false},"excerpt":{"rendered":"<p>La Uni\u00f3n Europea ha conseguido finalmente cerrar un acuerdo sobre el pacto de migraci\u00f3n y asilo, con el que pretende gestionar de manera previsible y ordenada los flujos de inmigrantes que llegan a su territorio. Han hecho falta dos d\u00edas y noches de intensas negociaciones para terminar de cerrar&nbsp;los \u00faltimos escollos de un&nbsp;complejo paquete&nbsp;legislativo que [&hellip;]<\/p>\n","protected":false},"author":1,"featured_media":10387,"comment_status":"closed","ping_status":"closed","sticky":false,"template":"","format":"standard","meta":{"footnotes":""},"categories":[14,2],"tags":[],"class_list":["post-10386","post","type-post","status-publish","format-standard","has-post-thumbnail","hentry","category-entertainment","category-portada"],"_links":{"self":[{"href":"https:\/\/ciudadliberal.cl\/index.php?rest_route=\/wp\/v2\/posts\/10386","targetHints":{"allow":["GET"]}}],"collection":[{"href":"https:\/\/ciudadliberal.cl\/index.php?rest_route=\/wp\/v2\/posts"}],"about":[{"href":"https:\/\/ciudadliberal.cl\/index.php?rest_route=\/wp\/v2\/types\/post"}],"author":[{"embeddable":true,"href":"https:\/\/ciudadliberal.cl\/index.php?rest_route=\/wp\/v2\/users\/1"}],"replies":[{"embeddable":true,"href":"https:\/\/ciudadliberal.cl\/index.php?rest_route=%2Fwp%2Fv2%2Fcomments&post=10386"}],"version-history":[{"count":1,"href":"https:\/\/ciudadliberal.cl\/index.php?rest_route=\/wp\/v2\/posts\/10386\/revisions"}],"predecessor-version":[{"id":10388,"href":"https:\/\/ciudadliberal.cl\/index.php?rest_route=\/wp\/v2\/posts\/10386\/revisions\/10388"}],"wp:featuredmedia":[{"embeddable":true,"href":"https:\/\/ciudadliberal.cl\/index.php?rest_route=\/wp\/v2\/media\/10387"}],"wp:attachment":[{"href":"https:\/\/ciudadliberal.cl\/index.php?rest_route=%2Fwp%2Fv2%2Fmedia&parent=10386"}],"wp:term":[{"taxonomy":"category","embeddable":true,"href":"https:\/\/ciudadliberal.cl\/index.php?rest_route=%2Fwp%2Fv2%2Fcategories&post=10386"},{"taxonomy":"post_tag","embeddable":true,"href":"https:\/\/ciudadliberal.cl\/index.php?rest_route=%2Fwp%2Fv2%2Ftags&post=10386"}],"curies":[{"name":"wp","href":"https:\/\/api.w.org\/{rel}","templated":true}]}}