{"id":10382,"date":"2023-12-14T18:58:45","date_gmt":"2023-12-14T22:58:45","guid":{"rendered":"https:\/\/ciudadliberal.cl\/?p=10382"},"modified":"2023-12-14T18:58:46","modified_gmt":"2023-12-14T22:58:46","slug":"las-10-medidas-de-shock-economico-que-impondra-milei","status":"publish","type":"post","link":"https:\/\/ciudadliberal.cl\/?p=10382","title":{"rendered":"Las 10 medidas de shock econ\u00f3mico que impondr\u00e1 Milei"},"content":{"rendered":"\n<p>El peso argentino se devaluar\u00e1 en un 50% y se reducir\u00e1n los subsidios a la energ\u00eda y al transporte.<\/p>\n\n\n\n<p>Se mantendr\u00e1n, sin embargo, los planes de ayuda estatal para desempleados, y se fortalecer\u00e1n las pol\u00edticas sociales.<\/p>\n\n\n\n<p>El paquete de \u00aburgencia\u00bb tiene como finalidad, dijo el ministro Luis Caputo, \u00abneutralizar la crisis\u00bb y evitar la hiperinflaci\u00f3n.<\/p>\n\n\n\n<p>El Gobierno argentino anunci\u00f3 una&nbsp;<strong>devaluaci\u00f3n oficial del 50% en la moneda y un paquete de \u00aburgencia\u00bb con eje en el recorte del gasto p\u00fablico<\/strong>, cuyo objetivo es estabilizar la macroeconom\u00eda y evitar una hiperinflaci\u00f3n.<\/p>\n\n\n\n<p>El&nbsp;<strong>nuevo ministro de Econom\u00eda, Luis Caputo<\/strong>, present\u00f3 la decena de medidas del plan tras hacer un diagn\u00f3stico de la severa situaci\u00f3n que atraviesa Argentina y que debe afrontar el nuevo Ejecutivo de Javier Milei. \u00ab<strong>Si seguimos como estamos, vamos inevitablemente a una hiperinflaci\u00f3n<\/strong>\u00ab, advirti\u00f3.<\/p>\n\n\n\n<p>El paquete de \u00aburgencia\u00bb tiene como finalidad, seg\u00fan indic\u00f3 Caputo, \u00ab<strong>neutralizar la crisis y lograr estabilizar las variables econ\u00f3micas<\/strong>\u00bb de Argentina, y se centra en una fuerte reducci\u00f3n del gasto del Estado con miras a lograr el equilibrio fiscal y cortar de ra\u00edz la emisi\u00f3n monetaria, causante de la elevada inflaci\u00f3n en Argentina, de acuerdo al diagn\u00f3stico del nuevo Gobierno.<\/p>\n\n\n<blockquote class=\"twitter-tweet\">\n<p lang=\"es\" dir=\"ltr\">Anuncio de Medidas de Emergencia Econ\u00f3mica<a href=\"https:\/\/t.co\/kd0h02Bu95\">https:\/\/t.co\/kd0h02Bu95<\/a><\/p>\n<p>&mdash; Ministerio de Econom\u00eda (@Economia_Ar) <a href=\"https:\/\/twitter.com\/Economia_Ar\/status\/1734694108105748699?ref_src=twsrc%5Etfw\">December 12, 2023<\/a><\/p><\/blockquote>\n<p> <script async src=\"https:\/\/platform.twitter.com\/widgets.js\" charset=\"utf-8\"><\/script><\/p>\n\n\n\n<p>Caputo advirti\u00f3 de que los pr\u00f3ximos meses ser\u00e1n dif\u00edciles en materia de precios por la \u00abherencia de inflaci\u00f3n reprimida\u00bb que deja el Gobierno de Alberto Fern\u00e1ndez, con una tasa de inflaci\u00f3n del 142,7% interanual en octubre \u00faltimo. \u00ab<strong>Vamos a estar durante unos meses peor que antes en materia de inflaci\u00f3n<\/strong>\u00ab, se\u00f1al\u00f3 el ministro.<\/p>\n\n\n\n<p>Caputo afirm\u00f3 que,&nbsp;<strong>de no adoptar estas medidas \u00aburgentes\u00bb, la pobreza, que actualmente ronda el 45% de la poblaci\u00f3n, crecer\u00e1<\/strong>&nbsp;y habr\u00e1 \u00abmayor inflaci\u00f3n y mayor sufrimiento\u00bb.<\/p>\n\n\n\n<h2 class=\"wp-block-heading\"><em><strong>LAS 10 MEDIDAS DEL PLAN<\/strong><\/em><\/h2>\n\n\n\n<p><strong>1.<\/strong>&nbsp;<strong>No se renovar\u00e1n los contratos laborales del Estado&nbsp;<\/strong>que tengan menos de un a\u00f1o de vigencia.<\/p>\n\n\n\n<p><strong>2. Se suspende por un a\u00f1o la publicidad&nbsp;<\/strong>del Gobierno nacional en los medios de comunicaci\u00f3n.<\/p>\n\n\n\n<p><strong>3.<\/strong>&nbsp;<a href=\"https:\/\/www.cooperativa.cl\/noticias\/mundo\/argentina\/politica\/los-ministros-de-javier-milei-juraron-sus-cargos-en-un-acto-sin-acceso\/2023-12-10\/203345.html\">El n\u00famero de ministerios se reduce de 18 a 9<\/a>&nbsp;y las secretar\u00edas, de 106 a 54, lo que permitir\u00e1 una&nbsp;<strong>reducci\u00f3n del 50% de los cargos jer\u00e1rquicos<\/strong>&nbsp;en la Administraci\u00f3n p\u00fablica y del 34% de los cargos pol\u00edticos totales del Estado nacional.<\/p>\n\n\n\n<p><strong>4.<\/strong>&nbsp;Se reducir\u00e1n al m\u00ednimo las transferencias del Estado nacional a las provincias.<\/p>\n\n\n\n<p><strong>5.<\/strong>&nbsp;El Estado nacional&nbsp;<strong>no va a licitar m\u00e1s obra p\u00fablica nueva<\/strong>&nbsp;y va a cancelar las licitaciones aprobadas cuyo desarrollo a\u00fan no haya comenzado.&nbsp;<strong>Las obras de infraestructura ser\u00e1n hechas por el sector privado<\/strong>.<\/p>\n\n\n\n<p><strong>6. Se reducir\u00e1n los subsidios a la energ\u00eda y el transporte<\/strong>.<\/p>\n\n\n\n<p>\u00abHoy el Estado sostiene artificialmente precios baj\u00edsimos en tarifas energ\u00e9ticas y de transporte a trav\u00e9s de subsidios\u00bb, indic\u00f3 el ministro de Econom\u00eda, y afirm\u00f3 que \u00abla pol\u00edtica siempre\u00bb ha hecho esto \u00abporque de esa forma enga\u00f1a a la gente, haci\u00e9ndole creer que les pone plata en el bolsillo\u00bb, puntualizando que&nbsp;<strong>estos subsidios \u00abno son gratis sino que se pagan con inflaci\u00f3n<\/strong>\u00ab.<\/p>\n\n\n\n<p><strong>7.<\/strong>&nbsp;Una de las medidas m\u00e1s relevantes es que el<strong><a href=\"https:\/\/www.cooperativa.cl\/noticias\/mundo\/argentina\/economia\/argentina-devalua-su-moneda-en-100-y-el-dolar-oficial-sube-a-800-pesos\/2023-12-12\/192755.html\">&nbsp;tipo de cambio oficial pasa de 400 pesos por d\u00f3lar estadounidense a 800 pesos<\/a>&nbsp;por unidad, lo que implica una devaluaci\u00f3n del peso argentino del 50%<\/strong>.<\/p>\n\n\n\n<p>\u00abVamos a sincerar el tipo de cambio oficial. Va a pasar a valer 800 pesos&nbsp;<strong>para que los sectores productivos tengan los incentivos<\/strong>&nbsp;adecuados para aumentar su producci\u00f3n\u00bb, anunci\u00f3 Caputo, quien indic\u00f3 que esta correcci\u00f3n cambiaria va \u00aba estar acompa\u00f1ada por un&nbsp;<strong>aumento provisorio\u00bb del denominado impuesto a pa\u00eds<\/strong>&nbsp;que se aplica a las importaciones y de los derechos de exportaci\u00f3n de productos no agropecuarios.<\/p>\n\n\n\n<p>\u00abDe esta manera&nbsp;<strong>beneficiamos a los exportadores con un mejor precio<\/strong>&nbsp;y equiparamos la carga fiscal para todos los sectores, dejando de discriminar al sector agropecuario\u00bb, se\u00f1al\u00f3.<\/p>\n\n\n\n<p><strong>8.<\/strong>&nbsp;Se reemplazar\u00e1 el actual sistema de regulaci\u00f3n de importaciones por un sistema estad\u00edstico que no requerir\u00e1 de la aprobaci\u00f3n previa de licencias.<\/p>\n\n\n\n<p><strong>9. Se mantendr\u00e1n los planes de ayuda estatal para desempleados<\/strong>&nbsp;(plan Potenciar Trabajo) de acuerdo a lo establecido en el Presupuesto 2023 y&nbsp;<strong>se fortalecer\u00e1n las pol\u00edticas sociales<\/strong>&nbsp;que son recibidas directamente por quienes las necesitan, como la Asignaci\u00f3n Universal por Hijo -una ayuda que paga el Estado- y la denominada Tarjeta Alimentar, que permite comprar alimentos a los sectores m\u00e1s vulnerables.<\/p>\n\n\n\n<p><strong>10.<\/strong>&nbsp;<strong>Se duplicar\u00e1 el monto de la Asignaci\u00f3n Universal por hijo y se aumentar\u00e1 en un 50% el monto de la denominada Tarjeta Alimentar<\/strong>.<\/p>\n\n\n\n<h2 class=\"wp-block-heading\"><strong><em>FMI RESPALD\u00d3 LAS MEDIDAS<\/em><\/strong><\/h2>\n\n\n\n<p>La directora de Comunicaciones del\u00a0Fondo Monetario Internacional (FMI),\u00a0<strong>Julie Kozack<\/strong>, declar\u00f3 que \u00abestas fuertes acciones iniciales\u00a0<strong>apuntan a mejorar significativamente las finanzas p\u00fablicas<\/strong>\u00a0de una manera que proteja a los m\u00e1s vulnerables de la sociedad y a fortalecer el r\u00e9gimen cambiario\u00bb.<\/p>\n\n\n<blockquote class=\"twitter-tweet\">\n<p lang=\"es\" dir=\"ltr\">Declaraci\u00f3n de la Portavoz del FMI sobre Argentina <a href=\"https:\/\/t.co\/WRG7PT3aqj\">https:\/\/t.co\/WRG7PT3aqj<\/a><\/p>\n<p>&mdash; Javier Milei (@JMilei) <a href=\"https:\/\/twitter.com\/JMilei\/status\/1734761473308533143?ref_src=twsrc%5Etfw\">December 13, 2023<\/a><\/p><\/blockquote>\n<p> <script async src=\"https:\/\/platform.twitter.com\/widgets.js\" charset=\"utf-8\"><\/script><\/p>\n\n\n\n<p>\u00abSu aplicaci\u00f3n decidida&nbsp;<strong>contribuir\u00e1 a estabilizar la econom\u00eda y a sentar las bases de un crecimiento m\u00e1s sostenible<\/strong>&nbsp;y liderado por el sector privado\u00bb, a\u00f1adi\u00f3 la vocera, quien recalc\u00f3 que \u00abel personal del FMI y las nuevas autoridades argentinas trabajar\u00e1n con celeridad en el per\u00edodo que se avecina\u00bb.<\/p>\n\n\n\n<p>\u00abTras los graves reveses en pol\u00edtica econ\u00f3mica de los \u00faltimos meses, este nuevo paquete de medidas&nbsp;<strong>constituye una buena base para proseguir las discusiones<\/strong>&nbsp;encaminadas a reconducir el actual programa respaldado por el Fondo\u00bb, concluy\u00f3.<\/p>\n\n\n\n<p>Un desaf\u00edo inmediato para Milei es&nbsp;<strong>sentarse a negociar con el FMI<\/strong>, organismo al que Argentina adeuda unos 46.000 millones de d\u00f3lares. El nuevo presidente entiende que el acuerdo de refinanciaci\u00f3n firmado en 2022 con el FMI est\u00e1 \u00abca\u00eddo\u00bb porque Argentina ha incumplido las metas fiscales de acumulaci\u00f3n de reservas y de tope a la financiaci\u00f3n del Tesoro por parte del Banco Central, establecidas en ese pacto.<\/p>\n\n\n\n<p>El cumplimiento de estos objetivos es condici\u00f3n para que el Fondo gire trimestralmente desembolsos que permiten al pa\u00eds pagar los vencimientos con el organismo y no caer en mora.<\/p>\n\n\n\n<p><\/p>\n\n\n\n<p>V\u00eda: <a href=\"https:\/\/www.cooperativa.cl\/noticias\/mundo\/argentina\/economia\/las-10-medidas-de-shock-economico-que-impondra-milei\/2023-12-13\/075928.html\">Cooperativa<\/a><\/p>\n","protected":false},"excerpt":{"rendered":"<p>El peso argentino se devaluar\u00e1 en un 50% y se reducir\u00e1n los subsidios a la energ\u00eda y al transporte. Se mantendr\u00e1n, sin embargo, los planes de ayuda estatal para desempleados, y se fortalecer\u00e1n las pol\u00edticas sociales. El paquete de \u00aburgencia\u00bb tiene como finalidad, dijo el ministro Luis Caputo, \u00abneutralizar la crisis\u00bb y evitar la hiperinflaci\u00f3n. [&hellip;]<\/p>\n","protected":false},"author":1,"featured_media":10383,"comment_status":"closed","ping_status":"closed","sticky":false,"template":"","format":"standard","meta":{"footnotes":""},"categories":[14,2],"tags":[],"class_list":["post-10382","post","type-post","status-publish","format-standard","has-post-thumbnail","hentry","category-entertainment","category-portada"],"_links":{"self":[{"href":"https:\/\/ciudadliberal.cl\/index.php?rest_route=\/wp\/v2\/posts\/10382","targetHints":{"allow":["GET"]}}],"collection":[{"href":"https:\/\/ciudadliberal.cl\/index.php?rest_route=\/wp\/v2\/posts"}],"about":[{"href":"https:\/\/ciudadliberal.cl\/index.php?rest_route=\/wp\/v2\/types\/post"}],"author":[{"embeddable":true,"href":"https:\/\/ciudadliberal.cl\/index.php?rest_route=\/wp\/v2\/users\/1"}],"replies":[{"embeddable":true,"href":"https:\/\/ciudadliberal.cl\/index.php?rest_route=%2Fwp%2Fv2%2Fcomments&post=10382"}],"version-history":[{"count":1,"href":"https:\/\/ciudadliberal.cl\/index.php?rest_route=\/wp\/v2\/posts\/10382\/revisions"}],"predecessor-version":[{"id":10384,"href":"https:\/\/ciudadliberal.cl\/index.php?rest_route=\/wp\/v2\/posts\/10382\/revisions\/10384"}],"wp:featuredmedia":[{"embeddable":true,"href":"https:\/\/ciudadliberal.cl\/index.php?rest_route=\/wp\/v2\/media\/10383"}],"wp:attachment":[{"href":"https:\/\/ciudadliberal.cl\/index.php?rest_route=%2Fwp%2Fv2%2Fmedia&parent=10382"}],"wp:term":[{"taxonomy":"category","embeddable":true,"href":"https:\/\/ciudadliberal.cl\/index.php?rest_route=%2Fwp%2Fv2%2Fcategories&post=10382"},{"taxonomy":"post_tag","embeddable":true,"href":"https:\/\/ciudadliberal.cl\/index.php?rest_route=%2Fwp%2Fv2%2Ftags&post=10382"}],"curies":[{"name":"wp","href":"https:\/\/api.w.org\/{rel}","templated":true}]}}