{"id":10364,"date":"2023-12-07T12:07:25","date_gmt":"2023-12-07T16:07:25","guid":{"rendered":"https:\/\/ciudadliberal.cl\/?p=10364"},"modified":"2023-12-07T12:07:27","modified_gmt":"2023-12-07T16:07:27","slug":"el-presidente-frances-critica-la-estrategia-israeli-en-gaza","status":"publish","type":"post","link":"https:\/\/ciudadliberal.cl\/?p=10364","title":{"rendered":"El presidente franc\u00e9s critica la estrategia israel\u00ed en Gaza"},"content":{"rendered":"\n<p>Emmanuel Macron, el presidente de Francia, abandona la l\u00ednea com\u00fan europea, que no contempla un alto el fuego entre Israel y Ham\u00e1s, y cuestiona los objetivos b\u00e9licos de Israel. \u00bfPor qu\u00e9?<\/p>\n\n\n\n<p><a href=\"https:\/\/www.facebook.com\/sharer\/sharer.php?u=https:\/\/p.dw.com\/p\/4ZmMr%3Fmaca%3Des-Facebook-sharing\" target=\"_blank\" rel=\"noreferrer noopener\"><\/a><a href=\"https:\/\/twitter.com\/intent\/tweet?source=webclient&amp;text=El%20presidente%20franc%C3%A9s%20critica%20la%20estrategia%20israel%C3%AD%20en%20Gaza+https:\/\/p.dw.com\/p\/4ZmMr%3Fmaca%3Des-Twitter-sharing\" target=\"_blank\" rel=\"noreferrer noopener\"><\/a><\/p>\n\n\n\n<p>El objetivo del presidente franc\u00e9s,&nbsp;<a href=\"https:\/\/www.dw.com\/es\/macron-emmanuel\/t-36416700\">Emmanuel Macron<\/a>&nbsp;, es lograr un nuevo alto el fuego entre la organizaci\u00f3n terrorista&nbsp;<a href=\"https:\/\/www.dw.com\/es\/ham%C3%A1s\/t-17412524\">Ham\u00e1s<\/a>&nbsp;y el Ej\u00e9rcito israel\u00ed, lo que deber\u00eda conducir a un alto el fuego m\u00e1s duradero. As\u00ed lo expres\u00f3 Macron el fin de semana pasado, durante una breve visita a la conferencia mundial sobre el clima&nbsp;<a href=\"https:\/\/www.dw.com\/es\/cop28\/t-67566216\">COP28 en Dubai<\/a>. El jefe de Estado franc\u00e9s dijo que quer\u00eda aprovechar las conversaciones en Qatar para intensificar los esfuerzos para lograr un alto el fuego.<\/p>\n\n\n\n<p>No caus\u00f3 mucha impresi\u00f3n con sus propuestas. Ham\u00e1s sigue lanzando cohetes contra Israel. El ej\u00e9rcito israel\u00ed ha ampliado su avance sobre las posiciones de Ham\u00e1s a toda la&nbsp;<a href=\"https:\/\/www.dw.com\/es\/franja-de-gaza\/t-67111647\">Franja de Gaza<\/a>. Ham\u00e1s sigue reteniendo rehenes. Seg\u00fan las Naciones Unidas, la situaci\u00f3n de la poblaci\u00f3n civil en Gaza es catastr\u00f3fica.<\/p>\n\n\n\n<h2 class=\"wp-block-heading\">Macron duda de que se pueda destruir del todo a&nbsp;Ham\u00e1s<\/h2>\n\n\n\n<p>Emmanuel Macron tambi\u00e9n cuestion\u00f3 p\u00fablicamente por primera vez los objetivos b\u00e9licos de Israel. \u00ab\u00bfQu\u00e9 significa la destrucci\u00f3n total de Ham\u00e1s, y cree alguien que eso es posible? Aunque fuera posible, la guerra durar\u00eda diez a\u00f1os\u00bb, dijo el presidente franc\u00e9s en Dub\u00e1i. La respuesta indirecta de Jerusal\u00e9n no se hizo esperar. El primer ministro israel\u00ed, Benjam\u00edn Netanyahu, afirm\u00f3 que continuar la ofensiva terrestre en la Franja de Gaza era la \u00fanica forma de \u00abderrotar totalmente\u00bb a Ham\u00e1s. \u00abSeguiremos persiguiendo todos nuestros objetivos b\u00e9licos\u00bb, subray\u00f3 Netanyahu en la televisi\u00f3n israel\u00ed.<\/p>\n\n\n\n<p>En Dubai, el presidente Macron hab\u00eda exigido a los dirigentes israel\u00edes que \u00abdefinieran con m\u00e1s precisi\u00f3n sus intenciones y el objetivo final.\u00bb El fin de semana, un asesor de seguridad del primer ministro israel\u00ed habl\u00f3 vagamente de \u00abzonas de seguridad\u00bb que se establecer\u00edan en las fronteras de la Franja de Gaza con Israel. Esto impedir\u00eda que los terroristas volvieran a cruzar las fronteras. No se prev\u00e9 una ocupaci\u00f3n completa de la Franja de Gaza ni su administraci\u00f3n por parte de Israel.<\/p>\n\n\n\n<figure class=\"wp-block-image size-large\"><img loading=\"lazy\" decoding=\"async\" width=\"1024\" height=\"576\" src=\"https:\/\/ciudadliberal.cl\/wp-content\/uploads\/2023\/12\/image-1024x576.png\" alt=\"\" class=\"wp-image-10365\" srcset=\"https:\/\/ciudadliberal.cl\/wp-content\/uploads\/2023\/12\/image-1024x576.png 1024w, https:\/\/ciudadliberal.cl\/wp-content\/uploads\/2023\/12\/image-300x169.png 300w, https:\/\/ciudadliberal.cl\/wp-content\/uploads\/2023\/12\/image-768x432.png 768w, https:\/\/ciudadliberal.cl\/wp-content\/uploads\/2023\/12\/image-747x420.png 747w, https:\/\/ciudadliberal.cl\/wp-content\/uploads\/2023\/12\/image-640x360.png 640w, https:\/\/ciudadliberal.cl\/wp-content\/uploads\/2023\/12\/image-681x383.png 681w, https:\/\/ciudadliberal.cl\/wp-content\/uploads\/2023\/12\/image.png 1110w\" sizes=\"auto, (max-width: 1024px) 100vw, 1024px\" \/><figcaption class=\"wp-element-caption\">Macron visit\u00f3 a los familiares de los rehenes de Ham\u00e1s en Tel Aviv el 24 de octubre.<\/figcaption><\/figure>\n\n\n\n<p><\/p>\n\n\n\n<h2 class=\"wp-block-heading\">Fuera de la senda de la UE<\/h2>\n\n\n\n<p>Con sus declaraciones, el presidente franc\u00e9s se aleja de la posici\u00f3n oficial conjunta de la Uni\u00f3n Europea, definida en la \u00faltima cumbre de finales de octubre. Los jefes de Estado y de Gobierno abogaron por breves \u00abalto el fuego\u00bb para liberar a los rehenes y abastecer a la poblaci\u00f3n. No se habl\u00f3 de un alto el fuego m\u00e1s duradero, pues no quer\u00edan presionar demasiado a Israel.<\/p>\n\n\n\n<p>Olaf Scholz, el canciller alem\u00e1n, no est\u00e1 de acuerdo con Macron. Ya lo dijo en un debate el 12 de noviembre en Heilbronn: \u00abPero me alegra admitir que no creo que sea correcta la exigencia que algunos hacen de un alto el fuego inmediato o una pausa larga, que es b\u00e1sicamente lo mismo\u00bb. Tambi\u00e9n con respecto&nbsp;a Francia, Scholz continu\u00f3 diciendo que un alto el fuego significa, en \u00faltima instancia, \u00abque Israel deber\u00eda dejar que Ham\u00e1s se recupere y compre nuevos cohetes para que luego puedan disparar de nuevo. No podr\u00e1n aceptar eso\u00bb.<\/p>\n\n\n\n<p>Adem\u00e1s de Francia, Espa\u00f1a y B\u00e9lgica tambi\u00e9n mostraron m\u00e1s comprensi\u00f3n hacia&nbsp;las preocupaciones de los palestinos que Alemania, por ejemplo, que respald\u00f3 claramente las acciones de Israel. La postura com\u00fan de la UE sobre el conflicto de Oriente Pr\u00f3ximo volver\u00e1 a debatirse en la pr\u00f3xima cumbre de la UE, la semana que viene.<\/p>\n\n\n\n<h2 class=\"wp-block-heading\">\u00bfPostura equidistante hacia ambas partes del conflicto?<\/h2>\n\n\n\n<p>Por el momento, Emmanuel Macron parece apuntar a una postura equidistante hacia&nbsp;Israel y los palestinos. El expresidente franc\u00e9s&nbsp;Charles de Gaulle, ya hab\u00eda intentado situar a Francia en esa postura despu\u00e9s de la Guerra de los Seis D\u00edas, de 1967. Israel derrot\u00f3 a Egipto, Jordania y Siria, y obtuvo el control de Cisjordania, Jerusal\u00e9n Este, la Franja de Gaza, los Altos del Gol\u00e1n y el Sina\u00ed.<\/p>\n\n\n\n<p>Inmediatamente despu\u00e9s del ataque de Ham\u00e1s a Israel del 7 de octubre, el presidente franc\u00e9s se solidariz\u00f3 con Israel, sin ning\u00fan tipo de objeciones. Al fin y al cabo, Francia tambi\u00e9n ha sido v\u00edctima de ataques islamistas en varias ocasiones en los \u00faltimos a\u00f1os.<\/p>\n\n\n\n<p>Sin embargo, cuando comenz\u00f3 el bombardeo masivo del ej\u00e9rcito israel\u00ed sobre la Franja de Gaza y murieron cada vez m\u00e1s civiles palestinos, la actitud de Macron cambi\u00f3.\u00a0Emmanuel Macron quiere evitar que el conflicto en el Cercano Oriente\u00a0se extienda a la sociedad francesa. As\u00ed lo ha anunciado en un discurso televisado. El pa\u00eds cuenta con una comunidad jud\u00eda muy numerosa y una comunidad musulmana a\u00fan mayor. El\u00a0<a href=\"https:\/\/www.dw.com\/es\/un-franc%C3%A9s-mata-a-un-alem%C3%A1n-en-par%C3%ADs-y-grita-al%C3%A1-es-grande\/a-67617970\">ataque homicida de motivaci\u00f3n islamista contra transe\u00fantes en Par\u00eds<\/a>\u00a0, el s\u00e1bado 2.12.2023, fue el segundo atentado desde el inicio de la guerra entre Ham\u00e1s e Israel.<\/p>\n\n\n\n<h2 class=\"wp-block-heading\">Macron recibi\u00f3 apoyo de Estados Unidos<\/h2>\n\n\n\n<p>Este fin de semana, Macron recibi\u00f3 el apoyo de Estados Unidos a su \u00faltima iniciativa en favor del alto el fuego y la protecci\u00f3n de la poblaci\u00f3n civil. En la conferencia sobre el clima celebrada en Dubai, a la que tambi\u00e9n asisti\u00f3 Macron, la vicepresidenta estadounidense, Kamala Harris, afirm\u00f3 que hab\u00edan muerto demasiados palestinos inocentes. \u00abFrancamente, el nivel de sufrimiento, las im\u00e1genes y los videos que salen de Gaza, eso es simplemente devastador\u00bb, dijo Harris.<\/p>\n\n\n\n<p>En un acto celebrado en California, el secretario de Defensa estadounidense, Lloyd Austin, advirti\u00f3 de que Israel ten\u00eda la obligaci\u00f3n moral de proteger a la poblaci\u00f3n civil. Su experiencia en la guerra contra el Estado Isl\u00e1mico en Irak le hab\u00eda demostrado que en la guerra urbana tambi\u00e9n hay que preservar a la poblaci\u00f3n. \u00abSi los echas en brazos del enemigo, puede que consigas una victoria t\u00e1ctica, pero sufrir\u00e1s una derrota estrat\u00e9gica\u00bb, dijo.<\/p>\n\n\n\n<p><\/p>\n\n\n\n<p>V\u00eda: <a href=\"https:\/\/www.dw.com\/es\/el-presidente-franc%C3%A9s-critica-la-estrategia-israel%C3%AD-en-gaza\/a-67632753\">DW<\/a><\/p>\n\n\n\n<p><a href=\"\/\/p.dw.com\/p\/4ZmMr%3Fmaca%3Des-Whatsapp-sharing\" target=\"_blank\" rel=\"noreferrer noopener\"><\/a><a href=\"mailto:?body=https:\/\/p.dw.com\/p\/4ZmMr%3Fmaca%3Des-EMail-sharing&amp;subject=El%20presidente%20franc%C3%A9s%20critica%20la%20estrategia%20israel%C3%AD%20en%20Gaza\" target=\"_blank\" rel=\"noreferrer noopener\"><\/a><a href=\"https:\/\/meneame.net\/submit.php?url=https:\/\/p.dw.com\/p\/4ZmMr%3Fmaca%3Des-Meneame-sharing\" target=\"_blank\" rel=\"noreferrer noopener\"><\/a><a href=\"\/\/share\/?link=https:\/\/p.dw.com\/p\/4ZmMr%3Fmaca%3Des-Facebook%20messenger-sharing\" target=\"_blank\" rel=\"noreferrer noopener\"><\/a><a href=\"https:\/\/www.linkedin.com\/shareArticle?mini=true&amp;url=https:\/\/p.dw.com\/p\/4ZmMr%3Fmaca%3Des-linkedin-sharing&amp;title=El%20presidente%20franc%C3%A9s%20critica%20la%20estrategia%20israel%C3%AD%20en%20Gaza&amp;source=DW.COM\" target=\"_blank\" rel=\"noreferrer noopener\"><\/a><a href=\"sms:?&amp;body=https:\/\/p.dw.com\/p\/4ZmMr%3Fmaca%3Des-SMS-sharing\" target=\"_blank\" rel=\"noreferrer noopener\"><\/a><\/p>\n","protected":false},"excerpt":{"rendered":"<p>Emmanuel Macron, el presidente de Francia, abandona la l\u00ednea com\u00fan europea, que no contempla un alto el fuego entre Israel y Ham\u00e1s, y cuestiona los objetivos b\u00e9licos de Israel. \u00bfPor qu\u00e9? El objetivo del presidente franc\u00e9s,&nbsp;Emmanuel Macron&nbsp;, es lograr un nuevo alto el fuego entre la organizaci\u00f3n terrorista&nbsp;Ham\u00e1s&nbsp;y el Ej\u00e9rcito israel\u00ed, lo que deber\u00eda conducir [&hellip;]<\/p>\n","protected":false},"author":1,"featured_media":10366,"comment_status":"closed","ping_status":"closed","sticky":false,"template":"","format":"standard","meta":{"footnotes":""},"categories":[23,14,2],"tags":[],"class_list":["post-10364","post","type-post","status-publish","format-standard","has-post-thumbnail","hentry","category-macron","category-entertainment","category-portada"],"_links":{"self":[{"href":"https:\/\/ciudadliberal.cl\/index.php?rest_route=\/wp\/v2\/posts\/10364","targetHints":{"allow":["GET"]}}],"collection":[{"href":"https:\/\/ciudadliberal.cl\/index.php?rest_route=\/wp\/v2\/posts"}],"about":[{"href":"https:\/\/ciudadliberal.cl\/index.php?rest_route=\/wp\/v2\/types\/post"}],"author":[{"embeddable":true,"href":"https:\/\/ciudadliberal.cl\/index.php?rest_route=\/wp\/v2\/users\/1"}],"replies":[{"embeddable":true,"href":"https:\/\/ciudadliberal.cl\/index.php?rest_route=%2Fwp%2Fv2%2Fcomments&post=10364"}],"version-history":[{"count":1,"href":"https:\/\/ciudadliberal.cl\/index.php?rest_route=\/wp\/v2\/posts\/10364\/revisions"}],"predecessor-version":[{"id":10367,"href":"https:\/\/ciudadliberal.cl\/index.php?rest_route=\/wp\/v2\/posts\/10364\/revisions\/10367"}],"wp:featuredmedia":[{"embeddable":true,"href":"https:\/\/ciudadliberal.cl\/index.php?rest_route=\/wp\/v2\/media\/10366"}],"wp:attachment":[{"href":"https:\/\/ciudadliberal.cl\/index.php?rest_route=%2Fwp%2Fv2%2Fmedia&parent=10364"}],"wp:term":[{"taxonomy":"category","embeddable":true,"href":"https:\/\/ciudadliberal.cl\/index.php?rest_route=%2Fwp%2Fv2%2Fcategories&post=10364"},{"taxonomy":"post_tag","embeddable":true,"href":"https:\/\/ciudadliberal.cl\/index.php?rest_route=%2Fwp%2Fv2%2Ftags&post=10364"}],"curies":[{"name":"wp","href":"https:\/\/api.w.org\/{rel}","templated":true}]}}