{"id":10360,"date":"2023-12-02T20:04:43","date_gmt":"2023-12-03T00:04:43","guid":{"rendered":"https:\/\/ciudadliberal.cl\/?p=10360"},"modified":"2023-12-02T20:04:45","modified_gmt":"2023-12-03T00:04:45","slug":"cincuenta-petroleras-prometen-descarbonizarse-en-2050","status":"publish","type":"post","link":"https:\/\/ciudadliberal.cl\/?p=10360","title":{"rendered":"Cincuenta petroleras prometen descarbonizarse en 2050"},"content":{"rendered":"\n<p>Las compa\u00f1\u00edas que firmaron una carta de compromiso en la COP28 representan m\u00e1s del 40% de la producci\u00f3n global de petr\u00f3leo. Entre ellas, se encuentran ADNOC y Aramco, pero tambi\u00e9n otras grandes compa\u00f1\u00edas europeas.<\/p>\n\n\n\n<p><a href=\"https:\/\/www.facebook.com\/sharer\/sharer.php?u=https:\/\/p.dw.com\/p\/4Zi3l%3Fmaca%3Des-Facebook-sharing\" target=\"_blank\" rel=\"noreferrer noopener\"><\/a><a href=\"https:\/\/twitter.com\/intent\/tweet?source=webclient&amp;text=Cincuenta%20petroleras%20prometen%20descarbonizarse%20en%202050+https:\/\/p.dw.com\/p\/4Zi3l%3Fmaca%3Des-Twitter-sharing\" target=\"_blank\" rel=\"noreferrer noopener\"><\/a><\/p>\n\n\n\n<p>Medio centenar de empresas, responsables de m\u00e1s del 40 % de la producci\u00f3n global de&nbsp;<a href=\"https:\/\/www.dw.com\/es\/petr%C3%B3leo\/t-18083153\">petr\u00f3leo<\/a>, se adhirieron este s\u00e1bado (02.12.2023) a la Carta de la Descarbonizaci\u00f3n del Petr\u00f3leo y el Gas,&nbsp;<a href=\"https:\/\/www.dw.com\/es\/nuevo-fondo-clim%C3%A1tico-ofrece-esperanza-a-pa%C3%ADses-en-desarrollo\/a-67610878\">una iniciativa impulsada<\/a>&nbsp;por la presidencia de la&nbsp;<a href=\"https:\/\/www.dw.com\/es\/cop28\/t-67566216\">COP28<\/a>,&nbsp;<a href=\"https:\/\/www.dw.com\/es\/emiratos-%C3%A1rabes-unidos-eau\/t-41415892\">Emiratos \u00c1rabes Unidos<\/a>, y Arabia Saud\u00ed.<\/p>\n\n\n\n<p>Las compa\u00f1\u00edas signatarias -m\u00e1s de la mitad (un 60 %), empresas nacionales de petr\u00f3leo- se comprometieron as\u00ed a realizar \u00aboperaciones neutras en carbono\u00bb&nbsp;para el 2050, a poner fin a la quema rutinaria de gas en antorcha en 2030 y a reducir casi a cero las emisiones de metano.<\/p>\n\n\n\n<p>Entre las firmantes se encuentra la Abu Dabi National Oil Company (ADNOC), la petrolera nacional que dirige&nbsp;el&nbsp;<a href=\"https:\/\/www.dw.com\/es\/cop28-qu%C3%A9-podemos-esperar-de-la-cumbre-del-clima-de-la-onu\/a-67598151\">presidente de la COP28<\/a>, Sult\u00e1n Al Yaber; as\u00ed como Aramco y tambi\u00e9n se incluyen grandes empresas europeas como Repsol, la noruega p\u00fablica Equinor y la francesa TotalEnergies.<\/p>\n\n\n\n<h2 class=\"wp-block-heading\">Compromiso con la transparencia<\/h2>\n\n\n\n<p>Mediante esta carta, las petroleras aceptaron llevar a cabo una serie de&nbsp;<a href=\"https:\/\/www.dw.com\/es\/cop28-ant%C3%B3nio-guterres-urge-a-evitar-el-colapso-planetario\/a-67604824\">medidas para recortar sus emisiones<\/a>, como invertir en energ\u00edas renovables, \u00abcombustibles bajos en carbono\u00bb&nbsp;y \u00abtecnolog\u00edas de emisiones negativas\u00bb.<\/p>\n\n\n\n<p>Tambi\u00e9n prometen que mejorar\u00e1n la transparencia, v\u00eda \u00abla medici\u00f3n, el seguimiento, la notificaci\u00f3n y la verificaci\u00f3n independiente\u00bb&nbsp;de las emisiones de gases invernadero, y a reducir la pobreza energ\u00e9tica y proporcionar energ\u00eda \u00absegura y asequible\u00bb&nbsp;para apoyar el desarrollo de todas las econom\u00edas.<\/p>\n\n\n\n<p>\u00abEstoy comprometido tanto con la inclusi\u00f3n como con la transparencia\u00bb, asever\u00f3 Al Yaber en declaraciones ofrecidas a los medios.<\/p>\n\n\n\n<h2 class=\"wp-block-heading\">Todos deben \u00abrendir cuentas\u00bb<\/h2>\n\n\n\n<p>\u00abSi queremos acelerar el progreso en toda la agenda clim\u00e1tica, debemos hacer que todos rindan cuentas y sean&nbsp;<a target=\"_blank\" href=\"https:\/\/akademie.dw.com\/es\/de-la-amazonia-a-dub%C3%A1i-el-periodismo-comunitario-acude-a-la-cumbre-del-clima\/a-67592445\" rel=\"noreferrer noopener\">responsables de la acci\u00f3n clim\u00e1tica<\/a>. Todos debemos centrarnos en reducir las emisiones y aplicar una visi\u00f3n positiva para impulsar la acci\u00f3n por el clima y conseguir que todo el mundo act\u00fae\u00bb, se\u00f1al\u00f3 el emirat\u00ed.<\/p>\n\n\n\n<p>\u00abNecesitamos un plan de acci\u00f3n claro, y estoy decidido a presentarlo\u00bb, concluy\u00f3.<\/p>\n\n\n\n<p><\/p>\n\n\n\n<p>V\u00eda: <a href=\"https:\/\/www.dw.com\/es\/cincuenta-petroleras-prometen-descarbonizarse-en-2050\/a-67616193\">DW<\/a><\/p>\n\n\n\n<p><a href=\"\/\/p.dw.com\/p\/4Zi3l%3Fmaca%3Des-Whatsapp-sharing\" target=\"_blank\" rel=\"noreferrer noopener\"><\/a><a href=\"mailto:?body=https:\/\/p.dw.com\/p\/4Zi3l%3Fmaca%3Des-EMail-sharing&amp;subject=Cincuenta%20petroleras%20prometen%20descarbonizarse%20en%202050\" target=\"_blank\" rel=\"noreferrer noopener\"><\/a><a href=\"https:\/\/meneame.net\/submit.php?url=https:\/\/p.dw.com\/p\/4Zi3l%3Fmaca%3Des-Meneame-sharing\" target=\"_blank\" rel=\"noreferrer noopener\"><\/a><a href=\"\/\/share\/?link=https:\/\/p.dw.com\/p\/4Zi3l%3Fmaca%3Des-Facebook%20messenger-sharing\" target=\"_blank\" rel=\"noreferrer noopener\"><\/a><a href=\"https:\/\/www.linkedin.com\/shareArticle?mini=true&amp;url=https:\/\/p.dw.com\/p\/4Zi3l%3Fmaca%3Des-linkedin-sharing&amp;title=Cincuenta%20petroleras%20prometen%20descarbonizarse%20en%202050&amp;source=DW.COM\" target=\"_blank\" rel=\"noreferrer noopener\"><\/a><a href=\"sms:?&amp;body=https:\/\/p.dw.com\/p\/4Zi3l%3Fmaca%3Des-SMS-sharing\" target=\"_blank\" rel=\"noreferrer noopener\"><\/a><\/p>\n","protected":false},"excerpt":{"rendered":"<p>Las compa\u00f1\u00edas que firmaron una carta de compromiso en la COP28 representan m\u00e1s del 40% de la producci\u00f3n global de petr\u00f3leo. Entre ellas, se encuentran ADNOC y Aramco, pero tambi\u00e9n otras grandes compa\u00f1\u00edas europeas. Medio centenar de empresas, responsables de m\u00e1s del 40 % de la producci\u00f3n global de&nbsp;petr\u00f3leo, se adhirieron este s\u00e1bado (02.12.2023) a [&hellip;]<\/p>\n","protected":false},"author":1,"featured_media":10361,"comment_status":"closed","ping_status":"closed","sticky":false,"template":"","format":"standard","meta":{"footnotes":""},"categories":[14,2],"tags":[],"class_list":["post-10360","post","type-post","status-publish","format-standard","has-post-thumbnail","hentry","category-entertainment","category-portada"],"_links":{"self":[{"href":"https:\/\/ciudadliberal.cl\/index.php?rest_route=\/wp\/v2\/posts\/10360","targetHints":{"allow":["GET"]}}],"collection":[{"href":"https:\/\/ciudadliberal.cl\/index.php?rest_route=\/wp\/v2\/posts"}],"about":[{"href":"https:\/\/ciudadliberal.cl\/index.php?rest_route=\/wp\/v2\/types\/post"}],"author":[{"embeddable":true,"href":"https:\/\/ciudadliberal.cl\/index.php?rest_route=\/wp\/v2\/users\/1"}],"replies":[{"embeddable":true,"href":"https:\/\/ciudadliberal.cl\/index.php?rest_route=%2Fwp%2Fv2%2Fcomments&post=10360"}],"version-history":[{"count":1,"href":"https:\/\/ciudadliberal.cl\/index.php?rest_route=\/wp\/v2\/posts\/10360\/revisions"}],"predecessor-version":[{"id":10362,"href":"https:\/\/ciudadliberal.cl\/index.php?rest_route=\/wp\/v2\/posts\/10360\/revisions\/10362"}],"wp:featuredmedia":[{"embeddable":true,"href":"https:\/\/ciudadliberal.cl\/index.php?rest_route=\/wp\/v2\/media\/10361"}],"wp:attachment":[{"href":"https:\/\/ciudadliberal.cl\/index.php?rest_route=%2Fwp%2Fv2%2Fmedia&parent=10360"}],"wp:term":[{"taxonomy":"category","embeddable":true,"href":"https:\/\/ciudadliberal.cl\/index.php?rest_route=%2Fwp%2Fv2%2Fcategories&post=10360"},{"taxonomy":"post_tag","embeddable":true,"href":"https:\/\/ciudadliberal.cl\/index.php?rest_route=%2Fwp%2Fv2%2Ftags&post=10360"}],"curies":[{"name":"wp","href":"https:\/\/api.w.org\/{rel}","templated":true}]}}