{"id":10357,"date":"2023-12-02T19:47:24","date_gmt":"2023-12-02T23:47:24","guid":{"rendered":"https:\/\/ciudadliberal.cl\/?p=10357"},"modified":"2023-12-02T19:47:26","modified_gmt":"2023-12-02T23:47:26","slug":"ee-uu-advierte-a-venezuela-con-reimpulsar-las-sanciones","status":"publish","type":"post","link":"https:\/\/ciudadliberal.cl\/?p=10357","title":{"rendered":"EE.UU. advierte a Venezuela con reimpulsar las sanciones"},"content":{"rendered":"\n<p>Washington reiter\u00f3 su preocupaci\u00f3n por la falta de liberaciones de ciudadanos norteamericanos y el resto de \u00abpresos pol\u00edticos\u00bb.<\/p>\n\n\n\n<p><a href=\"https:\/\/www.dw.com\/es\/estados-unidos\/t-17411942\">Estados Unidos<\/a>&nbsp;advirti\u00f3 el s\u00e1bado (02.12.2023) con volver a endurecer las sanciones contra&nbsp;<a href=\"https:\/\/www.dw.com\/es\/venezuela\/t-17410652\">Venezuela<\/a>&nbsp;por la falta de progreso hacia la liberaci\u00f3n de estadounidenses y \u00abpresos pol\u00edticos\u00bb detenidos \u00abinjustamente\u00bb, un anuncio que llega despu\u00e9s de que&nbsp;<a href=\"https:\/\/www.dw.com\/es\/eeuu-levanta-sanciones-sobre-petr%C3%B3leo-y-gas-a-venezuela\/a-67144136\">Washington levantara sanciones contra Caracas.<\/a><\/p>\n\n\n\n<p>En un comunicado de prensa publicado el viernes por el Departamento de Estado, Washington salud\u00f3 el anuncio hecho el jueves sobre un acuerdo para permitir que los l\u00edderes de la oposici\u00f3n que quieran enfrentarse al l\u00edder Nicol\u00e1s Maduro en las elecciones presidenciales de 2024 impugnen su inhabilitaci\u00f3n pol\u00edtica.<\/p>\n\n\n\n<p>\u00abEste es un avance importante\u00bb, dijo el portavoz de la diplomacia estadounidense, Matthew Miller, recordando que su pa\u00eds reclama el \u00abrestablecimiento de todos los candidatos\u00bb.<\/p>\n\n\n\n<p>\u00abSin embargo, estamos profundamente preocupados por la falta de avances en la liberaci\u00f3n de ciudadanos estadounidenses y prisioneros pol\u00edticos venezolanos detenidos injustamente\u00bb, a\u00f1adi\u00f3 en un comunicado titulado \u00abReconsiderar el alivio de nuestras sanciones contra Venezuela\u00bb.<\/p>\n\n\n\n<p>\u00abContinuamos nuestro compromiso diplom\u00e1tico activo en estas cuestiones y diremos m\u00e1s sobre los pr\u00f3ximos pasos en los pr\u00f3ximos d\u00edas, dado el estado de la situaci\u00f3n\u00bb, agreg\u00f3 el vocero.<\/p>\n\n\n\n<p>Estados Unidos anunci\u00f3 a mediados de octubre una reducci\u00f3n de las sanciones impuestas contra Venezuela en los sectores del gas y el petr\u00f3leo, en respuesta a un acuerdo entre el gobierno de Maduro y la oposici\u00f3n con vistas a la celebraci\u00f3n de elecciones presidenciales en 2024.<\/p>\n\n\n\n<p>En el proceso, Caracas liber\u00f3 a cinco presos pol\u00edticos, entre ellos dos figuras, el exdiputado Juan Requesens y el periodista Roland Carre\u00f1o, detenidos en 2018 y 2020 respectivamente.<\/p>\n\n\n\n<p><\/p>\n\n\n\n<p>V\u00eda: <a href=\"https:\/\/www.dw.com\/es\/eeuu-advierte-a-venezuela-con-reimpulsar-las-sanciones\/a-67617796\">DW<\/a><\/p>\n","protected":false},"excerpt":{"rendered":"<p>Washington reiter\u00f3 su preocupaci\u00f3n por la falta de liberaciones de ciudadanos norteamericanos y el resto de \u00abpresos pol\u00edticos\u00bb. Estados Unidos&nbsp;advirti\u00f3 el s\u00e1bado (02.12.2023) con volver a endurecer las sanciones contra&nbsp;Venezuela&nbsp;por la falta de progreso hacia la liberaci\u00f3n de estadounidenses y \u00abpresos pol\u00edticos\u00bb detenidos \u00abinjustamente\u00bb, un anuncio que llega despu\u00e9s de que&nbsp;Washington levantara sanciones contra Caracas. [&hellip;]<\/p>\n","protected":false},"author":1,"featured_media":10358,"comment_status":"closed","ping_status":"closed","sticky":false,"template":"","format":"standard","meta":{"footnotes":""},"categories":[14,2],"tags":[],"class_list":["post-10357","post","type-post","status-publish","format-standard","has-post-thumbnail","hentry","category-entertainment","category-portada"],"_links":{"self":[{"href":"https:\/\/ciudadliberal.cl\/index.php?rest_route=\/wp\/v2\/posts\/10357","targetHints":{"allow":["GET"]}}],"collection":[{"href":"https:\/\/ciudadliberal.cl\/index.php?rest_route=\/wp\/v2\/posts"}],"about":[{"href":"https:\/\/ciudadliberal.cl\/index.php?rest_route=\/wp\/v2\/types\/post"}],"author":[{"embeddable":true,"href":"https:\/\/ciudadliberal.cl\/index.php?rest_route=\/wp\/v2\/users\/1"}],"replies":[{"embeddable":true,"href":"https:\/\/ciudadliberal.cl\/index.php?rest_route=%2Fwp%2Fv2%2Fcomments&post=10357"}],"version-history":[{"count":1,"href":"https:\/\/ciudadliberal.cl\/index.php?rest_route=\/wp\/v2\/posts\/10357\/revisions"}],"predecessor-version":[{"id":10359,"href":"https:\/\/ciudadliberal.cl\/index.php?rest_route=\/wp\/v2\/posts\/10357\/revisions\/10359"}],"wp:featuredmedia":[{"embeddable":true,"href":"https:\/\/ciudadliberal.cl\/index.php?rest_route=\/wp\/v2\/media\/10358"}],"wp:attachment":[{"href":"https:\/\/ciudadliberal.cl\/index.php?rest_route=%2Fwp%2Fv2%2Fmedia&parent=10357"}],"wp:term":[{"taxonomy":"category","embeddable":true,"href":"https:\/\/ciudadliberal.cl\/index.php?rest_route=%2Fwp%2Fv2%2Fcategories&post=10357"},{"taxonomy":"post_tag","embeddable":true,"href":"https:\/\/ciudadliberal.cl\/index.php?rest_route=%2Fwp%2Fv2%2Ftags&post=10357"}],"curies":[{"name":"wp","href":"https:\/\/api.w.org\/{rel}","templated":true}]}}