{"id":10354,"date":"2023-11-28T11:19:06","date_gmt":"2023-11-28T15:19:06","guid":{"rendered":"https:\/\/ciudadliberal.cl\/?p=10354"},"modified":"2023-11-28T11:19:08","modified_gmt":"2023-11-28T15:19:08","slug":"onu-pide-a-chile-justicia-para-victimas-tras-protestas","status":"publish","type":"post","link":"https:\/\/ciudadliberal.cl\/?p=10354","title":{"rendered":"ONU pide a Chile justicia para v\u00edctimas tras protestas"},"content":{"rendered":"\n<p>Cl\u00e9ment Nyaletsossi y Morris Tidball-Binz expresaron preocupaci\u00f3n por la falta de reparaci\u00f3n tras las protestas de 2019.<\/p>\n\n\n\n<p><a href=\"https:\/\/www.facebook.com\/sharer\/sharer.php?u=https:\/\/p.dw.com\/p\/4ZVfm%3Fmaca%3Des-Facebook-sharing\" target=\"_blank\" rel=\"noreferrer noopener\"><\/a><a href=\"https:\/\/twitter.com\/intent\/tweet?source=webclient&amp;text=ONU%20pide%20a%20Chile%20justicia%20para%20v%C3%ADctimas%20tras%20protestas+https:\/\/p.dw.com\/p\/4ZVfm%3Fmaca%3Des-Twitter-sharing\" target=\"_blank\" rel=\"noreferrer noopener\"><\/a><\/p>\n\n\n\n<p>Las autoridades chilenas deben tomar \u00abmedidas urgentes\u00bb para garantizar la justicia y la reparaci\u00f3n adecuada a las v\u00edctimas de graves violaciones de&nbsp;<a href=\"https:\/\/www.dw.com\/es\/derechos-humanos\/t-17411790\">derechos humanos<\/a>&nbsp;durante las&nbsp;<a href=\"https:\/\/www.dw.com\/es\/el-derecho-humano-a-protestar-bajo-amenaza-en-am%C3%A9rica-latina\/a-65805137\">manifestaciones masivas<\/a>&nbsp;de 2019 y 2020 en&nbsp;<a href=\"https:\/\/www.dw.com\/es\/chile\/t-17411731\">Chile<\/a>, se\u00f1alaron este lunes (27.11.2023) dos relatores de la Organizaci\u00f3n de las Naciones Unidas (<a href=\"https:\/\/www.dw.com\/es\/onu\/t-17409613\">ONU<\/a>) en un comunicado.<\/p>\n\n\n\n<p>\u00abEs fundamental avanzar con el enjuiciamiento y la sanci\u00f3n de los agentes del Estado responsables de los delitos cometidos durante las protestas\u00bb, aseguraron los relatores de la ONU para la libertad de reuni\u00f3n (Cl\u00e9ment Nyaletsossi) y sobre ejecuciones extrajudiciales (Morris Tidball-Binz).<\/p>\n\n\n\n<p>Los expertos ya enviaron en 2019 una comunicaci\u00f3n a las autoridades chilenas expresando su preocupaci\u00f3n por las graves alegaciones de uso excesivo de la fuerza por parte de los elementos de seguridad, incluido el uso de perdigones, actos de tortura, violencia sexual y detenciones masivas.<\/p>\n\n\n\n<p>\u00abEn el contexto de las protestas de 2019-2020, cientos de manifestantes resultaron heridos y cerca de 400 sufrieron lesiones oculares y p\u00e9rdida de la vista como resultado del uso indiscriminado de escopetas antidisturbios para dispersar las manifestaciones\u00bb, recordaron.<\/p>\n\n\n\n<p>Al menos 31 personas murieron durante las protestas y las v\u00edctimas presentaron m\u00e1s de 10.000 denuncias, pero pocas han resultado en condenas y ninguno de los altos mandos ha sido procesado, lamentaron los expertos de la ONU.<\/p>\n\n\n\n<p>\u00abLa magnitud de las violaciones y la gravedad del da\u00f1o infligido a los manifestantes, as\u00ed como la repetici\u00f3n de estas violaciones, sugieren que no se trata de incidentes aislados y apuntan a la responsabilidad de mando\u00bb, subrayaron los expertos.<\/p>\n\n\n\n<p>V\u00eda: <a href=\"https:\/\/www.dw.com\/es\/onu-pide-a-chile-justicia-para-v%C3%ADctimas-tras-protestas\/a-67568578\">DW<\/a><\/p>\n\n\n\n<p><a href=\"\/\/p.dw.com\/p\/4ZVfm%3Fmaca%3Des-Whatsapp-sharing\" target=\"_blank\" rel=\"noreferrer noopener\"><\/a><a href=\"mailto:?body=https:\/\/p.dw.com\/p\/4ZVfm%3Fmaca%3Des-EMail-sharing&amp;subject=ONU%20pide%20a%20Chile%20justicia%20para%20v%C3%ADctimas%20tras%20protestas\" target=\"_blank\" rel=\"noreferrer noopener\"><\/a><a href=\"https:\/\/meneame.net\/submit.php?url=https:\/\/p.dw.com\/p\/4ZVfm%3Fmaca%3Des-Meneame-sharing\" target=\"_blank\" rel=\"noreferrer noopener\"><\/a><a href=\"\/\/share\/?link=https:\/\/p.dw.com\/p\/4ZVfm%3Fmaca%3Des-Facebook%20messenger-sharing\" target=\"_blank\" rel=\"noreferrer noopener\"><\/a><a href=\"https:\/\/www.linkedin.com\/shareArticle?mini=true&amp;url=https:\/\/p.dw.com\/p\/4ZVfm%3Fmaca%3Des-linkedin-sharing&amp;title=ONU%20pide%20a%20Chile%20justicia%20para%20v%C3%ADctimas%20tras%20protestas&amp;source=DW.COM\" target=\"_blank\" rel=\"noreferrer noopener\"><\/a><a href=\"sms:?&amp;body=https:\/\/p.dw.com\/p\/4ZVfm%3Fmaca%3Des-SMS-sharing\" target=\"_blank\" rel=\"noreferrer noopener\"><\/a><\/p>\n","protected":false},"excerpt":{"rendered":"<p>Cl\u00e9ment Nyaletsossi y Morris Tidball-Binz expresaron preocupaci\u00f3n por la falta de reparaci\u00f3n tras las protestas de 2019. Las autoridades chilenas deben tomar \u00abmedidas urgentes\u00bb para garantizar la justicia y la reparaci\u00f3n adecuada a las v\u00edctimas de graves violaciones de&nbsp;derechos humanos&nbsp;durante las&nbsp;manifestaciones masivas&nbsp;de 2019 y 2020 en&nbsp;Chile, se\u00f1alaron este lunes (27.11.2023) dos relatores de la Organizaci\u00f3n [&hellip;]<\/p>\n","protected":false},"author":1,"featured_media":10355,"comment_status":"closed","ping_status":"closed","sticky":false,"template":"","format":"standard","meta":{"footnotes":""},"categories":[184,194,14,16,2],"tags":[],"class_list":["post-10354","post","type-post","status-publish","format-standard","has-post-thumbnail","hentry","category-derechos-humanos","category-estallido-social-chile","category-entertainment","category-internet","category-portada"],"_links":{"self":[{"href":"https:\/\/ciudadliberal.cl\/index.php?rest_route=\/wp\/v2\/posts\/10354","targetHints":{"allow":["GET"]}}],"collection":[{"href":"https:\/\/ciudadliberal.cl\/index.php?rest_route=\/wp\/v2\/posts"}],"about":[{"href":"https:\/\/ciudadliberal.cl\/index.php?rest_route=\/wp\/v2\/types\/post"}],"author":[{"embeddable":true,"href":"https:\/\/ciudadliberal.cl\/index.php?rest_route=\/wp\/v2\/users\/1"}],"replies":[{"embeddable":true,"href":"https:\/\/ciudadliberal.cl\/index.php?rest_route=%2Fwp%2Fv2%2Fcomments&post=10354"}],"version-history":[{"count":1,"href":"https:\/\/ciudadliberal.cl\/index.php?rest_route=\/wp\/v2\/posts\/10354\/revisions"}],"predecessor-version":[{"id":10356,"href":"https:\/\/ciudadliberal.cl\/index.php?rest_route=\/wp\/v2\/posts\/10354\/revisions\/10356"}],"wp:featuredmedia":[{"embeddable":true,"href":"https:\/\/ciudadliberal.cl\/index.php?rest_route=\/wp\/v2\/media\/10355"}],"wp:attachment":[{"href":"https:\/\/ciudadliberal.cl\/index.php?rest_route=%2Fwp%2Fv2%2Fmedia&parent=10354"}],"wp:term":[{"taxonomy":"category","embeddable":true,"href":"https:\/\/ciudadliberal.cl\/index.php?rest_route=%2Fwp%2Fv2%2Fcategories&post=10354"},{"taxonomy":"post_tag","embeddable":true,"href":"https:\/\/ciudadliberal.cl\/index.php?rest_route=%2Fwp%2Fv2%2Ftags&post=10354"}],"curies":[{"name":"wp","href":"https:\/\/api.w.org\/{rel}","templated":true}]}}