{"id":10351,"date":"2023-11-28T11:12:59","date_gmt":"2023-11-28T15:12:59","guid":{"rendered":"https:\/\/ciudadliberal.cl\/?p=10351"},"modified":"2023-11-28T11:13:01","modified_gmt":"2023-11-28T15:13:01","slug":"oficialismo-firmo-compromiso-de-no-impulsar-un-tercer-proceso-si-gana-el-en-contra","status":"publish","type":"post","link":"https:\/\/ciudadliberal.cl\/?p=10351","title":{"rendered":"Oficialismo firm\u00f3 compromiso de no impulsar un tercer proceso si gana el En Contra"},"content":{"rendered":"\n<p>Apruebo Dignidad y Socialismo Democr\u00e1tico garantizaron que el plebiscito cierra el asunto, y tras \u00e9ste se abocar\u00e1n a resolver los problemas de inseguridad, migraci\u00f3n irregular, educaci\u00f3n, salud y pensiones.<\/p>\n\n\n\n<p>\u00abHoy las prioridades son distintas y, como alianza de Gobierno, hemos se\u00f1alado que no est\u00e1n las condiciones (para continuar con el debate constitucional)\u00bb, dijo el diputado de CS, Diego Ib\u00e1\u00f1ez.<\/p>\n\n\n\n<p>A s\u00f3lo tres semanas del&nbsp;<a href=\"https:\/\/www.cooperativa.cl\/noticias\/pais\/consumidores\/centros-comerciales-piden-flexibilizar-feriado-del-plebiscito\/2023-11-27\/130201.html\">plebiscito constitucional<\/a>&nbsp;de salida,&nbsp;<strong>los partidos oficialistas del Frente Amplio y del Socialismo Democr\u00e1tico<\/strong>&nbsp;suscribieron este lunes un compromiso con el que ratificaron que ir\u00e1n por la opci\u00f3n&nbsp;<strong>En Contra<\/strong>, y que&nbsp;<strong>no impulsar\u00e1n un nuevo proceso constitucional en caso de que se rechace la actual propuesta.<\/strong><\/p>\n\n\n\n<p>El acuerdo fue firmado por el&nbsp;<strong>Partido Socialista, Partido Comunista, Convergencia Social, Revoluci\u00f3n Democr\u00e1tica, Partido Por la Democracia, Partido Liberal, Partido Radical, Partido Comunes, Frente Regionalista Verde Social y Acci\u00f3n Humanista.<\/strong><\/p>\n\n\n\n<p><strong>\u00abNuestros votos no est\u00e1n disponibles para iniciar un tercer proceso constituyente porque hoy las prioridades son distintas<\/strong>. Hoy sabemos que hay una campa\u00f1a de mentiras por parte de la derecha, que sugiere de que si gana el En Contra, el proceso sigue abierto\u00bb, dijo el diputado y presidente de\u00a0<strong>Convergencia Social, Diego Ib\u00e1\u00f1ez.<\/strong><\/p>\n\n\n\n<p>\u00abPara que siga abierto debe haber una reforma constitucional que necesita cuatro s\u00e9ptimos, 89 votos. En cualquier escenario, si se quiere avanzar hacia un tercer proceso constituyente,\u00a0<strong>se requieren votos de todas las bancadas<\/strong>\u00a0y un nuevo acuerdo, y, frente a ello,\u00a0<strong>hemos se\u00f1alado como alianza de Gobierno que hoy no est\u00e1n las condiciones<\/strong>\u00a0para iniciar un tercer proceso constituyente\u00bb, agreg\u00f3 el legislador.<\/p>\n\n\n\n<h2 class=\"wp-block-heading\"><em><strong>COMANDOS REFUERZAN SUS CAMPA\u00d1AS<\/strong><\/em><\/h2>\n\n\n\n<p>En tanto, los comandos por el&nbsp;<a href=\"https:\/\/www.cooperativa.cl\/noticias\/pais\/politica\/constitucion\/plebiscito-comandos-por-el-a-favor-y-el-en-contra-endurecen-el-tono-de\/2023-11-24\/230227.html\"><strong>A Favor y el En Contra refuerzan sus campa\u00f1as<\/strong><\/a>&nbsp;y miran de cerca las \u00faltimas encuestas. Seg\u00fan la&nbsp;<strong>Cadem<\/strong>, la opci\u00f3n&nbsp;<strong>A Favor subi\u00f3 seis puntos<\/strong>, llegando&nbsp;<strong>al 38 por ciento de la preferencia<\/strong>, su cifra m\u00e1s alta en los \u00faltimos meses.<\/p>\n\n\n\n<p>En contraparte, la opci\u00f3n\u00a0<strong>En Contra cay\u00f3 tres puntos y qued\u00f3 en 46 por ciento<\/strong>, por lo que la diferencia entre ambas alternativas se estrech\u00f3 a solo ocho puntos.<\/p>\n\n\n\n<p>En esa l\u00ednea, el senador y presidente de la UDI,&nbsp;<strong>Javier Macaya,<\/strong>&nbsp;dijo&nbsp;<strong>no confiar en la declaraci\u00f3n oficialista<\/strong>&nbsp;y que \u00e9sta s\u00f3lo responde a una estrategia de campa\u00f1a, ya que en las declaraciones previas presidente del Partido Comunista,&nbsp;<strong>Lautaro Carmona<\/strong>, \u00ab<strong>est\u00e1 lo que piensa la izquierda<\/strong>. Y al final, en t\u00e9rminos de solidez del candado respectivo, la actual Constituci\u00f3n se cambia con cuatro s\u00e9ptimos de los votos, la futura Constituci\u00f3n se cambia por tres quintos\u00bb.<\/p>\n\n\n\n<p>\u00abHay una firmeza mayor en el cierre del proceso en el A Favor, y, para nosotros,<strong>&nbsp;no responde nada m\u00e1s que una estrategia de campa\u00f1a de una izquierda<\/strong>&nbsp;<strong>que lleva d\u00e9cadas jodiendo a los chilenos<\/strong>&nbsp;a prop\u00f3sito del cambio constitucional. Y bueno, hoy d\u00eda cuando no les gusta,&nbsp;<strong>que se jodan<\/strong>, porque para Chile va a ser muy importante\u00bb, agreg\u00f3 el parlamentario gremialista, reivindicando una vez m\u00e1s&nbsp;<strong><a href=\"https:\/\/www.cooperativa.cl\/noticias\/pais\/politica\/constitucion\/republicanos-el-a-favor-pondra-enfasis-en-los-secuestros-y-la\/2023-11-26\/153925.html\">el pol\u00e9mico mensaje de la franja opositora.<\/a><\/strong><\/p>\n\n\n\n<p>La declaraci\u00f3n se da en el marco de la reapertura del debate sobre la posibilidad de abrir&nbsp;<strong>un nuevo proceso constituyente<\/strong>&nbsp;que surgi\u00f3&nbsp;<strong>tras la viralizaci\u00f3n de un antiguo video del exconvencional Daniel Stingo<\/strong>, en el que plantea la realizaci\u00f3n de un nuevo estallido social y un nuevo proceso proceso constituyente, registro que repostearon varios personeros de la derecha.<\/p>\n\n\n\n<p>No obstante, el abogado aclar\u00f3 este lunes que el mencionado video es antiguo, que se grab\u00f3 en otro contexto, y que actualmente no est\u00e1 por un nuevo proceso constituyente.<\/p>\n\n\n\n<p>De todas maneras, el senador Macaya asegur\u00f3 que&nbsp;<strong>\u00abDaniel Stingo les ha dicho a todos los chilenos,<\/strong>&nbsp;al igual como lo ha dicho Hugo Guti\u00e9rrez y personeros importantes de la izquierda,&nbsp;<strong>que el proceso sigue y que puede haber un nuevo estallido.<\/strong>&nbsp;Nos&nbsp;<strong>parece peligroso<\/strong>&nbsp;y es probablemente la mejor demostraci\u00f3n de por qu\u00e9 con la opci\u00f3n A Favor se cierra definitivamente el proceso\u00bb, enfatiz\u00f3 Macaya.<\/p>\n\n\n\n<p>\u00abY que hoy d\u00eda, curiosamente,&nbsp;<strong>para la izquierda este tema dej\u00f3 de ser<\/strong>&nbsp;-en t\u00e9rminos de campa\u00f1a-&nbsp;<strong>un tema importante<\/strong>. Chile le dice:&nbsp;<strong>que se jodan<\/strong>, cerremos esto, cerr\u00e9moslo con una Constituci\u00f3n que garantice que este tema queda con un buen candado, con un qu\u00f3rum mayor\u00bb, agreg\u00f3 el timonel UDI.<\/p>\n\n\n\n<h3 class=\"wp-block-heading\"><em><strong>\u00abQUE SE JODAN\u00bb<\/strong><\/em><\/h3>\n\n\n\n<p>Para el presidente del Partido Comunista,&nbsp;<strong>Lautaro Carmona<\/strong>, y tambi\u00e9n para el resto de los personeros oficialistas, el&nbsp;<strong>&#8216;que se jodan&#8217;<\/strong>&nbsp;<strong>refleja la verdadera intenci\u00f3n de la derecha<\/strong>, ya que \u00ablo que han hecho desde su franja,<strong>&nbsp;es transmitir un pensamiento que han tenido desde que empezaron a escribir este texto<\/strong>, con los votos s\u00f3lo de la derecha\u00bb.<\/p>\n\n\n\n<p>\u00abYo creo que el pa\u00eds va a elegir que el pa\u00eds no se joda,<strong>&nbsp;que el pa\u00eds salga adelante\u00bb<\/strong>, a\u00f1adi\u00f3 el timonel comunista.<\/p>\n\n\n\n<p>Para el timonel Republicano,&nbsp;<strong>Arturo Squella<\/strong>,&nbsp;<strong>es una expresi\u00f3n de sentido com\u00fan<\/strong>&nbsp;y que es una respuesta a la gesti\u00f3n del Gobierno, tono que han intentado instalar en estos d\u00edas en la campa\u00f1a&nbsp;<strong>respecto a vincular la opci\u00f3n A Favor con el rechazo a la gesti\u00f3n del Ejecutivo.<\/strong><\/p>\n\n\n\n<p>\u00abLlama la atenci\u00f3n que desde la campa\u00f1a En Contra y desde La Moneda se escandalicen frente a una respuesta natural que tiene la gente frente a un Gobierno que, en vez de perseguir a los delincuentes, los indulta. Cuando frente a eso, el Presidente y sus ministros bailan el congelado o pasean en bicicleta,<strong>&nbsp;la frase &#8216;que se jodan&#8217; no es m\u00e1s que una expresi\u00f3n del sentido com\u00fan\u00bb,&nbsp;<\/strong>a\u00f1adi\u00f3.<\/p>\n\n\n\n<p>Desde este lunes hasta el mi\u00e9rcoles\u00a0<strong>se pueden presentar excusas ante la Junta Electoral<\/strong>\u00a0en caso de no poder cumplir con la funci\u00f3n de\u00a0<a href=\"https:\/\/www.cooperativa.cl\/noticias\/pais\/politica\/constitucion\/plebiscito-constitucional-los-vocales-de-mesa-como-excusarse-y-las\/2023-11-24\/213452.html\"><strong>vocal de mesa<\/strong><\/a>. Entre las causales para excusarse se encuentra el\u00a0<strong>estar ausente del pa\u00eds<\/strong>; estar radicado en alguna localidad<strong>\u00a0distante a m\u00e1s de 300 kil\u00f3metros de la sede de votaci\u00f3n<\/strong>, tener m\u00e1s de 70 a\u00f1os o estar f\u00edsica o mentalmente imposibilitado de ejercer dicha labor.<\/p>\n\n\n\n<p><\/p>\n\n\n\n<p>V\u00eda: <a href=\"https:\/\/www.cooperativa.cl\/noticias\/pais\/politica\/constitucion\/oficialismo-firmo-compromiso-de-no-impulsar-un-tercer-proceso-si-gana-el\/2023-11-27\/155912.html\">Cooperativa<\/a><\/p>\n","protected":false},"excerpt":{"rendered":"<p>Apruebo Dignidad y Socialismo Democr\u00e1tico garantizaron que el plebiscito cierra el asunto, y tras \u00e9ste se abocar\u00e1n a resolver los problemas de inseguridad, migraci\u00f3n irregular, educaci\u00f3n, salud y pensiones. \u00abHoy las prioridades son distintas y, como alianza de Gobierno, hemos se\u00f1alado que no est\u00e1n las condiciones (para continuar con el debate constitucional)\u00bb, dijo el diputado [&hellip;]<\/p>\n","protected":false},"author":1,"featured_media":10352,"comment_status":"closed","ping_status":"closed","sticky":false,"template":"","format":"standard","meta":{"footnotes":""},"categories":[16,2],"tags":[],"class_list":["post-10351","post","type-post","status-publish","format-standard","has-post-thumbnail","hentry","category-internet","category-portada"],"_links":{"self":[{"href":"https:\/\/ciudadliberal.cl\/index.php?rest_route=\/wp\/v2\/posts\/10351","targetHints":{"allow":["GET"]}}],"collection":[{"href":"https:\/\/ciudadliberal.cl\/index.php?rest_route=\/wp\/v2\/posts"}],"about":[{"href":"https:\/\/ciudadliberal.cl\/index.php?rest_route=\/wp\/v2\/types\/post"}],"author":[{"embeddable":true,"href":"https:\/\/ciudadliberal.cl\/index.php?rest_route=\/wp\/v2\/users\/1"}],"replies":[{"embeddable":true,"href":"https:\/\/ciudadliberal.cl\/index.php?rest_route=%2Fwp%2Fv2%2Fcomments&post=10351"}],"version-history":[{"count":1,"href":"https:\/\/ciudadliberal.cl\/index.php?rest_route=\/wp\/v2\/posts\/10351\/revisions"}],"predecessor-version":[{"id":10353,"href":"https:\/\/ciudadliberal.cl\/index.php?rest_route=\/wp\/v2\/posts\/10351\/revisions\/10353"}],"wp:featuredmedia":[{"embeddable":true,"href":"https:\/\/ciudadliberal.cl\/index.php?rest_route=\/wp\/v2\/media\/10352"}],"wp:attachment":[{"href":"https:\/\/ciudadliberal.cl\/index.php?rest_route=%2Fwp%2Fv2%2Fmedia&parent=10351"}],"wp:term":[{"taxonomy":"category","embeddable":true,"href":"https:\/\/ciudadliberal.cl\/index.php?rest_route=%2Fwp%2Fv2%2Fcategories&post=10351"},{"taxonomy":"post_tag","embeddable":true,"href":"https:\/\/ciudadliberal.cl\/index.php?rest_route=%2Fwp%2Fv2%2Ftags&post=10351"}],"curies":[{"name":"wp","href":"https:\/\/api.w.org\/{rel}","templated":true}]}}