{"id":10347,"date":"2023-11-23T15:30:26","date_gmt":"2023-11-23T19:30:26","guid":{"rendered":"https:\/\/ciudadliberal.cl\/?p=10347"},"modified":"2023-11-23T15:30:28","modified_gmt":"2023-11-23T19:30:28","slug":"latinoamerica-pobreza-baja-y-llega-a-niveles-prepandemicos","status":"publish","type":"post","link":"https:\/\/ciudadliberal.cl\/?p=10347","title":{"rendered":"Latinoam\u00e9rica: pobreza baja y llega a niveles prepand\u00e9micos"},"content":{"rendered":"\n<p>\u00abAunque destacamos la reducci\u00f3n de la pobreza en 2022, no hay razones para celebrar\u00bb, advirti\u00f3 el organismo. \u00abCasi un tercio de la poblaci\u00f3n de la regi\u00f3n vive en situaci\u00f3n de pobreza\u00bb.<\/p>\n\n\n\n<p><a href=\"https:\/\/www.facebook.com\/sharer\/sharer.php?u=https:\/\/p.dw.com\/p\/4ZMxX%3Fmaca%3Des-Facebook-sharing\" target=\"_blank\" rel=\"noreferrer noopener\"><\/a><a href=\"https:\/\/twitter.com\/intent\/tweet?source=webclient&amp;text=Latinoam%C3%A9rica%3A%20pobreza%20baja%20y%20llega%20a%20niveles%20prepand%C3%A9micos+https:\/\/p.dw.com\/p\/4ZMxX%3Fmaca%3Des-Twitter-sharing\" target=\"_blank\" rel=\"noreferrer noopener\"><\/a><\/p>\n\n\n\n<p>La tasa de pobreza en Latinoam\u00e9rica descendi\u00f3 en 2022 a 29 %, lo que equivale a 181 millones de personas, y es 1,2 % menor al nivel registrado antes de la pandemia de covid-19, revel\u00f3 la&nbsp;<a href=\"https:\/\/www.dw.com\/es\/cepal\/t-19503805\">Comisi\u00f3n Econ\u00f3mica para Am\u00e9rica Latina y el Caribe (Cepal)<\/a>&nbsp;este jueves (23.11.2023).<\/p>\n\n\n\n<p>La tasa de pobreza extrema tambi\u00e9n baj\u00f3 hasta 11,2 % de la poblaci\u00f3n (70 millones de personas), lo que se mantiene en niveles similares a 2019, indic\u00f3 el organismo dependiente de la&nbsp;<a href=\"https:\/\/www.dw.com\/es\/onu\/t-17409613\">ONU<\/a>&nbsp;en una nueva edici\u00f3n del informe&nbsp;<em>Panorama Social de Am\u00e9rica Latina y el Caribe<\/em>.<\/p>\n\n\n\n<p>\u00abAunque destacamos la reducci\u00f3n de la pobreza en 2022, no hay razones para celebrar. M\u00e1s de 180 millones de personas en nuestra regi\u00f3n no cuentan con ingresos suficientes para cubrir sus necesidades b\u00e1sicas y entre ellas 70 millones no tienen ingresos para adquirir una canasta b\u00e1sica de alimentos\u00bb, lament\u00f3 el secretario ejecutivo de la Cepal, Jos\u00e9 Manuel Salazar-Xirinachs.<\/p>\n\n\n\n<p>\u00abEn total, casi un tercio de la poblaci\u00f3n de la regi\u00f3n vive en situaci\u00f3n de pobreza, porcentaje que se eleva a 42,5% en el caso de la poblaci\u00f3n infantil y adolescente, una realidad que no podemos tolerar\u00bb, agreg\u00f3.<\/p>\n\n\n\n<p>El organismo alert\u00f3 adem\u00e1s que la tasa de crecimiento del PIB regional esperada para 2023 \u00abno permite prever nuevas mejoras en materia de pobreza para este a\u00f1o\u00bb.<\/p>\n\n\n\n<p>Latinoam\u00e9rica, la regi\u00f3n m\u00e1s desigual del mundo y la m\u00e1s afectada por la pandemia, creci\u00f3 6,9 % en 2021, como rebote tras el desplome de\u00a06,8 % registrado en 2020, la mayor recesi\u00f3n en 120 a\u00f1os.\u00a0<\/p>\n\n\n\n<p><\/p>\n\n\n\n<p>V\u00eda: <a href=\"https:\/\/www.dw.com\/es\/pobreza-en-latinoam%C3%A9rica-baja-y-alcanza-niveles-prepand%C3%A9micos-seg%C3%BAn-cepal\/a-67535083\">DW<\/a><\/p>\n\n\n\n<p><a href=\"\/\/p.dw.com\/p\/4ZMxX%3Fmaca%3Des-Whatsapp-sharing\" target=\"_blank\" rel=\"noreferrer noopener\"><\/a><a href=\"mailto:?body=https:\/\/p.dw.com\/p\/4ZMxX%3Fmaca%3Des-EMail-sharing&amp;subject=Latinoam%C3%A9rica%3A%20pobreza%20baja%20y%20llega%20a%20niveles%20prepand%C3%A9micos\" target=\"_blank\" rel=\"noreferrer noopener\"><\/a><a href=\"https:\/\/meneame.net\/submit.php?url=https:\/\/p.dw.com\/p\/4ZMxX%3Fmaca%3Des-Meneame-sharing\" target=\"_blank\" rel=\"noreferrer noopener\"><\/a><a href=\"\/\/share\/?link=https:\/\/p.dw.com\/p\/4ZMxX%3Fmaca%3Des-Facebook%20messenger-sharing\" target=\"_blank\" rel=\"noreferrer noopener\"><\/a><a href=\"https:\/\/www.linkedin.com\/shareArticle?mini=true&amp;url=https:\/\/p.dw.com\/p\/4ZMxX%3Fmaca%3Des-linkedin-sharing&amp;title=Latinoam%C3%A9rica%3A%20pobreza%20baja%20y%20llega%20a%20niveles%20prepand%C3%A9micos&amp;source=DW.COM\" target=\"_blank\" rel=\"noreferrer noopener\"><\/a><a href=\"sms:?&amp;body=https:\/\/p.dw.com\/p\/4ZMxX%3Fmaca%3Des-SMS-sharing\" target=\"_blank\" rel=\"noreferrer noopener\"><\/a><\/p>\n","protected":false},"excerpt":{"rendered":"<p>\u00abAunque destacamos la reducci\u00f3n de la pobreza en 2022, no hay razones para celebrar\u00bb, advirti\u00f3 el organismo. \u00abCasi un tercio de la poblaci\u00f3n de la regi\u00f3n vive en situaci\u00f3n de pobreza\u00bb. La tasa de pobreza en Latinoam\u00e9rica descendi\u00f3 en 2022 a 29 %, lo que equivale a 181 millones de personas, y es 1,2 % [&hellip;]<\/p>\n","protected":false},"author":1,"featured_media":10348,"comment_status":"closed","ping_status":"closed","sticky":false,"template":"","format":"standard","meta":{"footnotes":""},"categories":[14,2],"tags":[],"class_list":["post-10347","post","type-post","status-publish","format-standard","has-post-thumbnail","hentry","category-entertainment","category-portada"],"_links":{"self":[{"href":"https:\/\/ciudadliberal.cl\/index.php?rest_route=\/wp\/v2\/posts\/10347","targetHints":{"allow":["GET"]}}],"collection":[{"href":"https:\/\/ciudadliberal.cl\/index.php?rest_route=\/wp\/v2\/posts"}],"about":[{"href":"https:\/\/ciudadliberal.cl\/index.php?rest_route=\/wp\/v2\/types\/post"}],"author":[{"embeddable":true,"href":"https:\/\/ciudadliberal.cl\/index.php?rest_route=\/wp\/v2\/users\/1"}],"replies":[{"embeddable":true,"href":"https:\/\/ciudadliberal.cl\/index.php?rest_route=%2Fwp%2Fv2%2Fcomments&post=10347"}],"version-history":[{"count":1,"href":"https:\/\/ciudadliberal.cl\/index.php?rest_route=\/wp\/v2\/posts\/10347\/revisions"}],"predecessor-version":[{"id":10349,"href":"https:\/\/ciudadliberal.cl\/index.php?rest_route=\/wp\/v2\/posts\/10347\/revisions\/10349"}],"wp:featuredmedia":[{"embeddable":true,"href":"https:\/\/ciudadliberal.cl\/index.php?rest_route=\/wp\/v2\/media\/10348"}],"wp:attachment":[{"href":"https:\/\/ciudadliberal.cl\/index.php?rest_route=%2Fwp%2Fv2%2Fmedia&parent=10347"}],"wp:term":[{"taxonomy":"category","embeddable":true,"href":"https:\/\/ciudadliberal.cl\/index.php?rest_route=%2Fwp%2Fv2%2Fcategories&post=10347"},{"taxonomy":"post_tag","embeddable":true,"href":"https:\/\/ciudadliberal.cl\/index.php?rest_route=%2Fwp%2Fv2%2Ftags&post=10347"}],"curies":[{"name":"wp","href":"https:\/\/api.w.org\/{rel}","templated":true}]}}