{"id":10344,"date":"2023-11-21T09:25:08","date_gmt":"2023-11-21T13:25:08","guid":{"rendered":"https:\/\/ciudadliberal.cl\/?p=10344"},"modified":"2023-11-21T09:25:10","modified_gmt":"2023-11-21T13:25:10","slug":"cumbre-g20-berlin-llamado-a-invertir-en-potencial-de-africa","status":"publish","type":"post","link":"https:\/\/ciudadliberal.cl\/?p=10344","title":{"rendered":"Cumbre G20 Berl\u00edn: llamado a invertir en potencial de \u00c1frica"},"content":{"rendered":"\n<p>El presidente de la Uni\u00f3n Africana, Moussa Faki, invit\u00f3 en cumbre de iniciativa alemana Compact with Africa a invertir en potencial del continente, tambi\u00e9n en materia energ\u00e9tica, en favor de ambas partes.<\/p>\n\n\n\n<p><a href=\"https:\/\/www.facebook.com\/sharer\/sharer.php?u=https:\/\/p.dw.com\/p\/4ZEHy%3Fmaca%3Des-Facebook-sharing\" target=\"_blank\" rel=\"noreferrer noopener\"><\/a><a href=\"https:\/\/twitter.com\/intent\/tweet?source=webclient&amp;text=Cumbre%20G20%20Berl%C3%ADn%3A%20llamado%20a%20invertir%20en%20potencial%20de%20%C3%81frica+https:\/\/p.dw.com\/p\/4ZEHy%3Fmaca%3Des-Twitter-sharing\" target=\"_blank\" rel=\"noreferrer noopener\"><\/a><\/p>\n\n\n\n<p>Faki habl\u00f3 del \u00abextraordinario potencial que se puede explotar, tanto para el sector privado en&nbsp;<a href=\"https:\/\/www.dw.com\/es\/olaf-scholz-empieza-gira-africana-en-nigeria\/a-67250323\">Alemania<\/a>&nbsp; como en Europa y en todo el mundo que quiera invertir\u00bb, que \u00abpermitir\u00e1 obtener beneficios, que es muy rentable\u00bb y, en segundo lugar, \u00abgenerar energ\u00eda limpia, energ\u00eda renovable, preferiblemente energ\u00eda verde\u00bb.<\/p>\n\n\n\n<p>\u00abEso es posible y es en inter\u00e9s de toda la humanidad\u00bb, a\u00f1adi\u00f3, y se refiri\u00f3 a los 30 millones de metros cuadrados de superficie, a los 1.450 millones de personas, al 60 % de tierras agr\u00edcolas no utilizadas en \u00c1frica, a la cuenca del Congo, a varios millones de kil\u00f3metros cuadrados de bosques, a agua, a arroyos, a r\u00edos, a \u00abrecursos naturales considerables\u00bb.<\/p>\n\n\n\n<p>\u00abPero al mismo tiempo, tambi\u00e9n es un continente en el que 600 millones de personas no tienen acceso a la electricidad y eso cuando hoy estamos hablando de la transici\u00f3n energ\u00e9tica\u00bb, a\u00f1adi\u00f3 durante una rueda de prensa conjunta con&nbsp;<a href=\"https:\/\/www.dw.com\/es\/alemania-y-su-b%C3%BAsqueda-de-aliados-en-%C3%A1frica\/a-65540102\">el canciller alem\u00e1n, Olaf Scholz<\/a>, y el presidente de las Comores, Assoumani Azali.<\/p>\n\n\n\n<h2 class=\"wp-block-heading\">No debe ser \u00abayuda al desarrollo\u00bb sino \u00abasociaci\u00f3n\u00bb en beneficio de ambas partes<\/h2>\n\n\n\n<p>Se mostr\u00f3 convencido de que invertir en \u00c1frica \u00abno es ayuda al desarrollo\u00bb sino que constituye \u00abuna \u00abasociaci\u00f3n en la que todos salen ganando\u00bb y subray\u00f3 que \u00abla clave es la energ\u00eda\u00bb. Para modernizar la agricultura y garantizar la seguridad alimentaria es necesaria invertir en energ\u00eda, al igual que para industrializar \u00c1frica y conectar el continente con redes ferroviarias, puertos, aeropuertos y medios de transporte, agreg\u00f3.<\/p>\n\n\n\n<p>Insisti\u00f3 en las \u00abbuenas razones para invertir\u00bb en un continente con una poblaci\u00f3n joven y creciente para que este \u00abconsiderable potencial\u00bb beneficie al pueblo africano, as\u00ed como a sus socios, y subray\u00f3 que \u00c1frica est\u00e1 abierta a \u00abtodo tipo de asociaciones\u00bb.<\/p>\n\n\n\n<p>Resalt\u00f3, adem\u00e1s, que esto har\u00eda que los j\u00f3venes africanos no emprendieran la peligrosa traves\u00eda a trav\u00e9s del Mediterr\u00e1neo que se ha cobrado miles de vidas, sino que se quedaran en el continente y pudieran beneficiarse de las condiciones all\u00ed para poder trabajar para su propio pueblo.<\/p>\n\n\n\n<p><\/p>\n\n\n\n<p>V\u00eda: <a href=\"https:\/\/www.dw.com\/es\/cumbre-compact-g20-por-%C3%A1frica-en-berl%C3%ADn-invitaci%C3%B3n-a-invertir-en-potencial-energ%C3%A9tico-de-%C3%A1frica\/a-67501754\">DW<\/a><\/p>\n\n\n\n<p><a href=\"\/\/p.dw.com\/p\/4ZEHy%3Fmaca%3Des-Whatsapp-sharing\" target=\"_blank\" rel=\"noreferrer noopener\"><\/a><a href=\"mailto:?body=https:\/\/p.dw.com\/p\/4ZEHy%3Fmaca%3Des-EMail-sharing&amp;subject=Cumbre%20G20%20Berl%C3%ADn%3A%20llamado%20a%20invertir%20en%20potencial%20de%20%C3%81frica\" target=\"_blank\" rel=\"noreferrer noopener\"><\/a><a href=\"https:\/\/meneame.net\/submit.php?url=https:\/\/p.dw.com\/p\/4ZEHy%3Fmaca%3Des-Meneame-sharing\" target=\"_blank\" rel=\"noreferrer noopener\"><\/a><a href=\"\/\/share\/?link=https:\/\/p.dw.com\/p\/4ZEHy%3Fmaca%3Des-Facebook%20messenger-sharing\" target=\"_blank\" rel=\"noreferrer noopener\"><\/a><a href=\"https:\/\/www.linkedin.com\/shareArticle?mini=true&amp;url=https:\/\/p.dw.com\/p\/4ZEHy%3Fmaca%3Des-linkedin-sharing&amp;title=Cumbre%20G20%20Berl%C3%ADn%3A%20llamado%20a%20invertir%20en%20potencial%20de%20%C3%81frica&amp;source=DW.COM\" target=\"_blank\" rel=\"noreferrer noopener\"><\/a><a href=\"sms:?&amp;body=https:\/\/p.dw.com\/p\/4ZEHy%3Fmaca%3Des-SMS-sharing\" target=\"_blank\" rel=\"noreferrer noopener\"><\/a><\/p>\n","protected":false},"excerpt":{"rendered":"<p>El presidente de la Uni\u00f3n Africana, Moussa Faki, invit\u00f3 en cumbre de iniciativa alemana Compact with Africa a invertir en potencial del continente, tambi\u00e9n en materia energ\u00e9tica, en favor de ambas partes. Faki habl\u00f3 del \u00abextraordinario potencial que se puede explotar, tanto para el sector privado en&nbsp;Alemania&nbsp; como en Europa y en todo el mundo [&hellip;]<\/p>\n","protected":false},"author":1,"featured_media":10345,"comment_status":"closed","ping_status":"closed","sticky":false,"template":"","format":"standard","meta":{"footnotes":""},"categories":[14,2],"tags":[],"class_list":["post-10344","post","type-post","status-publish","format-standard","has-post-thumbnail","hentry","category-entertainment","category-portada"],"_links":{"self":[{"href":"https:\/\/ciudadliberal.cl\/index.php?rest_route=\/wp\/v2\/posts\/10344","targetHints":{"allow":["GET"]}}],"collection":[{"href":"https:\/\/ciudadliberal.cl\/index.php?rest_route=\/wp\/v2\/posts"}],"about":[{"href":"https:\/\/ciudadliberal.cl\/index.php?rest_route=\/wp\/v2\/types\/post"}],"author":[{"embeddable":true,"href":"https:\/\/ciudadliberal.cl\/index.php?rest_route=\/wp\/v2\/users\/1"}],"replies":[{"embeddable":true,"href":"https:\/\/ciudadliberal.cl\/index.php?rest_route=%2Fwp%2Fv2%2Fcomments&post=10344"}],"version-history":[{"count":1,"href":"https:\/\/ciudadliberal.cl\/index.php?rest_route=\/wp\/v2\/posts\/10344\/revisions"}],"predecessor-version":[{"id":10346,"href":"https:\/\/ciudadliberal.cl\/index.php?rest_route=\/wp\/v2\/posts\/10344\/revisions\/10346"}],"wp:featuredmedia":[{"embeddable":true,"href":"https:\/\/ciudadliberal.cl\/index.php?rest_route=\/wp\/v2\/media\/10345"}],"wp:attachment":[{"href":"https:\/\/ciudadliberal.cl\/index.php?rest_route=%2Fwp%2Fv2%2Fmedia&parent=10344"}],"wp:term":[{"taxonomy":"category","embeddable":true,"href":"https:\/\/ciudadliberal.cl\/index.php?rest_route=%2Fwp%2Fv2%2Fcategories&post=10344"},{"taxonomy":"post_tag","embeddable":true,"href":"https:\/\/ciudadliberal.cl\/index.php?rest_route=%2Fwp%2Fv2%2Ftags&post=10344"}],"curies":[{"name":"wp","href":"https:\/\/api.w.org\/{rel}","templated":true}]}}