{"id":10341,"date":"2023-11-21T09:17:40","date_gmt":"2023-11-21T13:17:40","guid":{"rendered":"https:\/\/ciudadliberal.cl\/?p=10341"},"modified":"2023-11-21T09:17:42","modified_gmt":"2023-11-21T13:17:42","slug":"milei-ratifico-que-privatizara-los-medios-publicos-y-la-petrolera-ypf","status":"publish","type":"post","link":"https:\/\/ciudadliberal.cl\/?p=10341","title":{"rendered":"Milei ratific\u00f3 que privatizar\u00e1 los medios p\u00fablicos y la petrolera YPF"},"content":{"rendered":"\n<p>Sobre la empresa, el mandatario electo manifest\u00f3 que \u00ablo primero que hay que hacer es recomponerla\u00bb.<\/p>\n\n\n\n<p>El economista libertario afirm\u00f3 adem\u00e1s que \u00abtiene que ser privatizado\u00bb tanto la Televisi\u00f3n P\u00fablica como Radio Nacional y la agencia estatal de noticias T\u00e9lam.<\/p>\n\n\n\n<p>El presidente electo de Argentina,&nbsp;<strong>Javier Milei<\/strong>, ratific\u00f3 este lunes una de las ideas que desarroll\u00f3 durante la campa\u00f1a electoral: la privatizaci\u00f3n de los medios p\u00fablicos y de la petrolera de mayor\u00eda estatal, YPF.<\/p>\n\n\n\n<p><strong>\u00abTodo lo que pueda estar en las manos del sector privado va a estar en las manos del sector privado\u00bb<\/strong>, afirm\u00f3 Milei en una entrevista con radio Mitre, al d\u00eda siguiente de&nbsp;<a href=\"https:\/\/www.cooperativa.cl\/noticias\/mundo\/argentina\/elecciones\/javier-milei-sera-el-proximo-presidente-de-argentina\/2023-11-19\/195908.html\">ganar el balotaje<\/a>&nbsp;que lo llevar\u00e1 a la Presidencia de Argentina el 10 de diciembre pr\u00f3ximo.<\/p>\n\n\n\n<p>Milei mencion\u00f3 su intenci\u00f3n de vender YPF, la petrolera controlada por el Estado argentino desde 2012, una estatizaci\u00f3n de las acciones en manos de la espa\u00f1ola Repsol que deriv\u00f3 en un reciente fallo en Estados Unidos, que oblig\u00f3 a Argentina a pagar 16 mil millones de d\u00f3lares al fondo Burford Capital y que el Estado apel\u00f3.<\/p>\n\n\n\n<p><strong>\u00abLo primero que hay que hacer es recomponerla\u00bb<\/strong>, dijo Milei sobre YPF, al se\u00f1alar \u00abel deterioro\u00bb de la empresa en t\u00e9rminos de resultados que hizo que valiera \u00abmuch\u00edsimo menos\u00bb que cuando se la \u00abexpropi\u00f3\u00bb.<\/p>\n\n\n\n<p>YPF fue creada en 1922 en Argentina y fue la primara petrolera estatal integrada verticalmente en todo el mundo, pero en la d\u00e9cada del 90 se cambi\u00f3 el tipo societario y en 1999 fue privatizada y vendida a Repsol, que vendi\u00f3 un 25 por ciento de su parte a Petersen Energ\u00eda desde 2007, hasta que el Estado expropi\u00f3 el 51&nbsp;por ciento de las acciones en manos de Repsol en 2012.<\/p>\n\n\n\n<p>\u00abEn la transici\u00f3n que estamos pensando en la cuesti\u00f3n energ\u00e9tica,&nbsp;<strong>tanto Enarsa como YPF tienen un rol mientras se racionalicen las estructuras<\/strong>, se las pone a crear valor para que se las pueda vender de una manera muy beneficiosa para los argentinos\u00bb, explic\u00f3 el presidente electo.<\/p>\n\n\n\n<p>Las acciones de YPF suben m\u00e1s del 29 por ciento en Wall Street y m\u00e1s del 10 por cineto en Argentina, luego de que Milei propusiera su privatizaci\u00f3n.<\/p>\n\n\n\n<p>El economista libertario afirm\u00f3 adem\u00e1s que \u00abtiene que ser privatizado\u00bb tanto la&nbsp;<strong>Televisi\u00f3n P\u00fablica<\/strong>&nbsp;como&nbsp;<strong>Radio Nacional<\/strong>&nbsp;y la agencia estatal de noticias&nbsp;<strong>T\u00e9lam<\/strong>.<\/p>\n\n\n\n<p><strong>\u00abLa Televisi\u00f3n P\u00fablica se ha convertido en un mecanismo de propaganda\u00bb<\/strong>, afirm\u00f3 el l\u00edder de La Libertad Avanza (ultraderecha) y record\u00f3 que el 75 por ciento del tiempo que se habl\u00f3 sobre su espacio durante la campa\u00f1a electoral se hizo \u00abde manera negativa\u00bb y \u00ablevantando las mentiras y abonando a la campa\u00f1a del miedo\u00bb que, consider\u00f3, le hizo su rival.<\/p>\n\n\n\n<p><strong>\u00abNo adhiero a tener un ministerio de propaganda encubierta\u00bb<\/strong>, se\u00f1al\u00f3 Milei.<\/p>\n\n\n\n<p>El l\u00edder de La Libertad Avanza (ultaderecha) venci\u00f3 este domingo con 55,69\u00a0por ciento de los votos al candidato oficialista (peronismo), el actual ministro de Econom\u00eda, Sergio Massa, quien obtuvo 44,3 por ciento, para ocupar la presidencia de Argentina.<\/p>\n\n\n\n<p><\/p>\n\n\n\n<p>V\u00eda: <a href=\"https:\/\/www.cooperativa.cl\/noticias\/mundo\/argentina\/elecciones\/milei-ratifico-que-privatizara-los-medios-publicos-y-la-petrolera-ypf\/2023-11-20\/143140.html\">Cooperativa<\/a><\/p>\n","protected":false},"excerpt":{"rendered":"<p>Sobre la empresa, el mandatario electo manifest\u00f3 que \u00ablo primero que hay que hacer es recomponerla\u00bb. El economista libertario afirm\u00f3 adem\u00e1s que \u00abtiene que ser privatizado\u00bb tanto la Televisi\u00f3n P\u00fablica como Radio Nacional y la agencia estatal de noticias T\u00e9lam. El presidente electo de Argentina,&nbsp;Javier Milei, ratific\u00f3 este lunes una de las ideas que desarroll\u00f3 [&hellip;]<\/p>\n","protected":false},"author":1,"featured_media":10342,"comment_status":"closed","ping_status":"closed","sticky":false,"template":"","format":"standard","meta":{"footnotes":""},"categories":[14,2],"tags":[],"class_list":["post-10341","post","type-post","status-publish","format-standard","has-post-thumbnail","hentry","category-entertainment","category-portada"],"_links":{"self":[{"href":"https:\/\/ciudadliberal.cl\/index.php?rest_route=\/wp\/v2\/posts\/10341","targetHints":{"allow":["GET"]}}],"collection":[{"href":"https:\/\/ciudadliberal.cl\/index.php?rest_route=\/wp\/v2\/posts"}],"about":[{"href":"https:\/\/ciudadliberal.cl\/index.php?rest_route=\/wp\/v2\/types\/post"}],"author":[{"embeddable":true,"href":"https:\/\/ciudadliberal.cl\/index.php?rest_route=\/wp\/v2\/users\/1"}],"replies":[{"embeddable":true,"href":"https:\/\/ciudadliberal.cl\/index.php?rest_route=%2Fwp%2Fv2%2Fcomments&post=10341"}],"version-history":[{"count":1,"href":"https:\/\/ciudadliberal.cl\/index.php?rest_route=\/wp\/v2\/posts\/10341\/revisions"}],"predecessor-version":[{"id":10343,"href":"https:\/\/ciudadliberal.cl\/index.php?rest_route=\/wp\/v2\/posts\/10341\/revisions\/10343"}],"wp:featuredmedia":[{"embeddable":true,"href":"https:\/\/ciudadliberal.cl\/index.php?rest_route=\/wp\/v2\/media\/10342"}],"wp:attachment":[{"href":"https:\/\/ciudadliberal.cl\/index.php?rest_route=%2Fwp%2Fv2%2Fmedia&parent=10341"}],"wp:term":[{"taxonomy":"category","embeddable":true,"href":"https:\/\/ciudadliberal.cl\/index.php?rest_route=%2Fwp%2Fv2%2Fcategories&post=10341"},{"taxonomy":"post_tag","embeddable":true,"href":"https:\/\/ciudadliberal.cl\/index.php?rest_route=%2Fwp%2Fv2%2Ftags&post=10341"}],"curies":[{"name":"wp","href":"https:\/\/api.w.org\/{rel}","templated":true}]}}