{"id":10337,"date":"2023-11-18T23:11:47","date_gmt":"2023-11-19T03:11:47","guid":{"rendered":"https:\/\/ciudadliberal.cl\/?p=10337"},"modified":"2023-11-18T23:11:50","modified_gmt":"2023-11-19T03:11:50","slug":"alemania-pide-mejorar-la-situacion-humanitaria-en-gaza","status":"publish","type":"post","link":"https:\/\/ciudadliberal.cl\/?p=10337","title":{"rendered":"Alemania pide \u00abmejorar la situaci\u00f3n humanitaria\u00bb en Gaza"},"content":{"rendered":"\n<p>El canciller alem\u00e1n Olaf Scholz y el primer ministro israel\u00ed Benjamin Netanyahu conversaron por tel\u00e9fono. Scholz pidi\u00f3 la aplicaci\u00f3n de \u00abpausas humanitarias al fuego\u00bb. Netanyahu recalc\u00f3 su protecci\u00f3n de los civiles.<\/p>\n\n\n\n<p><a href=\"https:\/\/www.facebook.com\/sharer\/sharer.php?u=https:\/\/p.dw.com\/p\/4Z8Tk%3Fmaca%3Des-Facebook-sharing\" target=\"_blank\" rel=\"noreferrer noopener\"><\/a><a href=\"https:\/\/twitter.com\/intent\/tweet?source=webclient&amp;text=Alemania%20pide%20%22mejorar%20la%20situaci%C3%B3n%20humanitaria%22%20en%20Gaza+https:\/\/p.dw.com\/p\/4Z8Tk%3Fmaca%3Des-Twitter-sharing\" target=\"_blank\" rel=\"noreferrer noopener\"><\/a><\/p>\n\n\n\n<p>El canciller alem\u00e1n&nbsp;<a href=\"https:\/\/www.dw.com\/es\/scholz-olaf\/t-44513219\">Olaf Scholz<\/a>&nbsp;destac\u00f3 este s\u00e1bado (18.11.2023) en una conversaci\u00f3n telef\u00f3nica con su par israel\u00ed Benjamin Netanyahu \u00abla necesidad urgente de mejorar la situaci\u00f3n humanitaria de los habitantes de la&nbsp;<a href=\"https:\/\/www.dw.com\/es\/franja-de-gaza\/t-67111647\">Franja de Gaza<\/a>\u00ab, donde las tropas israel\u00edes llevan a cabo una ofensiva contra el movimiento terrorista palestino Ham\u00e1s.<\/p>\n\n\n\n<p>La aplicaci\u00f3n de \u00abpausas humanitarias al fuego podr\u00edan contribuir a una mejora sustancial de la atenci\u00f3n a la poblaci\u00f3n\u00bb, agreg\u00f3 la canciller\u00eda en un comunicado.<\/p>\n\n\n\n<p>Por su parte, Netanyahu recalc\u00f3 en la llamada \u00ablos esfuerzos de Israel para proteger a los civiles de la Franja de Gaza\u00bb, y asegur\u00f3 que estos se vieron \u00absiempre contrariados por Ham\u00e1s\u00bb, seg\u00fan el texto del gobierno alem\u00e1n.<\/p>\n\n\n\n<figure class=\"wp-block-image size-large\"><img loading=\"lazy\" decoding=\"async\" width=\"1024\" height=\"576\" src=\"https:\/\/ciudadliberal.cl\/wp-content\/uploads\/2023\/11\/image-2-1024x576.png\" alt=\"\" class=\"wp-image-10338\" srcset=\"https:\/\/ciudadliberal.cl\/wp-content\/uploads\/2023\/11\/image-2-1024x576.png 1024w, https:\/\/ciudadliberal.cl\/wp-content\/uploads\/2023\/11\/image-2-300x169.png 300w, https:\/\/ciudadliberal.cl\/wp-content\/uploads\/2023\/11\/image-2-768x432.png 768w, https:\/\/ciudadliberal.cl\/wp-content\/uploads\/2023\/11\/image-2-747x420.png 747w, https:\/\/ciudadliberal.cl\/wp-content\/uploads\/2023\/11\/image-2-640x360.png 640w, https:\/\/ciudadliberal.cl\/wp-content\/uploads\/2023\/11\/image-2-681x383.png 681w, https:\/\/ciudadliberal.cl\/wp-content\/uploads\/2023\/11\/image-2.png 1110w\" sizes=\"auto, (max-width: 1024px) 100vw, 1024px\" \/><figcaption class=\"wp-element-caption\">Erdogan (izquierda en la imagen) y Scholz dan una rueda de prensa en Berl\u00edn (17.11.2023)<\/figcaption><\/figure>\n\n\n\n<p>El contacto telef\u00f3nico se dio al d\u00eda siguiente de la&nbsp;<a href=\"https:\/\/www.dw.com\/es\/presidente-alem%C3%A1n-recibe-a-erdogan-en-controvertida-visita-a-berl%C3%ADn\/a-67464811\">visita a Alemania del presidente turco Recep Tayyip Erdogan<\/a>, que mostr\u00f3 discrepancias entre ambos pa\u00edses respecto al conflicto en Medio Oriente.<\/p>\n\n\n\n<p>En una rueda de prensa conjunta, Scholz inst\u00f3 a \u00abno cuestionar\u00bb el \u00abderecho de Israel a defenderse\u00bb, en tanto que Erdogan llam\u00f3 a Israel a frenar \u00abinmediatamente\u00bb los bombardeos en Gaza.<\/p>\n\n\n\n<p>El conflicto se inici\u00f3 cuando comandos de Ham\u00e1s mataron el 7 de octubre a 1.200 personas en suelo israel\u00ed, la mayor\u00eda de ellas civiles, y secuestraron, junto a otros grupos armados, a unas 240 personas, seg\u00fan las autoridades israel\u00edes.\u00a0<\/p>\n\n\n\n<p><\/p>\n\n\n\n<p><\/p>\n\n\n\n<p>V\u00eda: <a href=\"https:\/\/www.dw.com\/es\/alemania-pide-a-israel-mejorar-la-situaci%C3%B3n-humanitaria-en-gaza\/a-67479420\">DW<\/a><\/p>\n\n\n\n<p><a href=\"\/\/p.dw.com\/p\/4Z8Tk%3Fmaca%3Des-Whatsapp-sharing\" target=\"_blank\" rel=\"noreferrer noopener\"><\/a><a href=\"mailto:?body=https:\/\/p.dw.com\/p\/4Z8Tk%3Fmaca%3Des-EMail-sharing&amp;subject=Alemania%20pide%20%22mejorar%20la%20situaci%C3%B3n%20humanitaria%22%20en%20Gaza\" target=\"_blank\" rel=\"noreferrer noopener\"><\/a><a href=\"https:\/\/meneame.net\/submit.php?url=https:\/\/p.dw.com\/p\/4Z8Tk%3Fmaca%3Des-Meneame-sharing\" target=\"_blank\" rel=\"noreferrer noopener\"><\/a><a href=\"\/\/share\/?link=https:\/\/p.dw.com\/p\/4Z8Tk%3Fmaca%3Des-Facebook%20messenger-sharing\" target=\"_blank\" rel=\"noreferrer noopener\"><\/a><a href=\"https:\/\/www.linkedin.com\/shareArticle?mini=true&amp;url=https:\/\/p.dw.com\/p\/4Z8Tk%3Fmaca%3Des-linkedin-sharing&amp;title=Alemania%20pide%20%22mejorar%20la%20situaci%C3%B3n%20humanitaria%22%20en%20Gaza&amp;source=DW.COM\" target=\"_blank\" rel=\"noreferrer noopener\"><\/a><a href=\"sms:?&amp;body=https:\/\/p.dw.com\/p\/4Z8Tk%3Fmaca%3Des-SMS-sharing\" target=\"_blank\" rel=\"noreferrer noopener\"><\/a><\/p>\n","protected":false},"excerpt":{"rendered":"<p>El canciller alem\u00e1n Olaf Scholz y el primer ministro israel\u00ed Benjamin Netanyahu conversaron por tel\u00e9fono. Scholz pidi\u00f3 la aplicaci\u00f3n de \u00abpausas humanitarias al fuego\u00bb. Netanyahu recalc\u00f3 su protecci\u00f3n de los civiles. El canciller alem\u00e1n&nbsp;Olaf Scholz&nbsp;destac\u00f3 este s\u00e1bado (18.11.2023) en una conversaci\u00f3n telef\u00f3nica con su par israel\u00ed Benjamin Netanyahu \u00abla necesidad urgente de mejorar la situaci\u00f3n [&hellip;]<\/p>\n","protected":false},"author":1,"featured_media":10339,"comment_status":"closed","ping_status":"closed","sticky":false,"template":"","format":"standard","meta":{"footnotes":""},"categories":[14,2],"tags":[],"class_list":["post-10337","post","type-post","status-publish","format-standard","has-post-thumbnail","hentry","category-entertainment","category-portada"],"_links":{"self":[{"href":"https:\/\/ciudadliberal.cl\/index.php?rest_route=\/wp\/v2\/posts\/10337","targetHints":{"allow":["GET"]}}],"collection":[{"href":"https:\/\/ciudadliberal.cl\/index.php?rest_route=\/wp\/v2\/posts"}],"about":[{"href":"https:\/\/ciudadliberal.cl\/index.php?rest_route=\/wp\/v2\/types\/post"}],"author":[{"embeddable":true,"href":"https:\/\/ciudadliberal.cl\/index.php?rest_route=\/wp\/v2\/users\/1"}],"replies":[{"embeddable":true,"href":"https:\/\/ciudadliberal.cl\/index.php?rest_route=%2Fwp%2Fv2%2Fcomments&post=10337"}],"version-history":[{"count":1,"href":"https:\/\/ciudadliberal.cl\/index.php?rest_route=\/wp\/v2\/posts\/10337\/revisions"}],"predecessor-version":[{"id":10340,"href":"https:\/\/ciudadliberal.cl\/index.php?rest_route=\/wp\/v2\/posts\/10337\/revisions\/10340"}],"wp:featuredmedia":[{"embeddable":true,"href":"https:\/\/ciudadliberal.cl\/index.php?rest_route=\/wp\/v2\/media\/10339"}],"wp:attachment":[{"href":"https:\/\/ciudadliberal.cl\/index.php?rest_route=%2Fwp%2Fv2%2Fmedia&parent=10337"}],"wp:term":[{"taxonomy":"category","embeddable":true,"href":"https:\/\/ciudadliberal.cl\/index.php?rest_route=%2Fwp%2Fv2%2Fcategories&post=10337"},{"taxonomy":"post_tag","embeddable":true,"href":"https:\/\/ciudadliberal.cl\/index.php?rest_route=%2Fwp%2Fv2%2Ftags&post=10337"}],"curies":[{"name":"wp","href":"https:\/\/api.w.org\/{rel}","templated":true}]}}