{"id":10326,"date":"2023-11-15T22:39:30","date_gmt":"2023-11-16T02:39:30","guid":{"rendered":"https:\/\/ciudadliberal.cl\/?p=10326"},"modified":"2023-11-15T22:39:32","modified_gmt":"2023-11-16T02:39:32","slug":"unicef-pide-poner-fin-al-horror-en-gaza","status":"publish","type":"post","link":"https:\/\/ciudadliberal.cl\/?p=10326","title":{"rendered":"Unicef pide \u00abponer fin al horror\u00bb en Gaza"},"content":{"rendered":"\n<p>La jefa de Unicef, Catherine Russell, denunci\u00f3 que los ni\u00f1os est\u00e1n sufriendo \u00abasesinatos, mutilaciones, secuestros, ataques a escuelas y hospitales, y la denegaci\u00f3n de acceso humanitario\u00bb.<\/p>\n\n\n\n<p>La directora del Fondo de las Naciones Unidas para la Infancia (<a href=\"https:\/\/www.dw.com\/es\/unicef\/t-17410540\">Unicef<\/a>), Catherine Russel, denunci\u00f3 el mi\u00e9rcoles (15.11.2023) la \u00abdevastaci\u00f3n\u00bb que presenci\u00f3 durante su visita a la&nbsp;<a href=\"https:\/\/www.dw.com\/es\/franja-de-gaza\/t-67111647\">Franja de Gaza<\/a>, y pidi\u00f3 a las partes en conflicto que pongan \u00abfin al horror\u00bb en el enclave palestino.<\/p>\n\n\n\n<p>\u00abLo que vi y lo que es escuch\u00e9 fue devastador. Han soportado bombardeos constantes, p\u00e9rdidas y desplazamientos. Dentro de la Franja no hay ning\u00fan lugar seguro para el mill\u00f3n de ni\u00f1os que viven\u00bb all\u00ed, afirm\u00f3 Russell en un comunicado emitido tras su visita.<\/p>\n\n\n\n<p>\u00abLas partes en conflicto est\u00e1n cometiendo graves violaciones contra los ni\u00f1os\u00bb, a\u00f1adi\u00f3. \u00abEstas incluyen asesinatos, mutilaciones, secuestros, ataques a escuelas y hospitales, y la denegaci\u00f3n de acceso humanitario, todo lo cual condena Unicef\u00bb.<\/p>\n\n\n\n<p>Israel prometi\u00f3 destruir al grupo terrorista Ham\u00e1s en respuesta a sus ataques del 7 de octubre, en los que, seg\u00fan afirma, murieron unas 1.200 personas, en su mayor\u00eda civiles. Otras 239 personas fueron tomadas como rehenes.<\/p>\n\n\n\n<p>El Ministerio de Sanidad de Gaza, dirigido por Ham\u00e1s, afirma que los bombardeos a\u00e9reos y la ofensiva terrestre posteriores de Israel han matado a 11.320 personas, tambi\u00e9n civiles en su mayor\u00eda.<\/p>\n\n\n\n<p>Russell es una de los pocos funcionarios internacionales que han visitado la Franja de Gaza desde que comenz\u00f3 la guerra tras un ataque sorpresa de Ham\u00e1s.<\/p>\n\n\n\n<p>En la declaraci\u00f3n pidi\u00f3 un \u00abalto al fuego humanitario inmediato\u00bb y que se permita la ayuda sin restricciones. Revel\u00f3 tambi\u00e9n que en el \u00e1rea \u00abneonatal del hospital, los beb\u00e9s se aferraban a la vida en<\/p>\n\n\n\n<p>incubadoras, mientras los m\u00e9dicos se preocupaban de c\u00f3mo podr\u00edan mantener las m\u00e1quinas sin combustible\u00bb.<\/p>\n\n\n\n<p>\u00abS\u00f3lo las partes en conflicto pueden realmente poner fin a este horror\u00bb, subray\u00f3.<\/p>\n\n\n\n<p><\/p>\n\n\n\n<p>V\u00eda: <a href=\"https:\/\/www.dw.com\/es\/unicef-pide-poner-fin-al-horror-en-gaza\/a-67411357\">DW<\/a><\/p>\n","protected":false},"excerpt":{"rendered":"<p>La jefa de Unicef, Catherine Russell, denunci\u00f3 que los ni\u00f1os est\u00e1n sufriendo \u00abasesinatos, mutilaciones, secuestros, ataques a escuelas y hospitales, y la denegaci\u00f3n de acceso humanitario\u00bb. La directora del Fondo de las Naciones Unidas para la Infancia (Unicef), Catherine Russel, denunci\u00f3 el mi\u00e9rcoles (15.11.2023) la \u00abdevastaci\u00f3n\u00bb que presenci\u00f3 durante su visita a la&nbsp;Franja de Gaza, [&hellip;]<\/p>\n","protected":false},"author":1,"featured_media":10327,"comment_status":"closed","ping_status":"closed","sticky":false,"template":"","format":"standard","meta":{"footnotes":""},"categories":[184,14,2],"tags":[],"class_list":["post-10326","post","type-post","status-publish","format-standard","has-post-thumbnail","hentry","category-derechos-humanos","category-entertainment","category-portada"],"_links":{"self":[{"href":"https:\/\/ciudadliberal.cl\/index.php?rest_route=\/wp\/v2\/posts\/10326","targetHints":{"allow":["GET"]}}],"collection":[{"href":"https:\/\/ciudadliberal.cl\/index.php?rest_route=\/wp\/v2\/posts"}],"about":[{"href":"https:\/\/ciudadliberal.cl\/index.php?rest_route=\/wp\/v2\/types\/post"}],"author":[{"embeddable":true,"href":"https:\/\/ciudadliberal.cl\/index.php?rest_route=\/wp\/v2\/users\/1"}],"replies":[{"embeddable":true,"href":"https:\/\/ciudadliberal.cl\/index.php?rest_route=%2Fwp%2Fv2%2Fcomments&post=10326"}],"version-history":[{"count":1,"href":"https:\/\/ciudadliberal.cl\/index.php?rest_route=\/wp\/v2\/posts\/10326\/revisions"}],"predecessor-version":[{"id":10328,"href":"https:\/\/ciudadliberal.cl\/index.php?rest_route=\/wp\/v2\/posts\/10326\/revisions\/10328"}],"wp:featuredmedia":[{"embeddable":true,"href":"https:\/\/ciudadliberal.cl\/index.php?rest_route=\/wp\/v2\/media\/10327"}],"wp:attachment":[{"href":"https:\/\/ciudadliberal.cl\/index.php?rest_route=%2Fwp%2Fv2%2Fmedia&parent=10326"}],"wp:term":[{"taxonomy":"category","embeddable":true,"href":"https:\/\/ciudadliberal.cl\/index.php?rest_route=%2Fwp%2Fv2%2Fcategories&post=10326"},{"taxonomy":"post_tag","embeddable":true,"href":"https:\/\/ciudadliberal.cl\/index.php?rest_route=%2Fwp%2Fv2%2Ftags&post=10326"}],"curies":[{"name":"wp","href":"https:\/\/api.w.org\/{rel}","templated":true}]}}