{"id":10297,"date":"2023-11-08T22:20:24","date_gmt":"2023-11-09T02:20:24","guid":{"rendered":"https:\/\/ciudadliberal.cl\/?p=10297"},"modified":"2023-11-08T22:20:26","modified_gmt":"2023-11-09T02:20:26","slug":"comision-europea-recomienda-iniciar-adhesion-de-ucrania","status":"publish","type":"post","link":"https:\/\/ciudadliberal.cl\/?p=10297","title":{"rendered":"Comisi\u00f3n Europea recomienda iniciar adhesi\u00f3n de Ucrania"},"content":{"rendered":"\n<p>El presidente ucraniano celebr\u00f3 la decisi\u00f3n del organismo europeo comprometi\u00e9ndose a seguir trabajando para ser parte de la UE.<\/p>\n\n\n\n<p>La Comisi\u00f3n Europea dio luz verde al inicio de&nbsp;<a href=\"https:\/\/www.dw.com\/es\/ampliaci%C3%B3n-de-la-ue-el-lento-camino-hacia-las-adhesiones\/a-66984321\">negociaciones de adhesi\u00f3n<\/a>&nbsp;con Ucrania, Moldavia y Bosnia-Herzegovina, mientras que recomend\u00f3 que se le conceda a Georgia el estatus de pa\u00eds candidato.&nbsp;<\/p>\n\n\n\n<p>\u00abHoy es un d\u00eda hist\u00f3rico porque la Comisi\u00f3n recomienda que el Consejo inicie negociaciones de&nbsp;<a href=\"https:\/\/www.dw.com\/es\/ucrania-un-paso-m%C3%A1s-cerca-de-ser-miembro-de-la-ue\/a-66018174\">adhesi\u00f3n con Ucrania<\/a>&nbsp;y Moldavia\u00bb, dijo la presidenta del Ejecutivo comunitario, Ursula von der Leyen, en rueda de prensa. Y a\u00f1adi\u00f3 que la Comisi\u00f3n recomienda la apertura de negociaciones de adhesi\u00f3n a la UE con Bosnia- Herzegovina \u00abuna vez que se alcance el grado necesario de cumplimiento de los criterios de membres\u00eda\u00bb.&nbsp;<\/p>\n\n\n\n<h2 class=\"wp-block-heading\">Zelenski califica de \u201chist\u00f3rico\u201d informe la CE<\/h2>\n\n\n\n<p>El presidente ucraniano,&nbsp;<a href=\"https:\/\/www.dw.com\/es\/zelenski-volodimir\/t-47318346\">Volodimir Zelenski<\/a>, calific\u00f3 en su discurso de anoche a la naci\u00f3n de \u201chist\u00f3rico\u201d el informe de evaluaci\u00f3n que la&nbsp;<a href=\"https:\/\/www.dw.com\/es\/comisi%C3%B3n-europea\/t-36866603\">Comisi\u00f3n Europea<\/a>&nbsp;public\u00f3 este mi\u00e9rcoles&nbsp;sobre el proceso de reformas que se le exige a Kiev para abrir, antes de final de a\u00f1o, negociaciones de adhesi\u00f3n a la UE.<\/p>\n\n\n\n<p>El l\u00edder ucraniano subray\u00f3 que su pa\u00eds seguir\u00e1 trabajando en el campo legislativo para seguir reforzando las instituciones, y record\u00f3 que la decisi\u00f3n final sobre el comienzo de las negociaciones no depende de la Comisi\u00f3n, sino de cada Estado miembro.<\/p>\n\n\n\n<p>\u201cNuestro pa\u00eds es plenamente consciente de que la entrada en la UE es una decisi\u00f3n pol\u00edtica de todos los pa\u00edses que est\u00e1n ya dentro de la comunidad y quieren ver a un nuevo Estado en la\u00a0<a href=\"https:\/\/www.dw.com\/es\/uni%C3%B3n-europea\/t-17410587\">Uni\u00f3n Europea<\/a>, pero es tambi\u00e9n trabajo de ese mismo Estado\u201d, concluy\u00f3 Zelenski.<\/p>\n\n\n\n<p><\/p>\n\n\n\n<p>V\u00eda: DW<\/p>\n\n\n\n<p><a rel=\"noreferrer noopener\" href=\"https:\/\/www.facebook.com\/sharer\/sharer.php?u=https:\/\/p.dw.com\/p\/4YZ1t%3Fmaca%3Des-Facebook-sharing\" target=\"_blank\"><\/a><a rel=\"noreferrer noopener\" href=\"https:\/\/twitter.com\/intent\/tweet?source=webclient&amp;text=Comisi%C3%B3n%20Europea%20recomienda%20iniciar%20adhesi%C3%B3n%20de%20Ucrania+https:\/\/p.dw.com\/p\/4YZ1t%3Fmaca%3Des-Twitter-sharing\" target=\"_blank\"><\/a><\/p>\n\n\n\n<p><a href=\"\/\/p.dw.com\/p\/4YZ1t%3Fmaca%3Des-Whatsapp-sharing\" target=\"_blank\" rel=\"noreferrer noopener\"><\/a><a href=\"mailto:?body=https:\/\/p.dw.com\/p\/4YZ1t%3Fmaca%3Des-EMail-sharing&amp;subject=Comisi%C3%B3n%20Europea%20recomienda%20iniciar%20adhesi%C3%B3n%20de%20Ucrania\" target=\"_blank\" rel=\"noreferrer noopener\"><\/a><a href=\"https:\/\/meneame.net\/submit.php?url=https:\/\/p.dw.com\/p\/4YZ1t%3Fmaca%3Des-Meneame-sharing\" target=\"_blank\" rel=\"noreferrer noopener\"><\/a><a href=\"\/\/share\/?link=https:\/\/p.dw.com\/p\/4YZ1t%3Fmaca%3Des-Facebook%20messenger-sharing\" target=\"_blank\" rel=\"noreferrer noopener\"><\/a><a href=\"https:\/\/www.linkedin.com\/shareArticle?mini=true&amp;url=https:\/\/p.dw.com\/p\/4YZ1t%3Fmaca%3Des-linkedin-sharing&amp;title=Comisi%C3%B3n%20Europea%20recomienda%20iniciar%20adhesi%C3%B3n%20de%20Ucrania&amp;source=DW.COM\" target=\"_blank\" rel=\"noreferrer noopener\"><\/a><a href=\"sms:?&amp;body=https:\/\/p.dw.com\/p\/4YZ1t%3Fmaca%3Des-SMS-sharing\" target=\"_blank\" rel=\"noreferrer noopener\"><\/a><\/p>\n","protected":false},"excerpt":{"rendered":"<p>El presidente ucraniano celebr\u00f3 la decisi\u00f3n del organismo europeo comprometi\u00e9ndose a seguir trabajando para ser parte de la UE. La Comisi\u00f3n Europea dio luz verde al inicio de&nbsp;negociaciones de adhesi\u00f3n&nbsp;con Ucrania, Moldavia y Bosnia-Herzegovina, mientras que recomend\u00f3 que se le conceda a Georgia el estatus de pa\u00eds candidato.&nbsp; \u00abHoy es un d\u00eda hist\u00f3rico porque la [&hellip;]<\/p>\n","protected":false},"author":1,"featured_media":10298,"comment_status":"closed","ping_status":"closed","sticky":false,"template":"","format":"standard","meta":{"footnotes":""},"categories":[14,2],"tags":[],"class_list":["post-10297","post","type-post","status-publish","format-standard","has-post-thumbnail","hentry","category-entertainment","category-portada"],"_links":{"self":[{"href":"https:\/\/ciudadliberal.cl\/index.php?rest_route=\/wp\/v2\/posts\/10297","targetHints":{"allow":["GET"]}}],"collection":[{"href":"https:\/\/ciudadliberal.cl\/index.php?rest_route=\/wp\/v2\/posts"}],"about":[{"href":"https:\/\/ciudadliberal.cl\/index.php?rest_route=\/wp\/v2\/types\/post"}],"author":[{"embeddable":true,"href":"https:\/\/ciudadliberal.cl\/index.php?rest_route=\/wp\/v2\/users\/1"}],"replies":[{"embeddable":true,"href":"https:\/\/ciudadliberal.cl\/index.php?rest_route=%2Fwp%2Fv2%2Fcomments&post=10297"}],"version-history":[{"count":1,"href":"https:\/\/ciudadliberal.cl\/index.php?rest_route=\/wp\/v2\/posts\/10297\/revisions"}],"predecessor-version":[{"id":10299,"href":"https:\/\/ciudadliberal.cl\/index.php?rest_route=\/wp\/v2\/posts\/10297\/revisions\/10299"}],"wp:featuredmedia":[{"embeddable":true,"href":"https:\/\/ciudadliberal.cl\/index.php?rest_route=\/wp\/v2\/media\/10298"}],"wp:attachment":[{"href":"https:\/\/ciudadliberal.cl\/index.php?rest_route=%2Fwp%2Fv2%2Fmedia&parent=10297"}],"wp:term":[{"taxonomy":"category","embeddable":true,"href":"https:\/\/ciudadliberal.cl\/index.php?rest_route=%2Fwp%2Fv2%2Fcategories&post=10297"},{"taxonomy":"post_tag","embeddable":true,"href":"https:\/\/ciudadliberal.cl\/index.php?rest_route=%2Fwp%2Fv2%2Ftags&post=10297"}],"curies":[{"name":"wp","href":"https:\/\/api.w.org\/{rel}","templated":true}]}}