{"id":10294,"date":"2023-11-06T07:43:58","date_gmt":"2023-11-06T11:43:58","guid":{"rendered":"https:\/\/ciudadliberal.cl\/?p=10294"},"modified":"2023-11-06T07:44:00","modified_gmt":"2023-11-06T11:44:00","slug":"macron-invita-de-nuevo-a-los-jefes-de-los-partidos-a-reunirse-para-acercar-posturas","status":"publish","type":"post","link":"https:\/\/ciudadliberal.cl\/?p=10294","title":{"rendered":"Macron invita de nuevo a los jefes de los partidos a reunirse para acercar posturas"},"content":{"rendered":"\n<p>El presidente de Francia, Emmanuel Macron, ha enviado cartas a los dirigentes de los partidos para invitarlos a una nueva reuni\u00f3n, la segunda de este tipo, para acercar posturas, discutir cuestiones de actualidad y revisar la ampliaci\u00f3n de la celebraci\u00f3n de refer\u00e9ndums.<\/p>\n\n\n\n<p>Seg\u00fan desvel\u00f3 el diario Le Figaro este domingo, la reuni\u00f3n est\u00e1 fijada para el d\u00eda 17 de noviembre.<\/p>\n\n\n\n<p>Ser\u00e1 en el mismo lugar -la Casa de Educaci\u00f3n de la Legi\u00f3n de Honor, en Saint Denis- y con el mismo formato a puerta cerrada que la que se celebr\u00f3, con escasos resultados, el pasado agosto y que en aquel momento era una invitaci\u00f3n in\u00e9dita.<\/p>\n\n\n\n<p>\u00abTeniendo en cuenta el contexto internacional y los retos a los que se enfrenta Francia, nuestra responsabilidad es superar nuestras divisiones en inter\u00e9s del pa\u00eds\u00bb, detalla la misiva, fechada el viernes y que los invitados recibieron hoy, seg\u00fan Le Figaro.<\/p>\n\n\n\n<p>\u00abNuestro objetivo ser\u00e1 siempre intercambiar puntos de vista con franqueza y respeto, para acordar l\u00edneas de actuaci\u00f3n que puedan aplicarse r\u00e1pidamente\u00bb, agrega el mensaje.<\/p>\n\n\n\n<p>Adem\u00e1s del panorama internacional, sobre la reuni\u00f3n planear\u00e1n otras cuestiones que dominan este mes la actualidad pol\u00edtica, como el debate de la nueva ley de inmigraci\u00f3n que comenzar\u00e1 a discutirse este lunes en el Senado y para la que el macronismo busca apoyos parlamentarios.<\/p>\n\n\n\n<p>Tambi\u00e9n seguir\u00e1 sobre la mesa, como ocurri\u00f3 en la primera reuni\u00f3n, la posibilidad de ampliar la celebraci\u00f3n de refer\u00e9ndums para grandes cuestiones sociales, como la eutanasia.\u00a0<\/p>\n\n\n\n<p><\/p>\n\n\n\n<p>V\u00eda: <a href=\"https:\/\/www.infobae.com\/america\/agencias\/2023\/11\/05\/macron-invita-de-nuevo-a-los-jefes-de-los-partidos-a-reunirse-para-acercar-posturas\/\">Infobae<\/a><\/p>\n\n\n\n<p><a rel=\"noreferrer noopener\" href=\"https:\/\/www.infobae.com\/america\/agencias\/2023\/11\/04\/el-jefe-del-eln-reconoce-que-fue-un-error-secuestrar-al-padre-de-luis-diaz\/\" target=\"_blank\"><\/a><\/p>\n","protected":false},"excerpt":{"rendered":"<p>El presidente de Francia, Emmanuel Macron, ha enviado cartas a los dirigentes de los partidos para invitarlos a una nueva reuni\u00f3n, la segunda de este tipo, para acercar posturas, discutir cuestiones de actualidad y revisar la ampliaci\u00f3n de la celebraci\u00f3n de refer\u00e9ndums. Seg\u00fan desvel\u00f3 el diario Le Figaro este domingo, la reuni\u00f3n est\u00e1 fijada para [&hellip;]<\/p>\n","protected":false},"author":1,"featured_media":7210,"comment_status":"closed","ping_status":"closed","sticky":false,"template":"","format":"standard","meta":{"footnotes":""},"categories":[23,14,2],"tags":[],"class_list":["post-10294","post","type-post","status-publish","format-standard","has-post-thumbnail","hentry","category-macron","category-entertainment","category-portada"],"_links":{"self":[{"href":"https:\/\/ciudadliberal.cl\/index.php?rest_route=\/wp\/v2\/posts\/10294","targetHints":{"allow":["GET"]}}],"collection":[{"href":"https:\/\/ciudadliberal.cl\/index.php?rest_route=\/wp\/v2\/posts"}],"about":[{"href":"https:\/\/ciudadliberal.cl\/index.php?rest_route=\/wp\/v2\/types\/post"}],"author":[{"embeddable":true,"href":"https:\/\/ciudadliberal.cl\/index.php?rest_route=\/wp\/v2\/users\/1"}],"replies":[{"embeddable":true,"href":"https:\/\/ciudadliberal.cl\/index.php?rest_route=%2Fwp%2Fv2%2Fcomments&post=10294"}],"version-history":[{"count":1,"href":"https:\/\/ciudadliberal.cl\/index.php?rest_route=\/wp\/v2\/posts\/10294\/revisions"}],"predecessor-version":[{"id":10295,"href":"https:\/\/ciudadliberal.cl\/index.php?rest_route=\/wp\/v2\/posts\/10294\/revisions\/10295"}],"wp:featuredmedia":[{"embeddable":true,"href":"https:\/\/ciudadliberal.cl\/index.php?rest_route=\/wp\/v2\/media\/7210"}],"wp:attachment":[{"href":"https:\/\/ciudadliberal.cl\/index.php?rest_route=%2Fwp%2Fv2%2Fmedia&parent=10294"}],"wp:term":[{"taxonomy":"category","embeddable":true,"href":"https:\/\/ciudadliberal.cl\/index.php?rest_route=%2Fwp%2Fv2%2Fcategories&post=10294"},{"taxonomy":"post_tag","embeddable":true,"href":"https:\/\/ciudadliberal.cl\/index.php?rest_route=%2Fwp%2Fv2%2Ftags&post=10294"}],"curies":[{"name":"wp","href":"https:\/\/api.w.org\/{rel}","templated":true}]}}