{"id":10287,"date":"2023-11-05T18:20:43","date_gmt":"2023-11-05T22:20:43","guid":{"rendered":"https:\/\/ciudadliberal.cl\/?p=10287"},"modified":"2023-11-05T18:20:47","modified_gmt":"2023-11-05T22:20:47","slug":"trudeau-y-la-union-europea-se-suman-al-pedido-de-una-pausa-humanitaria-de-israel-en-gaza","status":"publish","type":"post","link":"https:\/\/ciudadliberal.cl\/?p=10287","title":{"rendered":"Trudeau y la Uni\u00f3n Europea se suman al pedido de una \u00abpausa humanitaria\u00bb de Israel en Gaza"},"content":{"rendered":"\n<p>El coordinador de la diplomacia europea record\u00f3 que tanto el presidente de Estados Unidos, Joe Biden, como su secretario de Estado, Anthony Blinken, han solicitado lo mismo.<\/p>\n\n\n\n<p>El alto representante de la\u00a0<strong>Uni\u00f3n Europea\u00a0<\/strong>(UE) para\u00a0<strong>Asuntos Exteriores<\/strong>,<strong>\u00a0Josep Borrell<\/strong>, pidi\u00f3 ayer viernes al jefe de la diplomacia israel\u00ed,<strong>\u00a0Eli Cohen<\/strong>, que Tel Aviv evite las \u201c<strong>muertes de civiles<\/strong>\u201d y facilite con urgencia las \u201c<a rel=\"noreferrer noopener\" href=\"https:\/\/www.elpais.com.uy\/mundo\/comenzo-la-evacuacion-de-heridos-y-extranjeros-desde-gaza-hacia-egipto-por-el-paso-de-rafah\" target=\"_blank\"><strong>pausas humanitarias<\/strong><\/a>\u201d en la<strong>\u00a0Franja de Gaza<\/strong>. \u201cHe hablado hoy con Eli Cohen para expresarle la solidaridad y el compromiso de la<strong>\u00a0UE\u00a0<\/strong>con la seguridad de Israel, as\u00ed como el apoyo a los esfuerzos de mediaci\u00f3n para liberar a los rehenes, y subrayar la<strong>\u00a0necesidad de proteger a los civiles<\/strong>, evitar v\u00edctimas civiles y\u00a0<strong>mejorar el acceso humanitario<\/strong>\u201d, anunci\u00f3 Borrell en la red social X.<\/p>\n\n\n\n<p>El coordinador de la&nbsp;<strong>diplomacia comunitaria<\/strong>&nbsp;subray\u00f3 que \u201cse necesitan urgentemente pausas humanitarias\u201d y record\u00f3 que tanto el presidente de Estados Unidos,&nbsp;<strong>Joe Biden<\/strong>, como su secretario de Estado,&nbsp;<strong>Anthony Blinken<\/strong>, han solicitado lo mismo.<\/p>\n\n\n\n<p>\u201cLa<strong>&nbsp;Uni\u00f3n Europea<\/strong>&nbsp;est\u00e1 preparada para apoyar los esfuerzos de estabilizaci\u00f3n en Gaza y sigue comprometida con la soluci\u00f3n de dos Estados como \u00fanica opci\u00f3n viable para alcanzar una paz duradera\u201d, agreg\u00f3 el alto representante de la UE para la pol\u00edtica exterior.<\/p>\n\n\n\n<p>Lo mismo solicit\u00f3<strong>\u00a0Justin Trudeau<\/strong>, primer ministro canadiense, a la vez que pidi\u00f3 la liberaci\u00f3n de los rehenes que mantiene Ham\u00e1s. \u201cHemos visto demasiados horrores en las pasadas semanas. Ni\u00f1os asesinados, comunidades devastadas. No es necesario que describa el horror porque lo vemos cada noche, cada vez que abrimos las redes sociales. Todos queremos que cese. Necesitamos una pausa humanitaria\u201c, declar\u00f3 en Washington, donde particip\u00f3 en la cumbre de la\u00a0<strong>Alianza para la Prosperidad Econ\u00f3mica en las Am\u00e9ricas\u00a0<\/strong>(APEP).<\/p>\n\n\n\n<p><strong>Trudeau a<\/strong>\u00f1adi\u00f3 que es necesario \u201cprimero, que todos los rehenes sean liberados\u201d y que se protejan a los civiles en la Franja de Gaza \u201cy cada vez m\u00e1s en\u00a0<strong>Cisjordania<\/strong>, incluido de (la violencia de) colonos extremistas\u201d.<\/p>\n\n\n\n<p><\/p>\n\n\n\n<p>V\u00eda: <a href=\"https:\/\/www.elpais.com.uy\/mundo\/trudeau-y-la-union-europea-se-suman-al-pedido-de-una-pausa-humanitaria-de-israel-en-gaza\">El PAIS<\/a><\/p>\n","protected":false},"excerpt":{"rendered":"<p>El coordinador de la diplomacia europea record\u00f3 que tanto el presidente de Estados Unidos, Joe Biden, como su secretario de Estado, Anthony Blinken, han solicitado lo mismo. El alto representante de la\u00a0Uni\u00f3n Europea\u00a0(UE) para\u00a0Asuntos Exteriores,\u00a0Josep Borrell, pidi\u00f3 ayer viernes al jefe de la diplomacia israel\u00ed,\u00a0Eli Cohen, que Tel Aviv evite las \u201cmuertes de civiles\u201d y [&hellip;]<\/p>\n","protected":false},"author":1,"featured_media":10288,"comment_status":"closed","ping_status":"closed","sticky":false,"template":"","format":"standard","meta":{"footnotes":""},"categories":[14,2],"tags":[],"class_list":["post-10287","post","type-post","status-publish","format-standard","has-post-thumbnail","hentry","category-entertainment","category-portada"],"_links":{"self":[{"href":"https:\/\/ciudadliberal.cl\/index.php?rest_route=\/wp\/v2\/posts\/10287","targetHints":{"allow":["GET"]}}],"collection":[{"href":"https:\/\/ciudadliberal.cl\/index.php?rest_route=\/wp\/v2\/posts"}],"about":[{"href":"https:\/\/ciudadliberal.cl\/index.php?rest_route=\/wp\/v2\/types\/post"}],"author":[{"embeddable":true,"href":"https:\/\/ciudadliberal.cl\/index.php?rest_route=\/wp\/v2\/users\/1"}],"replies":[{"embeddable":true,"href":"https:\/\/ciudadliberal.cl\/index.php?rest_route=%2Fwp%2Fv2%2Fcomments&post=10287"}],"version-history":[{"count":1,"href":"https:\/\/ciudadliberal.cl\/index.php?rest_route=\/wp\/v2\/posts\/10287\/revisions"}],"predecessor-version":[{"id":10289,"href":"https:\/\/ciudadliberal.cl\/index.php?rest_route=\/wp\/v2\/posts\/10287\/revisions\/10289"}],"wp:featuredmedia":[{"embeddable":true,"href":"https:\/\/ciudadliberal.cl\/index.php?rest_route=\/wp\/v2\/media\/10288"}],"wp:attachment":[{"href":"https:\/\/ciudadliberal.cl\/index.php?rest_route=%2Fwp%2Fv2%2Fmedia&parent=10287"}],"wp:term":[{"taxonomy":"category","embeddable":true,"href":"https:\/\/ciudadliberal.cl\/index.php?rest_route=%2Fwp%2Fv2%2Fcategories&post=10287"},{"taxonomy":"post_tag","embeddable":true,"href":"https:\/\/ciudadliberal.cl\/index.php?rest_route=%2Fwp%2Fv2%2Ftags&post=10287"}],"curies":[{"name":"wp","href":"https:\/\/api.w.org\/{rel}","templated":true}]}}