{"id":10281,"date":"2023-11-04T22:37:27","date_gmt":"2023-11-05T02:37:27","guid":{"rendered":"https:\/\/ciudadliberal.cl\/?p=10281"},"modified":"2023-11-04T22:37:29","modified_gmt":"2023-11-05T02:37:29","slug":"erdogan-afirmo-que-netanyahu-ya-no-es-un-interlocutor-valido","status":"publish","type":"post","link":"https:\/\/ciudadliberal.cl\/?p=10281","title":{"rendered":"Erdogan afirm\u00f3 que Netanyahu ya no es un interlocutor v\u00e1lido"},"content":{"rendered":"\n<p>El presidente turco indic\u00f3 que transmitir\u00e1 su postura a la Organizaci\u00f3n de Cooperaci\u00f3n Isl\u00e1mica y pedir el cese inmediato de los ataques.<\/p>\n\n\n\n<p>Apunt\u00f3 tambi\u00e9n a Estados Unidos y Europa, asegurando que \u00abla comunidad internacional es incapaz de frenar la ilegalidad de Israel\u00bb.<\/p>\n\n\n\n<p>El presidente turco, el islamista&nbsp;<a href=\"https:\/\/www.cooperativa.cl\/noticias\/mundo\/europa\/turquia\/erdogan-critico-a-eeuu-por-envio-de-portaaviones-a-israel\/2023-10-10\/165746.html\"><strong>Recep Tayyip Erdogan<\/strong><\/a>, asegur\u00f3 este s\u00e1bado que el primer ministro de Israel, el conservador&nbsp;<a href=\"https:\/\/www.cooperativa.cl\/noticias\/mundo\/medio-oriente\/conflicto-israel-palestina\/netanyahu-descarto-tregua-en-gaza-sin-antes-recuperar-a-los-rehenes\/2023-11-03\/221414.html\"><strong>Benjam\u00edn Netanyahu<\/strong><\/a>,&nbsp;<strong>ya no es un interlocutor v\u00e1lido<\/strong>&nbsp;y que transmitir\u00e1 esa postura a la Organizaci\u00f3n de Cooperaci\u00f3n Isl\u00e1mica.<\/p>\n\n\n\n<p>\u00abNetanyahu ya no es un interlocutor para nosotros en ning\u00fan sentido.<strong>&nbsp;Lo hemos descartado<\/strong>. Tomar\u00e9 la decisi\u00f3n al respecto dentro de las reuniones que mantendremos con la Organizaci\u00f3n de Cooperaci\u00f3n Isl\u00e1mica\u00bb (OCI), se\u00f1al\u00f3 Erdogan ante los medios turcos.<\/p>\n\n\n\n<p>Erdogan ha sido muy cr\u00edtico con los ataques de Israel en Gaza en represalia a los atentados terroristas de Ham\u00e1s del pasado 7 de octubre, y ha\u00a0<strong>acusado a ese pa\u00eds de cometer cr\u00edmenes contra la humanidad<\/strong>.<\/p>\n\n\n\n<p>En declaraciones a los medios en el avi\u00f3n en el que regresaba de una cumbre en Kazajist\u00e1n, el presidente turco afirm\u00f3 que&nbsp;<strong>no mantiene actualmente ning\u00fan contacto con las autoridades de Israel.<\/strong><\/p>\n\n\n\n<p>Tambi\u00e9n se\u00f1al\u00f3 que impulsar\u00e1 en el OCI, el principal foro pol\u00edtico de los pa\u00edses musulmanes, una plataforma para el<strong>&nbsp;inmediato alto el fuego en Gaza<\/strong>&nbsp;y por la paz en una Palestina donde, dijo, \u00ab<strong>la gente ya no sea asesinada, desplazada, sus hospitales, calles, escuelas, lugares de culto ya no sean bombardeados<\/strong>\u00ab.<\/p>\n\n\n\n<p>Erdogan criti\u00f3 a Estados Unidos y Europa por entender que est\u00e1n del lado de Israel en este conflicto y dijo que \u00ab<strong>la comunidad internacional es incapaz de frenar la ilegalidad de Israel<\/strong>\u00bb e incluso, acus\u00f3, le \u00ab<strong>anima a matar a m\u00e1s beb\u00e9s<\/strong>\u00ab.<\/p>\n\n\n\n<p>Tambi\u00e9n dijo que<strong>&nbsp;su confianza en Europa se ha \u00abresquebrajado\u00bb y acus\u00f3 a la Uni\u00f3n Europea de estar \u00abciega\u00bb<\/strong>&nbsp;ante las masacres que Israel comete en Gaza.<\/p>\n\n\n\n<p>\u00abIsrael ha dado un paso muy equivocado y en realidad ha oscurecido su propio futuro\u00bb, advirti\u00f3.<\/p>\n\n\n\n<p>En ese sentido, insisti\u00f3 en que\u00a0<strong>Turqu\u00eda har\u00e1 todo lo posible para que Israel responda ante la Corte Internacional de Justicia<\/strong>\u00a0por lo que \u00e9l considera son cr\u00edmenes de guerra cometidos en Gaza.<\/p>\n\n\n\n<p><\/p>\n\n\n\n<p><\/p>\n\n\n\n<p>V\u00eda: <a href=\"https:\/\/www.cooperativa.cl\/noticias\/mundo\/europa\/turquia\/erdogan-afirmo-que-netanyahu-ya-no-es-un-interlocutor-valido\/2023-11-04\/113350.html\">Cooperativa<\/a><\/p>\n","protected":false},"excerpt":{"rendered":"<p>El presidente turco indic\u00f3 que transmitir\u00e1 su postura a la Organizaci\u00f3n de Cooperaci\u00f3n Isl\u00e1mica y pedir el cese inmediato de los ataques. Apunt\u00f3 tambi\u00e9n a Estados Unidos y Europa, asegurando que \u00abla comunidad internacional es incapaz de frenar la ilegalidad de Israel\u00bb. El presidente turco, el islamista&nbsp;Recep Tayyip Erdogan, asegur\u00f3 este s\u00e1bado que el primer [&hellip;]<\/p>\n","protected":false},"author":1,"featured_media":10282,"comment_status":"closed","ping_status":"closed","sticky":false,"template":"","format":"standard","meta":{"footnotes":""},"categories":[14,2],"tags":[],"class_list":["post-10281","post","type-post","status-publish","format-standard","has-post-thumbnail","hentry","category-entertainment","category-portada"],"_links":{"self":[{"href":"https:\/\/ciudadliberal.cl\/index.php?rest_route=\/wp\/v2\/posts\/10281","targetHints":{"allow":["GET"]}}],"collection":[{"href":"https:\/\/ciudadliberal.cl\/index.php?rest_route=\/wp\/v2\/posts"}],"about":[{"href":"https:\/\/ciudadliberal.cl\/index.php?rest_route=\/wp\/v2\/types\/post"}],"author":[{"embeddable":true,"href":"https:\/\/ciudadliberal.cl\/index.php?rest_route=\/wp\/v2\/users\/1"}],"replies":[{"embeddable":true,"href":"https:\/\/ciudadliberal.cl\/index.php?rest_route=%2Fwp%2Fv2%2Fcomments&post=10281"}],"version-history":[{"count":1,"href":"https:\/\/ciudadliberal.cl\/index.php?rest_route=\/wp\/v2\/posts\/10281\/revisions"}],"predecessor-version":[{"id":10283,"href":"https:\/\/ciudadliberal.cl\/index.php?rest_route=\/wp\/v2\/posts\/10281\/revisions\/10283"}],"wp:featuredmedia":[{"embeddable":true,"href":"https:\/\/ciudadliberal.cl\/index.php?rest_route=\/wp\/v2\/media\/10282"}],"wp:attachment":[{"href":"https:\/\/ciudadliberal.cl\/index.php?rest_route=%2Fwp%2Fv2%2Fmedia&parent=10281"}],"wp:term":[{"taxonomy":"category","embeddable":true,"href":"https:\/\/ciudadliberal.cl\/index.php?rest_route=%2Fwp%2Fv2%2Fcategories&post=10281"},{"taxonomy":"post_tag","embeddable":true,"href":"https:\/\/ciudadliberal.cl\/index.php?rest_route=%2Fwp%2Fv2%2Ftags&post=10281"}],"curies":[{"name":"wp","href":"https:\/\/api.w.org\/{rel}","templated":true}]}}