{"id":10274,"date":"2023-11-02T15:26:15","date_gmt":"2023-11-02T19:26:15","guid":{"rendered":"https:\/\/ciudadliberal.cl\/?p=10274"},"modified":"2023-11-02T15:26:16","modified_gmt":"2023-11-02T19:26:16","slug":"onu-la-financiacion-para-la-adaptacion-climatica-retrocede","status":"publish","type":"post","link":"https:\/\/ciudadliberal.cl\/?p=10274","title":{"rendered":"ONU: la financiaci\u00f3n para la adaptaci\u00f3n clim\u00e1tica retrocede"},"content":{"rendered":"\n<p><strong>El informe del Programa de Naciones Unidas para el Medio Ambiente denunci\u00f3 que la financiaci\u00f3n disminuy\u00f3 un 15% en 2021. Para las autoridades de la ONU, la lucha contra el cambio clim\u00e1tico se est\u00e1 estancando.<\/strong><\/p>\n\n\n\n<p>La financiaci\u00f3n de la adaptaci\u00f3n clim\u00e1tica de los pa\u00edses en desarrollo retrocedi\u00f3 un 15% interanual en 2021, seg\u00fan la&nbsp;<a href=\"https:\/\/www.dw.com\/es\/onu\/t-17409613\">ONU<\/a>, que considera que esta cifra demuestra que la lucha contra el&nbsp;<a href=\"https:\/\/www.dw.com\/es\/calentamiento-global\/t-36884048\">calentamiento global<\/a>&nbsp;se encuentra estancada.<\/p>\n\n\n\n<p>\u00abLos avances en materia de adaptaci\u00f3n clim\u00e1tica se est\u00e1n ralentizando en todos los \u00e1mbitos, pese a que deber\u00edan acelerarse para poder hacer frente a las consecuencias cada vez m\u00e1s graves del&nbsp;<a href=\"https:\/\/www.dw.com\/es\/cambio-clim%C3%A1tico\/t-17411706\">cambio clim\u00e1tico<\/a>\u00ab, afirma&nbsp;<a rel=\"noreferrer noopener\" target=\"_blank\" href=\"https:\/\/www.unep.org\/resources\/adaptation-gap-report-2023\">el informe del Programa de Naciones Unidas para el Medio Ambiente (PNUMA).<\/a><\/p>\n\n\n\n<p>\u00abComo resultado de las crecientes necesidades de financiaci\u00f3n de la adaptaci\u00f3n y de los fluctuantes fondos de inversi\u00f3n, el actual d\u00e9ficit de financiaci\u00f3n de la adaptaci\u00f3n se estima en la actualidad entre 194.000 millones y 366.000 millones de d\u00f3lares anuales\u00bb, agrega.<\/p>\n\n\n\n<p>Seg\u00fan la ONU, \u00ablos flujos de financiaci\u00f3n p\u00fablica multilateral y bilateral para la adaptaci\u00f3n de los pa\u00edses en desarrollo disminuyeron un 15%, hasta los 21.000 millones de d\u00f3lares en 2021\u00bb.<\/p>\n\n\n\n<h2 class=\"wp-block-heading\">Nuevos caminos para aumentar la financiaci\u00f3n<\/h2>\n\n\n\n<p>Los costos de la adaptaci\u00f3n en los pa\u00edses en desarrollo se estiman en 215.000 millones de d\u00f3lares anuales para el periodo 2021-2030, mientras que la financiaci\u00f3n necesaria se estima en 387.000 millones de d\u00f3lares anuales.<\/p>\n\n\n\n<p>El PNUMA indica que \u00ablas necesidades de financiaci\u00f3n para la adaptaci\u00f3n de los pa\u00edses en desarrollo equivalen a un valor de entre 10 y 18 veces mayor que los fondos p\u00fablicos internacionales\u00bb.<\/p>\n\n\n\n<p>En el Informe sobre la Brecha de Adaptaci\u00f3n 2023, la ONU identifica siete caminos para aumentar la financiaci\u00f3n, entre ellos el gasto nacional y la financiaci\u00f3n procedente del sector privado y la comunidad internacional, las remesas, el aumento y la adaptaci\u00f3n de la financiaci\u00f3n destinada a las peque\u00f1as y medianas empresas y una reforma de la arquitectura financiera internacional.<\/p>\n\n\n\n<p>Adem\u00e1s, el PNUMA afirma que el nuevo Fondo de P\u00e9rdidas y Da\u00f1os \u00abtendr\u00e1 que avanzar hacia mecanismos de financiaci\u00f3n m\u00e1s innovadores para alcanzar la cantidad de inversi\u00f3n necesaria\u00bb.<\/p>\n\n\n\n<h2 class=\"wp-block-heading\">La lucha contra el cambio clim\u00e1tico est\u00e1 estancada<\/h2>\n\n\n\n<p>Para el secretario general de Naciones Unidas,&nbsp;<a href=\"https:\/\/www.dw.com\/es\/ant%C3%B3nio-guterres\/t-35981238\">Antonio Guterres<\/a>, el d\u00e9ficit de financiaci\u00f3n muestra que la lucha contra el cambio clim\u00e1tico \u00abse estanca\u00bb.<\/p>\n\n\n\n<p>Seg\u00fan el PNUMA, el d\u00e9ficit aument\u00f3 incluso a pesar de las promesas hechas durante la COP26 en Glasgow de duplicar las financiaciones de adaptaci\u00f3n entre 2019 y 2025, lo que constituye un \u00abprecedente preocupante\u00bb.<\/p>\n\n\n\n<p>Las medidas destinadas a reducir la exposici\u00f3n y vulnerabilidad de los pa\u00edses y poblaciones ante los efectos del cambio clim\u00e1tico eran un punto importante del\u00a0<a href=\"https:\/\/www.dw.com\/es\/acuerdo-de-par%C3%ADs\/t-35964436\">Acuerdo de Par\u00eds<\/a>\u00a0tendiente a contener el calentamiento global \u00abpor debajo de 2 \u00b0C con respecto a los niveles preindustriales\u00bb.<\/p>\n\n\n\n<p><\/p>\n\n\n\n<p>V\u00eda: <a href=\"https:\/\/www.dw.com\/es\/onu-la-financiaci%C3%B3n-para-la-adaptaci%C3%B3n-clim%C3%A1tica-retrocede\/a-67283729\">DW<\/a><\/p>\n","protected":false},"excerpt":{"rendered":"<p>El informe del Programa de Naciones Unidas para el Medio Ambiente denunci\u00f3 que la financiaci\u00f3n disminuy\u00f3 un 15% en 2021. Para las autoridades de la ONU, la lucha contra el cambio clim\u00e1tico se est\u00e1 estancando. La financiaci\u00f3n de la adaptaci\u00f3n clim\u00e1tica de los pa\u00edses en desarrollo retrocedi\u00f3 un 15% interanual en 2021, seg\u00fan la&nbsp;ONU, que [&hellip;]<\/p>\n","protected":false},"author":1,"featured_media":10275,"comment_status":"closed","ping_status":"closed","sticky":false,"template":"","format":"standard","meta":{"footnotes":""},"categories":[14,2],"tags":[],"class_list":["post-10274","post","type-post","status-publish","format-standard","has-post-thumbnail","hentry","category-entertainment","category-portada"],"_links":{"self":[{"href":"https:\/\/ciudadliberal.cl\/index.php?rest_route=\/wp\/v2\/posts\/10274","targetHints":{"allow":["GET"]}}],"collection":[{"href":"https:\/\/ciudadliberal.cl\/index.php?rest_route=\/wp\/v2\/posts"}],"about":[{"href":"https:\/\/ciudadliberal.cl\/index.php?rest_route=\/wp\/v2\/types\/post"}],"author":[{"embeddable":true,"href":"https:\/\/ciudadliberal.cl\/index.php?rest_route=\/wp\/v2\/users\/1"}],"replies":[{"embeddable":true,"href":"https:\/\/ciudadliberal.cl\/index.php?rest_route=%2Fwp%2Fv2%2Fcomments&post=10274"}],"version-history":[{"count":1,"href":"https:\/\/ciudadliberal.cl\/index.php?rest_route=\/wp\/v2\/posts\/10274\/revisions"}],"predecessor-version":[{"id":10276,"href":"https:\/\/ciudadliberal.cl\/index.php?rest_route=\/wp\/v2\/posts\/10274\/revisions\/10276"}],"wp:featuredmedia":[{"embeddable":true,"href":"https:\/\/ciudadliberal.cl\/index.php?rest_route=\/wp\/v2\/media\/10275"}],"wp:attachment":[{"href":"https:\/\/ciudadliberal.cl\/index.php?rest_route=%2Fwp%2Fv2%2Fmedia&parent=10274"}],"wp:term":[{"taxonomy":"category","embeddable":true,"href":"https:\/\/ciudadliberal.cl\/index.php?rest_route=%2Fwp%2Fv2%2Fcategories&post=10274"},{"taxonomy":"post_tag","embeddable":true,"href":"https:\/\/ciudadliberal.cl\/index.php?rest_route=%2Fwp%2Fv2%2Ftags&post=10274"}],"curies":[{"name":"wp","href":"https:\/\/api.w.org\/{rel}","templated":true}]}}