{"id":10271,"date":"2023-11-02T14:58:35","date_gmt":"2023-11-02T18:58:35","guid":{"rendered":"https:\/\/ciudadliberal.cl\/?p=10271"},"modified":"2023-11-02T14:58:37","modified_gmt":"2023-11-02T18:58:37","slug":"imacec-la-economia-chilena-tuvo-crecimiento-nulo-en-septiembre","status":"publish","type":"post","link":"https:\/\/ciudadliberal.cl\/?p=10271","title":{"rendered":"Imacec: La econom\u00eda chilena tuvo crecimiento nulo en septiembre"},"content":{"rendered":"\n<p>Indicador se mantuvo igual respecto de septiembre de 2022.<\/p>\n\n\n\n<p>S\u00ed se registr\u00f3 un aumento del 0,6% si se toma como par\u00e1metro el mes anterior.<\/p>\n\n\n\n<p><strong>La econom\u00eda chilena creci\u00f3 0,6% en septiembre en comparaci\u00f3n con el mes anterior y no mostr\u00f3 variaciones a nivel interanual.<\/strong><\/p>\n\n\n\n<p>De acuerdo con el Banco Central, la nula variaci\u00f3n del&nbsp;<strong>\u00cdndice Mensual de Actividad Econ\u00f3mica (Imacec)<\/strong>&nbsp;en 12 meses se explica por el&nbsp;<strong>crecimiento de la miner\u00eda y el resto de bienes<\/strong>, compensado por las&nbsp;<strong>ca\u00eddas de los servicios, el comercio y la industria<\/strong>.<\/p>\n\n\n\n<p>En tanto, \u00abel aumento del Imacec en t\u00e9rminos desestacionalizado fue determinado por el desempe\u00f1o de la miner\u00eda y el resto de bienes\u00bb, se\u00f1al\u00f3 el Central a trav\u00e9s de\u00a0<a rel=\"noreferrer noopener\" href=\"https:\/\/www.bcentral.cl\/contenido\/-\/detalle\/imacec-septiembre-2023\" target=\"_blank\">un comunicado.<\/a><\/p>\n\n\n\n<p>A su vez,\u00a0<strong>el Imacec no minero present\u00f3 una disminuci\u00f3n de 1,2% en 12 meses,<\/strong>\u00a0mientras que<strong>\u00a0en t\u00e9rminos desestacionalizados creci\u00f3 0,2% respecto del mes anterior.<\/strong><\/p>\n\n\n<blockquote class=\"twitter-tweet\">\n<p lang=\"es\" dir=\"ltr\">El Banco Central de Chile public\u00f3 el <a href=\"https:\/\/twitter.com\/hashtag\/Imacec?src=hash&amp;ref_src=twsrc%5Etfw\">#Imacec<\/a> de septiembre 2023 en su sitio web. Los invitamos a revisar la nota de prensa en el siguiente link: <a href=\"https:\/\/t.co\/VCptsqLhpN\">https:\/\/t.co\/VCptsqLhpN<\/a> <a href=\"https:\/\/t.co\/xZtSWvUmZi\">pic.twitter.com\/xZtSWvUmZi<\/a><\/p>\n<p>&mdash; Banco Central de Chile (@bcentralchile) <a href=\"https:\/\/twitter.com\/bcentralchile\/status\/1720042001171685867?ref_src=twsrc%5Etfw\">November 2, 2023<\/a><\/p><\/blockquote>\n<p> <script async src=\"https:\/\/platform.twitter.com\/widgets.js\" charset=\"utf-8\"><\/script><\/p>\n\n\n\n<h2 class=\"wp-block-heading\"><em><strong>AN\u00c1LISIS POR ACTIVIDAD<\/strong><\/em><\/h2>\n\n\n\n<p><strong>La producci\u00f3n de bienes creci\u00f3 4,3%<\/strong>, resultado que se explic\u00f3 por el aumento de 6,3% de la miner\u00eda, seguido del resto de bienes que present\u00f3 un incremento de 5,1%, en particular por el valor agregado de la generaci\u00f3n el\u00e9ctrica. En contraste, la industria present\u00f3 una ca\u00edda de 1,0%.<\/p>\n\n\n\n<p>En t\u00e9rminos desestacionalizados, la producci\u00f3n de bienes exhibi\u00f3 un aumento de 1,8% respecto del mes precedente, explicado por el desempe\u00f1o de la miner\u00eda y el resto de bienes con crecimientos de 2,9% y 1,8%, respectivamente. Por su parte, la industria creci\u00f3 0,1%.<\/p>\n\n\n\n<p><strong>La actividad comercial present\u00f3 una disminuci\u00f3n de 5,1% en t\u00e9rminos anuales.<\/strong>&nbsp;Este resultado fue determinado por el comercio minorista, donde destacaron las menores ventas en supermercados, grandes tiendas y ferreter\u00edas; seguido por el comercio automotor. En menor medida, incidi\u00f3 en el resultado la ca\u00edda del<br>comercio mayorista, explicado principalmente por las menores ventas de enseres dom\u00e9sticos y materiales para la construcci\u00f3n.<\/p>\n\n\n\n<p>Las cifras desestacionalizadas mostraron una contracci\u00f3n de 0,7% respecto del mes anterior, explicado por el comercio automotor y mayorista.<\/p>\n\n\n\n<p>Finalmente,&nbsp;<strong>los servicios cayeron 1,0% en t\u00e9rminos anuales<\/strong>, determinado por los servicios empresariales y de transporte.<\/p>\n\n\n\n<p>Las cifras ajustadas por estacionalidad dieron cuenta de un crecimiento de 0,1% respecto del mes precedente, incidido por los servicios personales, en particular los de educaci\u00f3n. Compensaron en parte este resultado, las ca\u00eddas de los servicios empresariales y el transporte.<\/p>\n\n\n\n<h2 class=\"wp-block-heading\"><em>COMERCIO Y SERVICIOS \u00abEXPLICAN EL EMPLEO EN CHILE\u00bb<\/em><\/h2>\n\n\n\n<p>Al respecto, el acad\u00e9mico y economista de la Universidad Aut\u00f3noma,&nbsp;<strong>Esteban Viani<\/strong>, se\u00f1al\u00f3 que los \u00edndices de&nbsp;<strong>comercio y servicio \u00abexplican en gran medida el empleo en Chile\u00bb<\/strong>.<\/p>\n\n\n\n<p>Por esa raz\u00f3n, repar\u00f3 en que \u00absi nosotros tenemos una situaci\u00f3n de empleo que se est\u00e1 deteriorando, o en el mejor de los casos que no podemos crear nuevos empleos,&nbsp;<strong>esto podr\u00eda ser preocupante<\/strong>, porque vemos que esta contracci\u00f3n no es menor, no es insignificante, de hecho todo lo contrario\u00bb.<\/p>\n\n\n\n<p>Asimismo, advirti\u00f3 que \u00abpondr\u00eda una nota de alerta porque la ca\u00edda en estos sectores que&nbsp;<strong>son bastante sensibles para la econom\u00eda chilena<\/strong>&nbsp;y sobre todo la econom\u00eda dom\u00e9stica, son los suficientemente fuertes como para no respirar aliviados\u00bb.<\/p>\n\n\n\n<h2 class=\"wp-block-heading\"><em><strong>MARCEL VE LA CIFRA COMO \u00abSORPRESA POSITVA\u00bb<\/strong><\/em><\/h2>\n\n\n\n<p>El ministro de Hacienda,&nbsp;<strong>Mario Marcel<\/strong>, afirm\u00f3 que \u00abesta es una cifra que ha estado por sobre las expectativas de mercado, est\u00e1 0,6% por encima de la media de los expertos consultados por&nbsp;<em>Bloomberg<\/em>, as\u00ed como por sobre la encuesta de expectativas econ\u00f3micas con los datos para septiembre\u00bb.<\/p>\n\n\n\n<p>\u00ab<strong>Esta diferencia positiva o sorpresa positiva es pr\u00e1cticamente igual a la sorpresa negativa que tuvimos el mes anterior<\/strong>. El mes anterior la diferencia entre la cifra efectiva y las expectativas de mercado fue -0,7%, ahora es de +0,6%\u00bb, afirm\u00f3.&nbsp;<\/p>\n\n\n\n<p>Conforme al calendario de difusi\u00f3n de las cifras de Cuentas Nacionales, los resultados preliminares del PIB correspondientes al tercer trimestre del a\u00f1o en curso, as\u00ed como las revisiones del primer y segundo trimestre, ser\u00e1n difundidos el pr\u00f3ximo lunes 20 de noviembre.<\/p>\n\n\n\n<p><\/p>\n\n\n\n<p>V\u00eda: <a href=\"https:\/\/www.cooperativa.cl\/noticias\/economia\/crecimiento\/imacec-la-economia-chilena-tuvo-crecimiento-nulo-en-septiembre\/2023-11-02\/094444.html\">Cooperativa<\/a><\/p>\n","protected":false},"excerpt":{"rendered":"<p>Indicador se mantuvo igual respecto de septiembre de 2022. S\u00ed se registr\u00f3 un aumento del 0,6% si se toma como par\u00e1metro el mes anterior. La econom\u00eda chilena creci\u00f3 0,6% en septiembre en comparaci\u00f3n con el mes anterior y no mostr\u00f3 variaciones a nivel interanual. De acuerdo con el Banco Central, la nula variaci\u00f3n del&nbsp;\u00cdndice Mensual [&hellip;]<\/p>\n","protected":false},"author":1,"featured_media":10272,"comment_status":"closed","ping_status":"closed","sticky":false,"template":"","format":"standard","meta":{"footnotes":""},"categories":[16,2],"tags":[],"class_list":["post-10271","post","type-post","status-publish","format-standard","has-post-thumbnail","hentry","category-internet","category-portada"],"_links":{"self":[{"href":"https:\/\/ciudadliberal.cl\/index.php?rest_route=\/wp\/v2\/posts\/10271","targetHints":{"allow":["GET"]}}],"collection":[{"href":"https:\/\/ciudadliberal.cl\/index.php?rest_route=\/wp\/v2\/posts"}],"about":[{"href":"https:\/\/ciudadliberal.cl\/index.php?rest_route=\/wp\/v2\/types\/post"}],"author":[{"embeddable":true,"href":"https:\/\/ciudadliberal.cl\/index.php?rest_route=\/wp\/v2\/users\/1"}],"replies":[{"embeddable":true,"href":"https:\/\/ciudadliberal.cl\/index.php?rest_route=%2Fwp%2Fv2%2Fcomments&post=10271"}],"version-history":[{"count":1,"href":"https:\/\/ciudadliberal.cl\/index.php?rest_route=\/wp\/v2\/posts\/10271\/revisions"}],"predecessor-version":[{"id":10273,"href":"https:\/\/ciudadliberal.cl\/index.php?rest_route=\/wp\/v2\/posts\/10271\/revisions\/10273"}],"wp:featuredmedia":[{"embeddable":true,"href":"https:\/\/ciudadliberal.cl\/index.php?rest_route=\/wp\/v2\/media\/10272"}],"wp:attachment":[{"href":"https:\/\/ciudadliberal.cl\/index.php?rest_route=%2Fwp%2Fv2%2Fmedia&parent=10271"}],"wp:term":[{"taxonomy":"category","embeddable":true,"href":"https:\/\/ciudadliberal.cl\/index.php?rest_route=%2Fwp%2Fv2%2Fcategories&post=10271"},{"taxonomy":"post_tag","embeddable":true,"href":"https:\/\/ciudadliberal.cl\/index.php?rest_route=%2Fwp%2Fv2%2Ftags&post=10271"}],"curies":[{"name":"wp","href":"https:\/\/api.w.org\/{rel}","templated":true}]}}