{"id":10237,"date":"2023-10-18T17:56:25","date_gmt":"2023-10-18T21:56:25","guid":{"rendered":"https:\/\/ciudadliberal.cl\/?p=10237"},"modified":"2023-10-18T17:56:26","modified_gmt":"2023-10-18T21:56:26","slug":"francia-lamenta-veto-de-eeuu-a-pausas-humanitarias-en-gaza","status":"publish","type":"post","link":"https:\/\/ciudadliberal.cl\/?p=10237","title":{"rendered":"Francia lamenta veto de EEUU a \u00abpausas humanitarias\u00bb en Gaza"},"content":{"rendered":"\n<p>El Gobierno franc\u00e9s lamenta veto de EEUU a resoluci\u00f3n del Consejo de Seguridad de ONU, presentada por Brasil para abrir \u00abpausas humanitarias\u00bb en Gaza y que condenaba ataques a civiles de todas las partes.<\/p>\n\n\n\n<p><a href=\"https:\/\/www.facebook.com\/sharer\/sharer.php?u=https:\/\/p.dw.com\/p\/4Xj3J%3Fmaca%3Des-Facebook-sharing\" target=\"_blank\" rel=\"noreferrer noopener\"><\/a><a href=\"https:\/\/twitter.com\/intent\/tweet?source=webclient&amp;text=Francia%20lamenta%20veto%20de%20EEUU%20a%20%22pausas%20humanitarias%22%20en%20Gaza+https:\/\/p.dw.com\/p\/4Xj3J%3Fmaca%3Des-Twitter-sharing\" target=\"_blank\" rel=\"noreferrer noopener\"><\/a><\/p>\n\n\n\n<p>Sin citar en ning\u00fan momento a Estados Unidos, el ministerio de Exteriores de Francia lament\u00f3 \u00abel fracaso del proyecto de resoluci\u00f3n\u00bb, que, seg\u00fan Par\u00eds, \u00abera el m\u00e1s susceptible de reunir al&nbsp;<a href=\"https:\/\/www.dw.com\/es\/onu-israel-ataca-el-sur-de-gaza-a-donde-orden%C3%B3-que-los-civiles-se-desplazaran\/a-67119251\">Consejo (de Seguridad)<\/a>&nbsp; alrededor de principios comunes\u00bb.<\/p>\n\n\n\n<p>\u00abEl texto condenaba, sin ambages, los ataques terroristas de Ham\u00e1s contra Israel\u00bb y tambi\u00e9n ped\u00eda \u00abun respeto de la parte de todos al Derecho internacional humanitario\u00bb abriendo un corredor para distribuir bienes de primera necesidad a la&nbsp;<a href=\"https:\/\/www.dw.com\/es\/la-explosi%C3%B3n-en-un-hospital-de-gaza-indigna-al-medio-oriente\/a-67143075\">poblaci\u00f3n civil de Gaza<\/a>, indic\u00f3 el Gobierno franc\u00e9s en su nota.<\/p>\n\n\n\n<h2 class=\"wp-block-heading\">Proyecto de Brasil tambi\u00e9n inclu\u00eda \u00abperspectiva de dos Estados\u00bb<\/h2>\n\n\n\n<p>El Consejo de Seguridad de la ONU rechaz\u00f3 la propuesta brasile\u00f1a por el veto de Estados Unidos, quien justific\u00f3 su oposici\u00f3n por no incluir el texto \u00abel derecho de autodefensa\u00bb de Israel. China y Francia votaron a favor y Rusia y el Reino Unido se abstuvieron.<\/p>\n\n\n\n<p>El Ministerio de Exteriores de Francia record\u00f3 que el proyecto de resoluci\u00f3n fallido tambi\u00e9n inclu\u00eda \u00abla perspectiva de dos Estados\u00bb (Israel y Palestina). \u00abFrancia agradece a Brasil su iniciativa y su papel en la coordinaci\u00f3n de la misma\u00bb, concluy\u00f3 el Gobierno.<\/p>\n\n\n\n<p><\/p>\n\n\n\n<p>V\u00eda: <a href=\"https:\/\/www.dw.com\/es\/francia-deplora-veto-de-estados-unidos-a-pausas-humanitarias-en-gaza\/a-67143353\">DW<\/a><\/p>\n\n\n\n<p><a rel=\"noreferrer noopener\" href=\"\/\/p.dw.com\/p\/4Xj3J%3Fmaca%3Des-Whatsapp-sharing\" target=\"_blank\"><\/a><a rel=\"noreferrer noopener\" href=\"mailto:?body=https:\/\/p.dw.com\/p\/4Xj3J%3Fmaca%3Des-EMail-sharing&amp;subject=Francia%20lamenta%20veto%20de%20EEUU%20a%20%22pausas%20humanitarias%22%20en%20Gaza\" target=\"_blank\"><\/a><a rel=\"noreferrer noopener\" href=\"https:\/\/meneame.net\/submit.php?url=https:\/\/p.dw.com\/p\/4Xj3J%3Fmaca%3Des-Meneame-sharing\" target=\"_blank\"><\/a><a rel=\"noreferrer noopener\" href=\"\/\/share\/?link=https:\/\/p.dw.com\/p\/4Xj3J%3Fmaca%3Des-Facebook%20messenger-sharing\" target=\"_blank\"><\/a><a rel=\"noreferrer noopener\" href=\"https:\/\/www.linkedin.com\/shareArticle?mini=true&amp;url=https:\/\/p.dw.com\/p\/4Xj3J%3Fmaca%3Des-linkedin-sharing&amp;title=Francia%20lamenta%20veto%20de%20EEUU%20a%20%22pausas%20humanitarias%22%20en%20Gaza&amp;source=DW.COM\" target=\"_blank\"><\/a><a rel=\"noreferrer noopener\" href=\"sms:?&amp;body=https:\/\/p.dw.com\/p\/4Xj3J%3Fmaca%3Des-SMS-sharing\" target=\"_blank\"><\/a><\/p>\n","protected":false},"excerpt":{"rendered":"<p>El Gobierno franc\u00e9s lamenta veto de EEUU a resoluci\u00f3n del Consejo de Seguridad de ONU, presentada por Brasil para abrir \u00abpausas humanitarias\u00bb en Gaza y que condenaba ataques a civiles de todas las partes. Sin citar en ning\u00fan momento a Estados Unidos, el ministerio de Exteriores de Francia lament\u00f3 \u00abel fracaso del proyecto de resoluci\u00f3n\u00bb, [&hellip;]<\/p>\n","protected":false},"author":1,"featured_media":10238,"comment_status":"closed","ping_status":"closed","sticky":false,"template":"","format":"standard","meta":{"footnotes":""},"categories":[14,2],"tags":[],"class_list":["post-10237","post","type-post","status-publish","format-standard","has-post-thumbnail","hentry","category-entertainment","category-portada"],"_links":{"self":[{"href":"https:\/\/ciudadliberal.cl\/index.php?rest_route=\/wp\/v2\/posts\/10237","targetHints":{"allow":["GET"]}}],"collection":[{"href":"https:\/\/ciudadliberal.cl\/index.php?rest_route=\/wp\/v2\/posts"}],"about":[{"href":"https:\/\/ciudadliberal.cl\/index.php?rest_route=\/wp\/v2\/types\/post"}],"author":[{"embeddable":true,"href":"https:\/\/ciudadliberal.cl\/index.php?rest_route=\/wp\/v2\/users\/1"}],"replies":[{"embeddable":true,"href":"https:\/\/ciudadliberal.cl\/index.php?rest_route=%2Fwp%2Fv2%2Fcomments&post=10237"}],"version-history":[{"count":1,"href":"https:\/\/ciudadliberal.cl\/index.php?rest_route=\/wp\/v2\/posts\/10237\/revisions"}],"predecessor-version":[{"id":10239,"href":"https:\/\/ciudadliberal.cl\/index.php?rest_route=\/wp\/v2\/posts\/10237\/revisions\/10239"}],"wp:featuredmedia":[{"embeddable":true,"href":"https:\/\/ciudadliberal.cl\/index.php?rest_route=\/wp\/v2\/media\/10238"}],"wp:attachment":[{"href":"https:\/\/ciudadliberal.cl\/index.php?rest_route=%2Fwp%2Fv2%2Fmedia&parent=10237"}],"wp:term":[{"taxonomy":"category","embeddable":true,"href":"https:\/\/ciudadliberal.cl\/index.php?rest_route=%2Fwp%2Fv2%2Fcategories&post=10237"},{"taxonomy":"post_tag","embeddable":true,"href":"https:\/\/ciudadliberal.cl\/index.php?rest_route=%2Fwp%2Fv2%2Ftags&post=10237"}],"curies":[{"name":"wp","href":"https:\/\/api.w.org\/{rel}","templated":true}]}}