{"id":10219,"date":"2023-10-13T21:09:19","date_gmt":"2023-10-14T01:09:19","guid":{"rendered":"https:\/\/ciudadliberal.cl\/?p=10219"},"modified":"2023-10-13T21:09:21","modified_gmt":"2023-10-14T01:09:21","slug":"israel-y-hamas-estan-cometiendo-crimenes-de-guerra-acusa-la-onu","status":"publish","type":"post","link":"https:\/\/ciudadliberal.cl\/?p=10219","title":{"rendered":"Israel y Ham\u00e1s est\u00e1n cometiendo cr\u00edmenes de guerra,\u00a0acusa la\u00a0ONU"},"content":{"rendered":"\n<p>La entidad repudi\u00f3 que el primero bloquee la entrada de todo tipo de suministros en Gaza, y que el segundo est\u00e9 ejecutando y raptando civiles.<\/p>\n\n\n\n<p>Por ende, han contactado a pa\u00edses que tienen influencia en las partes para convencerlas de disminuir la violencia.<\/p>\n\n\n\n<p>Tanto&nbsp;<a href=\"https:\/\/www.cooperativa.cl\/noticias\/mundo\/medio-oriente\/conflicto-israel-palestina\/ultimatum-de-israel-onu-pide-anular-orden-de-evacuar-el-norte-de-gaza\/2023-10-13\/083114.html\" target=\"_blank\" rel=\"noreferrer noopener\">Israel como el movimiento islamista Ham\u00e1s<\/a>&nbsp;est\u00e1n cometiendo cr\u00edmenes de guerra: el primero al&nbsp;<strong>bloquear la entrada de todo tipo de suministros en Gaza<\/strong>, incluidos agua y alimentos, y el segundo por la&nbsp;<strong>ejecuci\u00f3n sumaria y el rapto de civiles<\/strong>, se\u00f1al\u00f3 la ONU este viernes.<\/p>\n\n\n\n<p>\u00ab<strong>Utilizar el&nbsp;<a href=\"https:\/\/www.cooperativa.cl\/noticias\/mundo\/medio-oriente\/israel\/ministro-de-energia-de-israel-el-cerco-de-gaza-seguira-hasta-la\/2023-10-12\/122041.html\" target=\"_blank\" rel=\"noreferrer noopener\">hambruna de los civiles<\/a>&nbsp;como un m\u00e9todo de guerra<\/strong>, priv\u00e1ndolos de bienes indispensables para su supervivencia, est\u00e1 definido como un&nbsp;<strong>crimen de guerra por el derecho internacional<\/strong>\u00ab, dijo la vocera de la Oficina de Naciones Unidas para los derechos humanos, Ravina Shamdasani.<\/p>\n\n\n\n<p>\u00ab<strong>Capturar rehenes y la\u00a0<a rel=\"noreferrer noopener\" href=\"https:\/\/www.cooperativa.cl\/noticias\/mundo\/medio-oriente\/conflicto-israel-palestina\/presidente-palestino-rechazamos-las-practicas-de-matar-civiles-o\/2023-10-12\/155936.html\" target=\"_blank\">ejecuci\u00f3n sumaria de civiles<\/a><\/strong>\u00a0por parte de Gaza, esto obviamente\u00a0<strong>tambi\u00e9n est\u00e1 prohibido por el derecho internacional<\/strong>\u00a0y tambi\u00e9n son cr\u00edmenes de guerra\u00bb, agreg\u00f3.<\/p>\n\n\n\n<p> <\/p>\n\n\n\n<p>La vocera asegur\u00f3 que Naciones Unidas est\u00e1&nbsp;<strong>en contacto con los pa\u00edses que tienen influencia en las partes de conflicto<\/strong>&nbsp;para convencerlos de que ayuden a la&nbsp;<strong>disminuci\u00f3n de la violencia<\/strong>&nbsp;y a que se respeten los derechos humanos.<\/p>\n\n\n\n<p>Revel\u00f3 que la Oficina de Derechos Humanos de la ONU tiene conocimiento de&nbsp;<strong>mensajes de mandos del Ej\u00e9rcito israel\u00ed<\/strong>&nbsp;a los soldados en los que se\u00f1alan que&nbsp;<strong>el respeto del derecho humanitario internacional<\/strong>&nbsp;(las reglas m\u00ednimas a respetar en tiempos de guerra y que est\u00e1n estipuladas en las Convenciones de Ginebra)&nbsp;<strong>es ahora opcional<\/strong>&nbsp;y no obligatorio.<\/p>\n\n\n\n<p>\u00abPero no son opcionales:&nbsp;<strong>se trata de las leyes de la guerra y tienen que ser respetadas pase lo que pase<\/strong>\u00ab, enfatiz\u00f3 Shamdasani en una comparecencia ante la prensa en Ginebra.<\/p>\n\n\n\n<p>\u00abEstamos recibiendo desgarradores mensajes de impotencia de la poblaci\u00f3n de Gaza que se desplaza de casa en casa, aterrorizada, buscando una seguridad que no existe, y los civiles siguen siendo rehenes de los grupos armados palestinos, en clara violaci\u00f3n del derecho internacional humanitario\u00bb, lament\u00f3.<\/p>\n\n\n\n<p><strong>Los muertos entre israel\u00edes y palestinos superan los 2.700<\/strong>\u00a0desde el pasado s\u00e1bado, cuando Ham\u00e1s inici\u00f3 un ataque y penetr\u00f3 en territorio de Israel, que respondi\u00f3 con una declaraci\u00f3n de guerra y el bloqueo de Gaza. UNICEF ha confirmado que 447 de los fallecidos son ni\u00f1os, aunque considera que esta cifra no retrata la realidad.<\/p>\n\n\n\n<p><\/p>\n\n\n\n<p>V\u00eda: <a href=\"https:\/\/www.cooperativa.cl\/noticias\/mundo\/medio-oriente\/conflicto-israel-palestina\/israel-y-hamas-estan-cometiendo-crimenes-de-guerra-acusa-la-onu\/2023-10-13\/105613.html\">Cooperativa<\/a><\/p>\n","protected":false},"excerpt":{"rendered":"<p>La entidad repudi\u00f3 que el primero bloquee la entrada de todo tipo de suministros en Gaza, y que el segundo est\u00e9 ejecutando y raptando civiles. Por ende, han contactado a pa\u00edses que tienen influencia en las partes para convencerlas de disminuir la violencia. Tanto&nbsp;Israel como el movimiento islamista Ham\u00e1s&nbsp;est\u00e1n cometiendo cr\u00edmenes de guerra: el primero [&hellip;]<\/p>\n","protected":false},"author":1,"featured_media":10220,"comment_status":"closed","ping_status":"closed","sticky":false,"template":"","format":"standard","meta":{"footnotes":""},"categories":[184,14,2],"tags":[],"class_list":["post-10219","post","type-post","status-publish","format-standard","has-post-thumbnail","hentry","category-derechos-humanos","category-entertainment","category-portada"],"_links":{"self":[{"href":"https:\/\/ciudadliberal.cl\/index.php?rest_route=\/wp\/v2\/posts\/10219","targetHints":{"allow":["GET"]}}],"collection":[{"href":"https:\/\/ciudadliberal.cl\/index.php?rest_route=\/wp\/v2\/posts"}],"about":[{"href":"https:\/\/ciudadliberal.cl\/index.php?rest_route=\/wp\/v2\/types\/post"}],"author":[{"embeddable":true,"href":"https:\/\/ciudadliberal.cl\/index.php?rest_route=\/wp\/v2\/users\/1"}],"replies":[{"embeddable":true,"href":"https:\/\/ciudadliberal.cl\/index.php?rest_route=%2Fwp%2Fv2%2Fcomments&post=10219"}],"version-history":[{"count":1,"href":"https:\/\/ciudadliberal.cl\/index.php?rest_route=\/wp\/v2\/posts\/10219\/revisions"}],"predecessor-version":[{"id":10221,"href":"https:\/\/ciudadliberal.cl\/index.php?rest_route=\/wp\/v2\/posts\/10219\/revisions\/10221"}],"wp:featuredmedia":[{"embeddable":true,"href":"https:\/\/ciudadliberal.cl\/index.php?rest_route=\/wp\/v2\/media\/10220"}],"wp:attachment":[{"href":"https:\/\/ciudadliberal.cl\/index.php?rest_route=%2Fwp%2Fv2%2Fmedia&parent=10219"}],"wp:term":[{"taxonomy":"category","embeddable":true,"href":"https:\/\/ciudadliberal.cl\/index.php?rest_route=%2Fwp%2Fv2%2Fcategories&post=10219"},{"taxonomy":"post_tag","embeddable":true,"href":"https:\/\/ciudadliberal.cl\/index.php?rest_route=%2Fwp%2Fv2%2Ftags&post=10219"}],"curies":[{"name":"wp","href":"https:\/\/api.w.org\/{rel}","templated":true}]}}