{"id":10215,"date":"2023-10-13T21:04:30","date_gmt":"2023-10-14T01:04:30","guid":{"rendered":"https:\/\/ciudadliberal.cl\/?p=10215"},"modified":"2023-10-13T21:04:32","modified_gmt":"2023-10-14T01:04:32","slug":"la-grave-situacion-humanitaria-de-la-franja-de-gaza","status":"publish","type":"post","link":"https:\/\/ciudadliberal.cl\/?p=10215","title":{"rendered":"La grave situaci\u00f3n humanitaria de la Franja de Gaza"},"content":{"rendered":"\n<p>La Franja de Gaza es un enclave costero encajonado entre Israel, Egipto y el mar Mediterr\u00e1neo, que se ve agobiado por una elevada tasa de desempleo y pobreza.<\/p>\n\n\n\n<p><a href=\"https:\/\/www.facebook.com\/sharer\/sharer.php?u=https:\/\/p.dw.com\/p\/4XWNZ%3Fmaca%3Des-Facebook-sharing\" target=\"_blank\" rel=\"noreferrer noopener\"><\/a><a href=\"https:\/\/twitter.com\/intent\/tweet?source=webclient&amp;text=La%20grave%20situaci%C3%B3n%20humanitaria%20de%20la%20Franja%20de%20Gaza%20+https:\/\/p.dw.com\/p\/4XWNZ%3Fmaca%3Des-Twitter-sharing\" target=\"_blank\" rel=\"noreferrer noopener\"><\/a><\/p>\n\n\n\n<p>La Franja de Gaza tiene 365 km\u00b2 y alberga a m\u00e1s de dos&nbsp;millones de personas, de las cuales 1,7 millones son refugiados, seg\u00fan el Organismo de Obras P\u00fablicas y Socorro de las Naciones Unidas para los Refugiados de Palestina en el Cercano Oriente (OOPS). Este organismo de la ONU presta servicios en 8 campos de refugiados repartidos por toda la Franja de Gaza.<\/p>\n\n\n\n<p>\u00abLa Franja de Gaza es una de las zonas m\u00e1s densamente pobladas del mundo, con 5.900 habitantes por kil\u00f3metro cuadrado\u00bb, afirma la Oficina de Coordinaci\u00f3n de Asuntos Humanitarios de la ONU (OCHA), y el 41% de la poblaci\u00f3n de Gaza tiene menos de 15 a\u00f1os.<\/p>\n\n\n\n<h2 class=\"wp-block-heading\">Desplazados, muertos y v\u00edctimas<\/h2>\n\n\n\n<p>M\u00e1s de 400.000 habitantes de la Franja de Gaza se han visto desplazados internamente tras los&nbsp;<a href=\"https:\/\/www.dw.com\/es\/bombardeos-en-gaza-una-pesadilla-que-vuelve-una-y-otra-vez\/a-67081764\">ataques de represalia israel\u00edes<\/a>, seg\u00fan inform\u00f3 el jueves la OCHA.<\/p>\n\n\n\n<p>El Ministerio de Sanidad de Gaza informa&nbsp;que unas 1.500 personas han muerto tras los ataques a\u00e9reos israel\u00edes, y m\u00e1s de 6.000 han resultado heridas.<\/p>\n\n\n\n<p>La Franja de Gaza cuenta con 13 hospitales, que \u00abs\u00f3lo funcionan parcialmente debido a la escasez de suministros y al racionamiento de combustible\u00bb, seg\u00fan la OCHA.<\/p>\n\n\n\n<p>Un comunicado de prensa de Fabrizio Carboni, director regional para Oriente Pr\u00f3ximo y Oriente Medio del Comit\u00e9 Internacional de la Cruz Roja (CICR), advierte de que, a medida que \u00abGaza se queda sin electricidad, los hospitales se quedan sin energ\u00eda, lo que pone en peligro a los reci\u00e9n nacidos en incubadoras y a los pacientes ancianos con ox\u00edgeno. La di\u00e1lisis renal se detiene y no se pueden hacer radiograf\u00edas. Sin electricidad, los hospitales corren el riesgo de convertirse en tanatorios\u00bb.<\/p>\n\n\n\n<figure class=\"wp-block-image size-large\"><img loading=\"lazy\" decoding=\"async\" width=\"1024\" height=\"576\" src=\"https:\/\/ciudadliberal.cl\/wp-content\/uploads\/2023\/10\/image-1-1024x576.png\" alt=\"\" class=\"wp-image-10216\" srcset=\"https:\/\/ciudadliberal.cl\/wp-content\/uploads\/2023\/10\/image-1-1024x576.png 1024w, https:\/\/ciudadliberal.cl\/wp-content\/uploads\/2023\/10\/image-1-300x169.png 300w, https:\/\/ciudadliberal.cl\/wp-content\/uploads\/2023\/10\/image-1-768x432.png 768w, https:\/\/ciudadliberal.cl\/wp-content\/uploads\/2023\/10\/image-1-747x420.png 747w, https:\/\/ciudadliberal.cl\/wp-content\/uploads\/2023\/10\/image-1-640x360.png 640w, https:\/\/ciudadliberal.cl\/wp-content\/uploads\/2023\/10\/image-1-681x383.png 681w, https:\/\/ciudadliberal.cl\/wp-content\/uploads\/2023\/10\/image-1.png 1110w\" sizes=\"auto, (max-width: 1024px) 100vw, 1024px\" \/><\/figure>\n\n\n\n<h2 class=\"wp-block-heading\">Escasez de electricidad<\/h2>\n\n\n\n<p>La Franja de Gaza cuenta con una central el\u00e9ctrica que genera unos 70 megavatios de electricidad al d\u00eda. Esto cubre una peque\u00f1a fracci\u00f3n de las necesidades energ\u00e9ticas totales del territorio, de al menos 400 megavatios, seg\u00fan datos cotejados por la OCHA. Adem\u00e1s, unos 120 megavatios de energ\u00eda se importan normalmente de Israel. Este a\u00f1o, la poblaci\u00f3n&nbsp;dispuso&nbsp;de una media de 13 horas de electricidad al d\u00eda.<\/p>\n\n\n\n<p>Tras el\u00a0<a href=\"https:\/\/www.dw.com\/es\/todo-lo-que-hay-que-saber-sobre-el-ataque-de-ham%C3%A1s-a-israel\/a-67045232\">ataque del fin de semana de Ham\u00e1s<\/a>, Israel dej\u00f3 de suministrar electricidad a la Franja de Gaza el 8 de octubre. La \u00fanica central el\u00e9ctrica de Gaza se ha quedado sin combustible y est\u00e1 fuera de servicio, por lo que el territorio carece de electricidad, y sus habitantes dependen de generadores el\u00e9ctricos.<\/p>\n\n\n\n<h2 class=\"wp-block-heading\">Desempleo y pobreza<\/h2>\n\n\n\n<p>La tasa de desempleo de Gaza supera el 45%, seg\u00fan datos recopilados por la OCHA. Alrededor del 60% de las personas de entre 15 y 29 a\u00f1os no tienen trabajo.&nbsp;<\/p>\n\n\n\n<p>Los datos recopilados por el organismo de la ONU muestran que, en 2021, m\u00e1s del 80% de los gazat\u00edes empleados en el sector privado ganaban menos del salario m\u00ednimo de 442 d\u00f3lares (419 euros) al mes.<\/p>\n\n\n\n<p>St\u00e9phane Dujarric, portavoz de UNICEF, ha declarado que en gran medida \u00abdebido al bloqueo, la pobreza, las altas tasas de desempleo y otros factores\u00bb casi el 80% de los habitantes de Gaza dependen de la ayuda humanitaria.<\/p>\n\n\n\n<h2 class=\"wp-block-heading\">\u00bfDesde cu\u00e1ndo est\u00e1 bloqueada la Franja de Gaza?<\/h2>\n\n\n\n<p>Israel impuso un bloqueo terrestre, a\u00e9reo y mar\u00edtimo a la Franja de Gaza en 2007, despu\u00e9s de que Ham\u00e1s tomara&nbsp;el control del territorio. Los movimientos de entrada y salida de la poblaci\u00f3n a trav\u00e9s de los puestos de control israel\u00edes y el \u00fanico paso fronterizo hacia Egipto, en&nbsp;Rafah, se han visto gravemente restringidos, afirma la agencia de la ONU para refugiados palestinos&nbsp;UNRWA.<\/p>\n\n\n\n<p>Tras el ataque terrorista&nbsp;de Ham\u00e1s, Israel impuso un \u00abbloqueo total\u00bb, cerrando todos los puestos de control y deteniendo la entrega de alimentos, ayuda y combustible en la Franja de Gaza.<\/p>\n\n\n\n<p>Esto convierte el cruce de Rafah, de la Franja de Gaza a Egipto, el \u00fanico no controlado por Israel, en la \u00fanica ruta para que alimentos, ayuda y otros art\u00edculos lleguen a la Franja de Gaza.<\/p>\n\n\n\n<p><\/p>\n\n\n\n<p>V\u00eda: <a href=\"https:\/\/www.dw.com\/es\/la-grave-situaci%C3%B3n-humanitaria-de-la-franja-de-gaza\/a-67094637\">DW<\/a><\/p>\n\n\n\n<p><a rel=\"noreferrer noopener\" href=\"\/\/p.dw.com\/p\/4XWNZ%3Fmaca%3Des-Whatsapp-sharing\" target=\"_blank\"><\/a><a rel=\"noreferrer noopener\" href=\"mailto:?body=https:\/\/p.dw.com\/p\/4XWNZ%3Fmaca%3Des-EMail-sharing&amp;subject=La%20grave%20situaci%C3%B3n%20humanitaria%20de%20la%20Franja%20de%20Gaza%20\" target=\"_blank\"><\/a><a rel=\"noreferrer noopener\" href=\"https:\/\/meneame.net\/submit.php?url=https:\/\/p.dw.com\/p\/4XWNZ%3Fmaca%3Des-Meneame-sharing\" target=\"_blank\"><\/a><a rel=\"noreferrer noopener\" href=\"\/\/share\/?link=https:\/\/p.dw.com\/p\/4XWNZ%3Fmaca%3Des-Facebook%20messenger-sharing\" target=\"_blank\"><\/a><a rel=\"noreferrer noopener\" href=\"https:\/\/www.linkedin.com\/shareArticle?mini=true&amp;url=https:\/\/p.dw.com\/p\/4XWNZ%3Fmaca%3Des-linkedin-sharing&amp;title=La%20grave%20situaci%C3%B3n%20humanitaria%20de%20la%20Franja%20de%20Gaza%20&amp;source=DW.COM\" target=\"_blank\"><\/a><a rel=\"noreferrer noopener\" href=\"sms:?&amp;body=https:\/\/p.dw.com\/p\/4XWNZ%3Fmaca%3Des-SMS-sharing\" target=\"_blank\"><\/a><\/p>\n","protected":false},"excerpt":{"rendered":"<p>La Franja de Gaza es un enclave costero encajonado entre Israel, Egipto y el mar Mediterr\u00e1neo, que se ve agobiado por una elevada tasa de desempleo y pobreza. La Franja de Gaza tiene 365 km\u00b2 y alberga a m\u00e1s de dos&nbsp;millones de personas, de las cuales 1,7 millones son refugiados, seg\u00fan el Organismo de Obras [&hellip;]<\/p>\n","protected":false},"author":1,"featured_media":10217,"comment_status":"closed","ping_status":"closed","sticky":false,"template":"","format":"standard","meta":{"footnotes":""},"categories":[14,2],"tags":[],"class_list":["post-10215","post","type-post","status-publish","format-standard","has-post-thumbnail","hentry","category-entertainment","category-portada"],"_links":{"self":[{"href":"https:\/\/ciudadliberal.cl\/index.php?rest_route=\/wp\/v2\/posts\/10215","targetHints":{"allow":["GET"]}}],"collection":[{"href":"https:\/\/ciudadliberal.cl\/index.php?rest_route=\/wp\/v2\/posts"}],"about":[{"href":"https:\/\/ciudadliberal.cl\/index.php?rest_route=\/wp\/v2\/types\/post"}],"author":[{"embeddable":true,"href":"https:\/\/ciudadliberal.cl\/index.php?rest_route=\/wp\/v2\/users\/1"}],"replies":[{"embeddable":true,"href":"https:\/\/ciudadliberal.cl\/index.php?rest_route=%2Fwp%2Fv2%2Fcomments&post=10215"}],"version-history":[{"count":1,"href":"https:\/\/ciudadliberal.cl\/index.php?rest_route=\/wp\/v2\/posts\/10215\/revisions"}],"predecessor-version":[{"id":10218,"href":"https:\/\/ciudadliberal.cl\/index.php?rest_route=\/wp\/v2\/posts\/10215\/revisions\/10218"}],"wp:featuredmedia":[{"embeddable":true,"href":"https:\/\/ciudadliberal.cl\/index.php?rest_route=\/wp\/v2\/media\/10217"}],"wp:attachment":[{"href":"https:\/\/ciudadliberal.cl\/index.php?rest_route=%2Fwp%2Fv2%2Fmedia&parent=10215"}],"wp:term":[{"taxonomy":"category","embeddable":true,"href":"https:\/\/ciudadliberal.cl\/index.php?rest_route=%2Fwp%2Fv2%2Fcategories&post=10215"},{"taxonomy":"post_tag","embeddable":true,"href":"https:\/\/ciudadliberal.cl\/index.php?rest_route=%2Fwp%2Fv2%2Ftags&post=10215"}],"curies":[{"name":"wp","href":"https:\/\/api.w.org\/{rel}","templated":true}]}}