{"id":10212,"date":"2023-10-11T10:27:15","date_gmt":"2023-10-11T14:27:15","guid":{"rendered":"https:\/\/ciudadliberal.cl\/?p=10212"},"modified":"2023-10-11T10:27:17","modified_gmt":"2023-10-11T14:27:17","slug":"el-dolar-vuelve-a-subir-ante-la-escalada-del-conflicto-en-gaza","status":"publish","type":"post","link":"https:\/\/ciudadliberal.cl\/?p=10212","title":{"rendered":"El d\u00f3lar vuelve a subir ante la escalada del conflicto en Gaza"},"content":{"rendered":"\n<p>La divisa lleg\u00f3 a cotizarse en 932 pesos y cerr\u00f3 este martes en un nuevo r\u00e9cord del a\u00f1o.<\/p>\n\n\n\n<p><strong>El precio del d\u00f3lar en Chile volvi\u00f3 a subir este martes<\/strong>, reaccionando de esa manera a&nbsp;<a href=\"https:\/\/www.cooperativa.cl\/noticias\/mundo\/medio-oriente\/conflicto-israel-palestina\/ya-esta-en-grecia-el-avion-humanitario-que-evacuara-a-los-chilenos-hay\/2023-10-10\/075100.html\" target=\"_blank\" rel=\"noreferrer noopener\">la escalada del conflicto entre Israel y Ham\u00e1s<\/a>&nbsp;-grupo considerado terrorista que controla la franja de Gaza-, as\u00ed como a otras presiones mundiales de las \u00faltimas semanas.<\/p>\n\n\n\n<p>Durante la jornada, lleg\u00f3 a cotizarse en 932 pesos y&nbsp;<strong>cerr\u00f3 la jornada en 926<\/strong>, otro r\u00e9cord para este a\u00f1o.<\/p>\n\n\n\n<p>\u00abCuando hay conflictos o enfrentamientos, tenemos activos refugios, como lo son el oro que subi\u00f3 de precio, y por otro lado el d\u00f3lar para econom\u00edas emergentes como la nuestra. En ese caso podemos esperar que el precio del d\u00f3lar suba un poco m\u00e1s, porque\u00a0<strong>frente a la incertidumbre<\/strong>,<strong>\u00a0la gente prefiere tener d\u00f3lares hoy para poder comprar cosas en el caso de que esto escale m\u00e1s y se vuelva todo m\u00e1s caro<\/strong>,<strong>\u00a0etc\u00e9tera<\/strong>\u00ab, analiz\u00f3\u00a0<strong>Esteban Viani<\/strong>, economista de la Universidad Aut\u00f3noma.<\/p>\n\n\n\n<p><\/p>\n\n\n\n<p>En esta l\u00ednea, advirti\u00f3, \u00abpor un lado, que el petr\u00f3leo puede subir y puede subir severamente, y por otro lado, que el d\u00f3lar pueda mantenerse alto y tenga un cierto margen al alza todav\u00eda\u00bb.<\/p>\n\n\n\n<p><strong>En paralelo, el cobre<\/strong>&nbsp;descuenta casi todo lo recuperado este lunes, cayendo 1,35% en la Bolsa de Metales de Londres, para cerrar en&nbsp;<strong>3,58 d\u00f3lares<\/strong>.<\/p>\n\n\n\n<p><strong>Gonzalo Escobar<\/strong>, acad\u00e9mico de la Facultad de Econom\u00eda y Negocios de la Universidad Andr\u00e9s Bello, coment\u00f3 que \u00abla situaci\u00f3n actual del conflicto que hay entre Israel y Palestina claramente va a afectar el tipo de cambio y los niveles actuales del tipo de cambio los vamos a observar por varias semanas m\u00e1s e<strong>&nbsp;incluso si este conflicto vuelve a escalar, involucrando a otros actores, a otras naciones, es posible que presenciemos nuevos incrementos en el tipo de cambio\u00bb.<\/strong><\/p>\n\n\n\n<p>Para el experto, esto se debe \u00abprincipalmente, no solo por la incertidumbre que genera el conflicto en s\u00ed mismo, sino que tambi\u00e9n recordemos la zona donde est\u00e1 el conflicto, que son pa\u00edses exportadores de petr\u00f3leo, como es Arabia Saudita o Ir\u00e1n\u00bb.<\/p>\n\n\n\n<h2 class=\"wp-block-heading\"><em><strong>AUMENTO EN LOS COMBUSTIBLES<\/strong><\/em><\/h2>\n\n\n\n<p>Otra de las aristas de preocupaci\u00f3n en la econom\u00eda chilena es&nbsp;<a href=\"https:\/\/www.cooperativa.cl\/noticias\/pais\/consumidores\/combustibles\/economista-reafirma-que-precios-de-las-bencinas-seguiran-subiendo\/2023-10-05\/141248.html\" target=\"_blank\" rel=\"noreferrer noopener\"><strong>el sostenido aumento desde inicios de agosto en el precio de los combustibles<\/strong><\/a>. Han sido cuatro alzas consecutivas, 121 pesos m\u00e1s por litro de bencina en ese periodo, mediadas por el Mecanismo de Estabilizaci\u00f3n de Precios de los Combustibles (Mepco).<\/p>\n\n\n\n<p>Frente a lo que ocurre en Medio Oriente, luego del alza de 4,3 por ciento del precio del barril de petr\u00f3leo intermedio de Texas,&nbsp;<strong>hoy la apertura fue con una baja de 0,39 por ciento hasta poco m\u00e1s de 86 d\u00f3lares<\/strong>.<\/p>\n\n\n\n<p>Sobre los efectos que puede tener este en el pa\u00eds,&nbsp;<strong>Juan Nagel<\/strong>, acad\u00e9mico de la Facultad de Ciencias Econ\u00f3micas y Empresariales de la Universidad de los Andes, advirti\u00f3 que \u00absi empezamos a ver involucramiento de pa\u00edses como Ir\u00e1n o como Arabia Saudita, que podr\u00eda extenderse hacia el Golfo P\u00e9rsico,&nbsp;<strong>podr\u00eda haber un impacto mayor sobre los precios del petr\u00f3leo<\/strong>\u00ab.<\/p>\n\n\n\n<p>\u00abSin embargo, lo que los bancos de inversi\u00f3n est\u00e1n pensando en este momento es que&nbsp;<strong>el impacto sobre los precios del petr\u00f3leo va a ser bastante acotado y<\/strong>&nbsp;por lo tanto, no debiera causar un impacto en los bolsillos de los consumidores de benzina aqu\u00ed en Chile\u00bb, analiz\u00f3 el experto.<\/p>\n\n\n\n<h2 class=\"wp-block-heading\"><em><strong>BOLSAS AL ALZA, INCLUIDA LA CHILENA<\/strong><\/em><\/h2>\n\n\n\n<p>En materia burs\u00e1til,&nbsp;<strong>Wall Street tuvo una jornada al alza. Por ejemplo, el \u00edndice Dow Jones sum\u00f3 un 0,4 por ciento en su cierre.<\/strong><\/p>\n\n\n\n<p><strong>Jos\u00e9 Agust\u00edn Cristi,<\/strong>&nbsp;portfolio manager de acciones chilenas de Zurich AGF, se\u00f1al\u00f3 que&nbsp;<strong>\u00abel d\u00eda de hoy el IPSA tuvo muy buen rendimiento subiendo un 2,16 por ciento<\/strong>, a pesar del conflicto b\u00e9lico que estamos viendo entre Israel y Ham\u00e1s\u00bb.<\/p>\n\n\n\n<p>\u00abEn una primera instancia, uno hubiese pensado que esto afectar\u00eda de manera negativa a la bolsa local. Sin embargo, entre el lunes y el martes hubo dos factores sumamente importantes que predominaron en el rendimiento de la bolsa local: uno, las diferentes declaraciones de miembros de la Fed que est\u00e1n viendo que las tasas de inter\u00e9s en Estados Unidos ya llegaron a su punto m\u00e1s alto y a futuro deber\u00edamos empezar a ver bajas en las tasas de inter\u00e9s; otro factor muy importante es que se est\u00e1 especulando de que China podr\u00eda lanzar un est\u00edmulo econ\u00f3mico\u00bb, sostuvo.\u00a0<\/p>\n\n\n\n<p><\/p>\n\n\n\n<p>V\u00eda: <a href=\"https:\/\/www.cooperativa.cl\/noticias\/economia\/divisas\/dolar\/el-dolar-vuelve-a-subir-ante-la-escalada-del-conflicto-en-gaza\/2023-10-10\/122501.html\">Cooperativa<\/a><\/p>\n\n\n\n<p><\/p>\n","protected":false},"excerpt":{"rendered":"<p>La divisa lleg\u00f3 a cotizarse en 932 pesos y cerr\u00f3 este martes en un nuevo r\u00e9cord del a\u00f1o. El precio del d\u00f3lar en Chile volvi\u00f3 a subir este martes, reaccionando de esa manera a&nbsp;la escalada del conflicto entre Israel y Ham\u00e1s&nbsp;-grupo considerado terrorista que controla la franja de Gaza-, as\u00ed como a otras presiones mundiales [&hellip;]<\/p>\n","protected":false},"author":1,"featured_media":10213,"comment_status":"closed","ping_status":"closed","sticky":false,"template":"","format":"standard","meta":{"footnotes":""},"categories":[14,2],"tags":[],"class_list":["post-10212","post","type-post","status-publish","format-standard","has-post-thumbnail","hentry","category-entertainment","category-portada"],"_links":{"self":[{"href":"https:\/\/ciudadliberal.cl\/index.php?rest_route=\/wp\/v2\/posts\/10212","targetHints":{"allow":["GET"]}}],"collection":[{"href":"https:\/\/ciudadliberal.cl\/index.php?rest_route=\/wp\/v2\/posts"}],"about":[{"href":"https:\/\/ciudadliberal.cl\/index.php?rest_route=\/wp\/v2\/types\/post"}],"author":[{"embeddable":true,"href":"https:\/\/ciudadliberal.cl\/index.php?rest_route=\/wp\/v2\/users\/1"}],"replies":[{"embeddable":true,"href":"https:\/\/ciudadliberal.cl\/index.php?rest_route=%2Fwp%2Fv2%2Fcomments&post=10212"}],"version-history":[{"count":1,"href":"https:\/\/ciudadliberal.cl\/index.php?rest_route=\/wp\/v2\/posts\/10212\/revisions"}],"predecessor-version":[{"id":10214,"href":"https:\/\/ciudadliberal.cl\/index.php?rest_route=\/wp\/v2\/posts\/10212\/revisions\/10214"}],"wp:featuredmedia":[{"embeddable":true,"href":"https:\/\/ciudadliberal.cl\/index.php?rest_route=\/wp\/v2\/media\/10213"}],"wp:attachment":[{"href":"https:\/\/ciudadliberal.cl\/index.php?rest_route=%2Fwp%2Fv2%2Fmedia&parent=10212"}],"wp:term":[{"taxonomy":"category","embeddable":true,"href":"https:\/\/ciudadliberal.cl\/index.php?rest_route=%2Fwp%2Fv2%2Fcategories&post=10212"},{"taxonomy":"post_tag","embeddable":true,"href":"https:\/\/ciudadliberal.cl\/index.php?rest_route=%2Fwp%2Fv2%2Ftags&post=10212"}],"curies":[{"name":"wp","href":"https:\/\/api.w.org\/{rel}","templated":true}]}}