{"id":10152,"date":"2023-09-21T08:32:19","date_gmt":"2023-09-21T12:32:19","guid":{"rendered":"https:\/\/ciudadliberal.cl\/?p=10152"},"modified":"2023-09-21T08:32:21","modified_gmt":"2023-09-21T12:32:21","slug":"una-acusacion-demoledora-de-justin-trudeau-contra-la-india","status":"publish","type":"post","link":"https:\/\/ciudadliberal.cl\/?p=10152","title":{"rendered":"Una acusaci\u00f3n demoledora de Justin Trudeau contra la India"},"content":{"rendered":"\n<h2 class=\"wp-block-heading\">La disputa entre Canad\u00e1 y la India podr\u00eda involucrar a Estados Unidos y Gran Breta\u00f1a<\/h2>\n\n\n\n<p>La noche del 18 de junio,\u00a0<strong>Hardeep Singh Nijjar<\/strong>, l\u00edder Sij canadiense al que\u00a0<strong>India\u00a0<\/strong>consideraba terrorista, estaba sentado en su camioneta en un aparcamiento frente a un\u00a0<em>gurdwara\u00a0<\/em>(templo sij) de\u00a0<strong>Vancouver\u00a0<\/strong>cuando dos hombres enmascarados lo mataron a tiros. Escaparon por un parque y desaparecieron.<\/p>\n\n\n\n<p>El 18 de septiembre,\u00a0<strong>Justin Trudeau<\/strong>, Primer Ministro de\u00a0<strong>Canad\u00e1<\/strong>, dijo a los legisladores en\u00a0<strong>Ottawa\u00a0<\/strong>que \u201c<strong>informaci\u00f3n cre\u00edble<\/strong>\u201d de los servicios de seguridad del pa\u00eds\u00a0<strong>vinculaba a India con el asesinato<\/strong>. Se trata de una acusaci\u00f3n muy poco habitual por parte del l\u00edder de una democracia contra el gobierno de otra.\u00a0<strong>Trudeau\u00a0<\/strong>dijo que hab\u00eda hablado de la acusaci\u00f3n con\u00a0<strong>Narendra Modi<\/strong>, primer ministro indio, al margen de la reuni\u00f3n del\u00a0<strong>G20\u00a0<\/strong>celebrada en\u00a0<strong>Delhi\u00a0<\/strong>el 10 de septiembre, y que presionar\u00eda a\u00a0<strong>India\u00a0<\/strong>para que cooperara en la investigaci\u00f3n. \u201c<strong>Cualquier implicaci\u00f3n de un gobierno extranjero en el asesinato de un ciudadano canadiense en suelo canadiense es una violaci\u00f3n inaceptable de nuestra soberan\u00eda<\/strong>\u201d, declar\u00f3 ante el Parlamento.<\/p>\n\n\n\n<p>La acusaci\u00f3n marca un nuevo punto bajo en las ya&nbsp;<strong>fr\u00edas relaciones entre ambos pa\u00edses<\/strong>. Poco despu\u00e9s de las declaraciones de&nbsp;<strong>Trudeau<\/strong>, el ministro de Asuntos Exteriores canadiense anunci\u00f3 la expulsi\u00f3n del jefe de la agencia de inteligencia india en&nbsp;<strong>Canad\u00e1<\/strong>. Pero el Ministerio de Asuntos Exteriores indio&nbsp;<strong>neg\u00f3 categ\u00f3ricamente la acusaci\u00f3n, calific\u00e1ndola de \u201cabsurda\u201d&nbsp;<\/strong>y pol\u00edticamente motivada, y declar\u00f3 la expulsi\u00f3n rec\u00edproca de un diplom\u00e1tico canadiense. Acus\u00f3 a&nbsp;<strong>Canad\u00e1&nbsp;<\/strong>de dar cobijo a \u201c<strong>terroristas y separatistas khalistani<\/strong>\u201d, en referencia a quienes buscan una patria independiente para los Sijs en el estado de&nbsp;<strong>Punjab&nbsp;<\/strong>y otras partes del norte de&nbsp;<strong>India<\/strong>.<\/p>\n\n\n\n<p>En\u00a0<strong>India<\/strong>, los medios de comunicaci\u00f3n de derechas y los partidarios de\u00a0<strong>Modi\u00a0<\/strong>se hicieron eco de la l\u00ednea del gobierno, acusando a\u00a0<strong>Trudeau\u00a0<\/strong>de complacer a los terroristas. Pero tambi\u00e9n sugirieron que la pol\u00e9mica podr\u00eda ayudar al Primer Ministro. \u201c<strong>Justin Trudeau empieza a hacer campa\u00f1a por Modi de cara a las elecciones generales de 2024 culpando a su gobierno de neutralizar a un terrorista en suelo canadiense<\/strong>\u201d, escribi\u00f3 en\u00a0<em>X<\/em>\u00a0(antes Twitter)\u00a0<strong>Nupur J Sharma<\/strong>, editora de\u00a0<em>OpIndia<\/em>, un sitio web de derechas.<\/p>\n\n\n\n<p>El deterioro de las relaciones entre&nbsp;<strong>India&nbsp;<\/strong>y&nbsp;<strong>Canad\u00e1&nbsp;<\/strong>era evidente desde hac\u00eda tiempo. El 1 de septiembre,&nbsp;<strong>Canad\u00e1&nbsp;<\/strong>comunic\u00f3 que hab\u00eda interrumpido las conversaciones comerciales con&nbsp;<strong>India<\/strong>. En los d\u00edas previos al&nbsp;<strong>G20<\/strong>,&nbsp;<strong>Canad\u00e1<\/strong>, aunque se mantuvo en sus trece, aparentemente intent\u00f3 reducir las tensiones enviando discretamente a&nbsp;<strong>India&nbsp;<\/strong>al jefe de su servicio de inteligencia y al asesor de seguridad nacional de&nbsp;<strong>Trudeau<\/strong>. De ser as\u00ed, no sirvi\u00f3 de nada.<\/p>\n\n\n\n<p>En el\u00a0<strong>G20<\/strong>, donde otros l\u00edderes occidentales mantuvieron largas reuniones con\u00a0<strong>Modi<\/strong>,\u00a0<strong>Trudeau\u00a0<\/strong>fue engatusado con una reuni\u00f3n de diez minutos al margen. Un sonriente\u00a0<strong>Modi\u00a0<\/strong>le puso un pa\u00f1uelo de seda alrededor del cuello en lo que ahora\u00a0<strong>parece haber sido una ir\u00f3nica bienvenida<\/strong>. (Un viaje anterior del Sr.\u00a0<strong>Trudeau\u00a0<\/strong>a la\u00a0<strong>India\u00a0<\/strong>en 2018 se convirti\u00f3 en un fiasco despu\u00e9s de que un extremista Sij convicto fuera invitado a una recepci\u00f3n oficial para \u00e9l, aunque la invitaci\u00f3n fue retirada posteriormente).<\/p>\n\n\n\n<p>El&nbsp;<strong>separatismo Sij<\/strong>, la causa detr\u00e1s de una sangrienta insurgencia en la&nbsp;<strong>India&nbsp;<\/strong>en las d\u00e9cadas de 1970 y 1980, ha sido durante mucho tiempo un punto delicado entre la&nbsp;<strong>India&nbsp;<\/strong>y&nbsp;<strong>Canad\u00e1<\/strong>, que alberga una gran di\u00e1spora&nbsp;<strong>Sij<\/strong>.&nbsp;<strong>India acusa a Canad\u00e1 de ser blando con los militantes separatistas<\/strong>. Ex funcionarios de seguridad canadienses afirman que&nbsp;<strong>el gobierno indio lleva a\u00f1os vigilando a los grupos khalistani en Canad\u00e1<\/strong>. El propio&nbsp;<strong>Canad\u00e1&nbsp;<\/strong>fue v\u00edctima del terrorismo kalistan\u00ed en 1985, cuando una bomba hizo estallar un avi\u00f3n de&nbsp;<strong>Air India&nbsp;<\/strong>que volaba de&nbsp;<strong>Montreal a Londres<\/strong>, matando a 329 personas, en su mayor\u00eda canadienses. Sigue siendo el atentado terrorista m\u00e1s mort\u00edfero de la historia contra&nbsp;<strong>Canad\u00e1<\/strong>. S\u00f3lo un sospechoso fue condenado en relaci\u00f3n con el atentado; otro fue abatido a tiros, en&nbsp;<strong>Columbia Brit\u00e1nica<\/strong>, el verano pasado.<\/p>\n\n\n\n<p>Sin embargo, ese crimen no ensombrece las relaciones entre los&nbsp;<strong>770.000 Sijs de Canad\u00e1&nbsp;<\/strong>y sus conciudadanos canadienses. Todos los partidos canadienses cortejan a los Sijs, que constituyen un importante electorado pol\u00edtico.&nbsp;<strong>Canad\u00e1&nbsp;<\/strong>insiste en que ha tomado medidas en\u00e9rgicas contra la peque\u00f1a minor\u00eda que ha llevado su lucha por el&nbsp;<strong>Khalistan (o Jalist\u00e1n)&nbsp;<\/strong>al pa\u00eds.&nbsp;<strong>Nijjar&nbsp;<\/strong>ha sido un firme defensor de un&nbsp;<strong>Khalistan independiente<\/strong>, pero ha negado su implicaci\u00f3n en actos violentos.<\/p>\n\n\n\n<p>Un distanciamiento cada vez mayor entre los dos pa\u00edses tendr\u00eda implicaciones econ\u00f3micas, aunque modestas.&nbsp;<strong>Los inversores canadienses han adquirido mayor importancia en India<\/strong>, ya que buscan beneficiarse de su econom\u00eda en r\u00e1pido crecimiento:&nbsp;<strong>CPP Investments<\/strong>, un gigantesco fondo de ahorro nacional canadiense, tiene unos 20.000 millones de d\u00f3lares invertidos en el subcontinente.&nbsp;<strong>India es el d\u00e9cimo socio comercial de<\/strong>&nbsp;<strong>Canad\u00e1<\/strong>.<\/p>\n\n\n\n<p>Pero las ramificaciones de las acusaciones de&nbsp;<strong>Trudeau&nbsp;<\/strong>van mucho m\u00e1s all\u00e1 de la relaci\u00f3n entre&nbsp;<strong>Canad\u00e1&nbsp;<\/strong>e&nbsp;<strong>India<\/strong>. Afirm\u00f3 que&nbsp;<strong>Canad\u00e1&nbsp;<\/strong>estaba \u201c<strong>coordinando estrechamente<\/strong>\u201d este asunto con sus aliados. Sin embargo, su af\u00e1n por recabar el apoyo de&nbsp;<strong>Joe Biden<\/strong>, presidente estadounidense, y de&nbsp;<strong>Rishi Sunak<\/strong>, primer ministro brit\u00e1nico, en la investigaci\u00f3n del asesinato resulta inc\u00f3modo para ambos l\u00edderes.&nbsp;<strong>Unirse a Trudeau en su condena de Modi dificultar\u00eda sus esfuerzos por cortejar a India como forma de reducir la influencia china en Asia<\/strong>.<\/p>\n\n\n\n<p>Y sin embargo, no decir nada significar\u00eda dejar en la estacada a un estrecho aliado. El 18 de septiembre, el&nbsp;<strong>Consejo de Seguridad Nacional de la Casa Blanca&nbsp;<\/strong>declar\u00f3 con cautela que estaba \u201c<strong>profundamente preocupado por las acusaciones mencionadas hoy por el Primer Ministro Trudeau<\/strong>\u201d. Al d\u00eda siguiente, el portavoz de&nbsp;<strong>Sunak&nbsp;<\/strong>tambi\u00e9n se mostr\u00f3 prudente. Dijo que el primer ministro brit\u00e1nico no har\u00eda comentarios mientras se estuvieran llevando a cabo las investigaciones y que no emprender\u00eda ahora acciones diplom\u00e1ticas contra&nbsp;<strong>India<\/strong>.&nbsp;<strong>India tambi\u00e9n ha expresado recientemente su preocupaci\u00f3n por el apoyo al separatismo Sij en Gran Breta\u00f1a y Australia<\/strong>, lo que hace temer que pueda tomarse la justicia por su mano tambi\u00e9n en esos pa\u00edses.<\/p>\n\n\n\n<p>Si la acusaci\u00f3n del Sr.&nbsp;<strong>Trudeau&nbsp;<\/strong>es cierta, el asesinato apunta hacia un&nbsp;<strong>giro activista en las operaciones de los servicios de inteligencia de India en Occidente<\/strong>, sin olvidar al&nbsp;<strong>Research and Analysis Wing&nbsp;<\/strong>(RAW), el brazo de inteligencia exterior de&nbsp;<strong>India<\/strong>, el candidato m\u00e1s probable para tal acci\u00f3n. Creado en 1968 a partir de la&nbsp;<strong>Oficina de Inteligencia nacional<\/strong>, supuestamente con ayuda de la&nbsp;<strong>CIA<\/strong>, el&nbsp;<strong>RAW&nbsp;<\/strong>se ha centrado principalmente en la recopilaci\u00f3n de informaci\u00f3n y la realizaci\u00f3n de operaciones en&nbsp;<strong>Pakist\u00e1n<\/strong>,&nbsp;<strong>China&nbsp;<\/strong>y otros vecinos de&nbsp;<strong>India<\/strong>. Se sospecha que&nbsp;<strong>lleva a cabo operaciones encubiertas para influir en los vecinos de India y detener y, en ocasiones, matar a sus enemigos<\/strong>. Pero es dif\u00edcil encontrar un precedente de un ataque tan aparentemente abierto en Occidente.&nbsp;<strong>Ser\u00eda \u201cuna locura perpetrar un acto como \u00e9ste en un pa\u00eds de los Cinco Ojos\u201d<\/strong>, afirma un ex funcionario de inteligencia europeo, refiri\u00e9ndose al pacto de espionaje occidental que conecta&nbsp;<strong>Canad\u00e1&nbsp;<\/strong>con&nbsp;<strong>Estados Unidos<\/strong>,&nbsp;<strong>Australia<\/strong>,&nbsp;<strong>Gran Breta\u00f1a&nbsp;<\/strong>y&nbsp;<strong>Nueva Zelanda<\/strong>.<\/p>\n\n\n\n<p>Puede que la&nbsp;<strong>India&nbsp;<\/strong>espere emular al&nbsp;<strong>Mossad&nbsp;<\/strong>israel\u00ed, cuyo famoso brazo largo golpea a enemigos lejanos. Pero corre el riesgo de ser clasificada con&nbsp;<strong>Rusia<\/strong>, cuyos asesinatos en el extranjero han provocado una condena generalizada y sanciones occidentales. Si la acusaci\u00f3n es cierta,&nbsp;<strong>RAW&nbsp;<\/strong>puede haber visto la oportunidad de deshacerse de un separatista problem\u00e1tico en&nbsp;<strong>Canad\u00e1&nbsp;<\/strong>y enviar un mensaje a otros como \u00e9l.&nbsp;<strong>No est\u00e1 claro el precio que pagar\u00e1 India<\/strong>.<\/p>\n\n\n\n<p><em>\u00a9 2023, The Economist Newspaper Limited. All rights reserved.<\/em><\/p>\n\n\n\n<p><\/p>\n\n\n\n<p>V\u00eda: <a href=\"https:\/\/www.infobae.com\/economist\/2023\/09\/20\/una-acusacion-demoledora-de-justin-trudeau-contra-la-india\/\">Infobae<\/a><\/p>\n","protected":false},"excerpt":{"rendered":"<p>La disputa entre Canad\u00e1 y la India podr\u00eda involucrar a Estados Unidos y Gran Breta\u00f1a La noche del 18 de junio,\u00a0Hardeep Singh Nijjar, l\u00edder Sij canadiense al que\u00a0India\u00a0consideraba terrorista, estaba sentado en su camioneta en un aparcamiento frente a un\u00a0gurdwara\u00a0(templo sij) de\u00a0Vancouver\u00a0cuando dos hombres enmascarados lo mataron a tiros. Escaparon por un parque y desaparecieron. [&hellip;]<\/p>\n","protected":false},"author":1,"featured_media":10153,"comment_status":"closed","ping_status":"closed","sticky":false,"template":"","format":"standard","meta":{"footnotes":""},"categories":[14,2],"tags":[],"class_list":["post-10152","post","type-post","status-publish","format-standard","has-post-thumbnail","hentry","category-entertainment","category-portada"],"_links":{"self":[{"href":"https:\/\/ciudadliberal.cl\/index.php?rest_route=\/wp\/v2\/posts\/10152","targetHints":{"allow":["GET"]}}],"collection":[{"href":"https:\/\/ciudadliberal.cl\/index.php?rest_route=\/wp\/v2\/posts"}],"about":[{"href":"https:\/\/ciudadliberal.cl\/index.php?rest_route=\/wp\/v2\/types\/post"}],"author":[{"embeddable":true,"href":"https:\/\/ciudadliberal.cl\/index.php?rest_route=\/wp\/v2\/users\/1"}],"replies":[{"embeddable":true,"href":"https:\/\/ciudadliberal.cl\/index.php?rest_route=%2Fwp%2Fv2%2Fcomments&post=10152"}],"version-history":[{"count":1,"href":"https:\/\/ciudadliberal.cl\/index.php?rest_route=\/wp\/v2\/posts\/10152\/revisions"}],"predecessor-version":[{"id":10154,"href":"https:\/\/ciudadliberal.cl\/index.php?rest_route=\/wp\/v2\/posts\/10152\/revisions\/10154"}],"wp:featuredmedia":[{"embeddable":true,"href":"https:\/\/ciudadliberal.cl\/index.php?rest_route=\/wp\/v2\/media\/10153"}],"wp:attachment":[{"href":"https:\/\/ciudadliberal.cl\/index.php?rest_route=%2Fwp%2Fv2%2Fmedia&parent=10152"}],"wp:term":[{"taxonomy":"category","embeddable":true,"href":"https:\/\/ciudadliberal.cl\/index.php?rest_route=%2Fwp%2Fv2%2Fcategories&post=10152"},{"taxonomy":"post_tag","embeddable":true,"href":"https:\/\/ciudadliberal.cl\/index.php?rest_route=%2Fwp%2Fv2%2Ftags&post=10152"}],"curies":[{"name":"wp","href":"https:\/\/api.w.org\/{rel}","templated":true}]}}