{"id":10145,"date":"2023-09-18T12:34:21","date_gmt":"2023-09-18T16:34:21","guid":{"rendered":"https:\/\/ciudadliberal.cl\/?p=10145"},"modified":"2023-09-18T12:34:23","modified_gmt":"2023-09-18T16:34:23","slug":"trump-descarto-que-abogados-lo-motivaran-a-acusar-un-fraude-electoral","status":"publish","type":"post","link":"https:\/\/ciudadliberal.cl\/?p=10145","title":{"rendered":"Trump descart\u00f3 que abogados lo motivaran a acusar un fraude electoral"},"content":{"rendered":"\n<p>El exmandatario dijo no haber escuchado a los profesionales que dieron cuenta de su derrota frente a Joe Biden.<\/p>\n\n\n\n<p>No obstante, s\u00ed hizo caso a otros colaboradores que advirtieron que las elecciones estaban \u00abama\u00f1adas\u00bb.<\/p>\n\n\n\n<p>El expresidente de Estados Unidos&nbsp;<strong>Donald Trump<\/strong>&nbsp;(2017-2021) dijo este domingo que&nbsp;<strong>fue su \u00abdecisi\u00f3n\u00bb rechazar los resultados de las elecciones de 2020<\/strong>&nbsp;que perdi\u00f3 contra el actual mandatario, Joe Biden, y emprender una ofensiva legal para anular los comicios.<\/p>\n\n\n\n<p>El republicano est\u00e1 imputado en un tribunal federal de Washington por su&nbsp;<strong>presunto intento de revertir los resultados y haber instigado el asalto al Capitolio<\/strong>, y en un tribunal estatal de Georgia por haber liderado una trama mafiosa para frustrar los comicios en ese estado, casos por los que podr\u00eda acabar en la c\u00e1rcel.<\/p>\n\n\n\n<p><strong>\u00abFue mi decisi\u00f3n\u00bb<\/strong>, respondi\u00f3 Trump en una entrevista con la cadena\u00a0<em>NBC<\/em>, en la que\u00a0<strong>reiter\u00f3 la mentira<\/strong>\u00a0de que en realidad fue \u00e9l quien gan\u00f3 las elecciones pero<strong>\u00a0hubo un fraude electoral<\/strong>.<\/p>\n\n\n\n<p>El exmandatario dijo que desoy\u00f3 los consejos de sus abogados que le dijeron que hab\u00eda perdido las elecciones porque&nbsp;<strong>\u00abno confiaba\u00bb en ellos a pesar de haberlos contratado<\/strong>: \u00abLos contratas pero no conoces a esas personas y luego resulta que no son tan buenos\u00bb, advirti\u00f3.<\/p>\n\n\n\n<p>Entre ellos cit\u00f3 al&nbsp;<strong>fiscal general que \u00e9l mismo nombr\u00f3, Bill Barr<\/strong>, quien se desmarc\u00f3 de las falsas denuncias de fraude, y a quien Trump acus\u00f3 de&nbsp;<strong>no haber hecho su trabajo por estar \u00abasustado\u00bb<\/strong>.<\/p>\n\n\n\n<p>En cambio,&nbsp;<strong>Trump sostiene que s\u00ed escuch\u00f3 a otros colaboradores que le dijeron que las elecciones estaban \u00abama\u00f1adas\u00bb<\/strong>, pero lo que m\u00e1s sigui\u00f3 fue su propio \u00abinstinto\u00bb, detall\u00f3.<\/p>\n\n\n\n<p>Seg\u00fan la investigaci\u00f3n del Departamento de Justicia, Trump&nbsp;<a href=\"https:\/\/www.cooperativa.cl\/noticias\/mundo\/ee-uu\/donald-trump\/donald-trump-fue-fichado-por-la-justicia-de-eeuu\/2023-08-24\/203229.html\">minti\u00f3 a sabiendas al decir que gan\u00f3 las elecciones<\/a>, intent\u00f3&nbsp;<strong>alterar la certificaci\u00f3n de los resultados<\/strong>&nbsp;con todo tipo de artima\u00f1as legales e&nbsp;<strong>instig\u00f3 el&nbsp;<a href=\"https:\/\/www.cooperativa.cl\/noticias\/mundo\/ee-uu\/donald-trump\/gran-jurado-de-georgia-imputo-a-trump-por-intentar-manipular-el\/2023-08-14\/235542.html\">violento asalto al Capitolio<\/a><\/strong><a href=\"https:\/\/www.cooperativa.cl\/noticias\/mundo\/ee-uu\/donald-trump\/gran-jurado-de-georgia-imputo-a-trump-por-intentar-manipular-el\/2023-08-14\/235542.html\">&nbsp;de miles de sus seguidores para interrumpir la ratificaci\u00f3n de la victoria de Biden<\/a>.<\/p>\n\n\n\n<p>Trump se ha\u00a0<strong>declarado no culpable en las cuatro imputaciones penales<\/strong>\u00a0en su contra, dos de ellas relacionadas con las elecciones de 2020, y ha\u00a0<strong>denunciado una \u00abcaza de brujas\u00bb de Biden.<\/strong><\/p>\n\n\n\n<p><\/p>\n\n\n\n<p>V\u00eda: <a href=\"https:\/\/www.cooperativa.cl\/noticias\/mundo\/ee-uu\/donald-trump\/trump-descarto-que-abogados-lo-motivaran-a-acusar-un-fraude-electoral\/2023-09-17\/182451.html\">Cooperativa<\/a><\/p>\n","protected":false},"excerpt":{"rendered":"<p>El exmandatario dijo no haber escuchado a los profesionales que dieron cuenta de su derrota frente a Joe Biden. No obstante, s\u00ed hizo caso a otros colaboradores que advirtieron que las elecciones estaban \u00abama\u00f1adas\u00bb. El expresidente de Estados Unidos&nbsp;Donald Trump&nbsp;(2017-2021) dijo este domingo que&nbsp;fue su \u00abdecisi\u00f3n\u00bb rechazar los resultados de las elecciones de 2020&nbsp;que perdi\u00f3 [&hellip;]<\/p>\n","protected":false},"author":1,"featured_media":10146,"comment_status":"closed","ping_status":"closed","sticky":false,"template":"","format":"standard","meta":{"footnotes":""},"categories":[14,2],"tags":[],"class_list":["post-10145","post","type-post","status-publish","format-standard","has-post-thumbnail","hentry","category-entertainment","category-portada"],"_links":{"self":[{"href":"https:\/\/ciudadliberal.cl\/index.php?rest_route=\/wp\/v2\/posts\/10145","targetHints":{"allow":["GET"]}}],"collection":[{"href":"https:\/\/ciudadliberal.cl\/index.php?rest_route=\/wp\/v2\/posts"}],"about":[{"href":"https:\/\/ciudadliberal.cl\/index.php?rest_route=\/wp\/v2\/types\/post"}],"author":[{"embeddable":true,"href":"https:\/\/ciudadliberal.cl\/index.php?rest_route=\/wp\/v2\/users\/1"}],"replies":[{"embeddable":true,"href":"https:\/\/ciudadliberal.cl\/index.php?rest_route=%2Fwp%2Fv2%2Fcomments&post=10145"}],"version-history":[{"count":1,"href":"https:\/\/ciudadliberal.cl\/index.php?rest_route=\/wp\/v2\/posts\/10145\/revisions"}],"predecessor-version":[{"id":10147,"href":"https:\/\/ciudadliberal.cl\/index.php?rest_route=\/wp\/v2\/posts\/10145\/revisions\/10147"}],"wp:featuredmedia":[{"embeddable":true,"href":"https:\/\/ciudadliberal.cl\/index.php?rest_route=\/wp\/v2\/media\/10146"}],"wp:attachment":[{"href":"https:\/\/ciudadliberal.cl\/index.php?rest_route=%2Fwp%2Fv2%2Fmedia&parent=10145"}],"wp:term":[{"taxonomy":"category","embeddable":true,"href":"https:\/\/ciudadliberal.cl\/index.php?rest_route=%2Fwp%2Fv2%2Fcategories&post=10145"},{"taxonomy":"post_tag","embeddable":true,"href":"https:\/\/ciudadliberal.cl\/index.php?rest_route=%2Fwp%2Fv2%2Ftags&post=10145"}],"curies":[{"name":"wp","href":"https:\/\/api.w.org\/{rel}","templated":true}]}}