{"id":10142,"date":"2023-09-18T12:29:18","date_gmt":"2023-09-18T16:29:18","guid":{"rendered":"https:\/\/ciudadliberal.cl\/?p=10142"},"modified":"2023-09-18T12:29:21","modified_gmt":"2023-09-18T16:29:21","slug":"cumbre-de-la-onu-scholz-promueve-finanzas-sostenibles","status":"publish","type":"post","link":"https:\/\/ciudadliberal.cl\/?p=10142","title":{"rendered":"Cumbre de la ONU: Scholz promueve finanzas sostenibles"},"content":{"rendered":"\n<p>Los Objetivos de Desarrollo Sostenible sirven como pautas sobre c\u00f3mo tratar a nuestro planeta en el futuro. La cumbre de Nueva York, en la que participa el canciller alem\u00e1n, har\u00e1 un balance provisional de su cumplimento.<\/p>\n\n\n\n<p><a href=\"https:\/\/www.facebook.com\/sharer\/sharer.php?u=https:\/\/p.dw.com\/p\/4WRlO%3Fmaca%3Des-Facebook-sharing\" target=\"_blank\" rel=\"noreferrer noopener\"><\/a><a href=\"https:\/\/twitter.com\/intent\/tweet?source=webclient&amp;text=Cumbre%20de%20la%20ONU%3A%20Scholz%20promueve%20finanzas%20sostenibles+https:\/\/p.dw.com\/p\/4WRlO%3Fmaca%3Des-Twitter-sharing\" target=\"_blank\" rel=\"noreferrer noopener\"><\/a><\/p>\n\n\n\n<p>La Agenda 2030 de las Naciones Unidas, con sus 17 Objetivos de Desarrollo Sostenible, es compleja y no necesariamente intuitiva ni f\u00e1cil de entender. Esa es una de las razones por las que le resulta dif\u00edcil penetrar en la conciencia p\u00fablica. Pero el hecho de que el propio canciller alem\u00e1n, Olaf Scholz, viaje a Nueva York los d\u00edas 18 y 19 de septiembre para participar en la Cumbre de Sostenibilidad de la ONU subraya la importancia que otorga a esta Agenda 2030 el Gobierno federal.<\/p>\n\n\n\n<p>Las metas de la agenda, esos 17 Objetivos de Desarrollo Sostenible (ODS), son ambiciosas: el proyecto, adoptado por la ONU en 2015, trataba nada menos que de intentar vencer al hambre y la pobreza en quince a\u00f1os, pero tambi\u00e9n de entender la prosperidad bajo un nuevo baremo en el cual el ingreso per c\u00e1pita, por s\u00ed solo, ya no es el factor decisivo. El crecimiento econ\u00f3mico del futuro deber\u00e1 dise\u00f1arse para ser compatible con la sostenibilidad ecol\u00f3gica.<\/p>\n\n\n\n<p>Por eso, la implementaci\u00f3n de los ODS est\u00e1 estrechamente vinculada a los objetivos del Acuerdo de Par\u00eds . Incentivando unas econom\u00edas sostenibles con bajas emisiones. Los ODS abordan las tres dimensiones de la sostenibilidad: social, econ\u00f3mica y ambiental. Los objetivos incluyen, entre otras cosas, una lucha global contra la pobreza y el hambre, acceso general a una educaci\u00f3n de alta calidad, energ\u00eda limpia y asequible, lucha contra las desigualdades sociales y mucho m\u00e1s.<\/p>\n\n\n\n<p>Reveses provocados por el covid-19 y la guerra de Ucrania<br>\u00abAl principio se lograron importantes avances, pero la pandemia de covid-19 y la guerra en Ucrania nos hicieron retroceder\u00bb, afirma B\u00e4rbel Kofler, secretaria de Estado parlamentaria del Ministerio de Desarrollo. El n\u00famero de personas en la pobreza extrema, que hab\u00eda bajado de casi dos millones en todo el mundo a 650 millones entre 1991 y 2019, volvi\u00f3 a subir con la pandemia. Ya entonces se pon\u00eda en duda que se pudieran cumplir los objetivos. Y adem\u00e1s la inflaci\u00f3n posterior fruto de la guerra en Ucrania aumenta la brecha entre ricos y pobres y amenaza la seguridad alimentaria.<\/p>\n\n\n\n<p>Por eso, seg\u00fan Kofler, la iniciativa necesita ahora un nuevo impulso. \u00abCuando viajo al continente africano, pero tambi\u00e9n a Asia y al sudeste asi\u00e1tico, el aumento de los precios de los alimentos y de los fertilizantes es un tema muy importante; un aumento, por supuesto, que tambi\u00e9n tiene que ver con el cambio clim\u00e1tico, pero sobre todo con la guerra en Ucrania, as\u00ed como la situaci\u00f3n de los precios de la energ\u00eda\u00bb, enumera. Todos estos factores retrasan la implementaci\u00f3n de la agenda, afirma Kofler.<\/p>\n\n\n\n<p><\/p>\n\n\n\n<h2 class=\"wp-block-heading\">\u00bfNuevo viento de cola para un mundo mejor?<\/h2>\n\n\n\n<p>Ant\u00f3nio Guterres tambi\u00e9n entra en escena: \u00abDebemos cumplir con nuestra obligaci\u00f3n de apoyar a las personas, comunidades y naciones m\u00e1s vulnerables del mundo. Crear una econom\u00eda global que beneficie a todos requiere acciones audaces\u00bb, dice el secretario general de la ONU. Es su nombre el que se asocia con el \u00e9xito -o el fracaso- de la agenda. Para muchos, la reuni\u00f3n de Nueva York es un momento decisivo para su legado. Esperan que sus habilidades diplom\u00e1ticas puedan dar un impulso adicional a la implementaci\u00f3n global de los objetivos de los ODS.<\/p>\n\n\n\n<p>Tiene asegurado el apoyo del Gobierno federal alem\u00e1n. Olaf Scholz asistir\u00e1 personalmente a la reuni\u00f3n. \u00abLa Agenda 2030 con los 17 objetivos de sostenibilidad es un hito en la cooperaci\u00f3n multilateral y una importante br\u00fajula para nuestras acciones globales\u00bb, afirm\u00f3 el canciller a DW.<\/p>\n\n\n\n<h2 class=\"wp-block-heading\">Banco Mundial: \u00bfpionero de la inversi\u00f3n sostenible?<\/h2>\n\n\n\n<p>\u00abFinanzas sostenibles\u00bb es el concepto clave que Scholz quiere poner en primer plano. \u00abEn la cumbre de los ODS, Alemania trabajar\u00e1 para fijar el rumbo necesario para una implementaci\u00f3n acelerada, por ejemplo, mediante reformas en el \u00e1mbito de la arquitectura financiera internacional. Los flujos financieros p\u00fablicos y privados deber\u00edan estar m\u00e1s alineados con los objetivos de sostenibilidad para aumentar el margen financiero para una transformaci\u00f3n social y ecol\u00f3gica\u00bb, explica el canciller.<\/p>\n\n\n\n<p>El plan: si las empresas quieren acceder a financiaci\u00f3n, pr\u00e9stamos o inversiones en el futuro, deben hacer p\u00fablica de forma transparente y comparable la informaci\u00f3n relevante sobre el grado de sostenibilidad de sus actividades. De este modo, las inversiones podr\u00e1n dirigirse espec\u00edficamente a actividades ecol\u00f3gica y socialmente sostenibles. El presidente franc\u00e9s, Emmanuel Macron, tambi\u00e9n propuso recientemente&nbsp;<a href=\"https:\/\/www.dw.com\/es\/emmanuel-macron-busca-un-nuevo-pacto-financiero-mundial\/a-65997479\">una reforma del sistema financiero internacional<\/a>.<\/p>\n\n\n\n<p>O en promover la reducci\u00f3n global de las desigualdades. \u00ab\u00c9ste es uno de los objetivos m\u00e1s infravalorados de la agenda de la ONU\u00bb, afirma B\u00e4rbel Kofler. \u00abEs tan importante porque est\u00e1 vinculado a muchas otras cuestiones, como el acceso a la educaci\u00f3n o a la salud, la cuesti\u00f3n de la igualdad o de qui\u00e9n tiene acceso a los recursos y a la energ\u00eda\u00bb, explica la pol\u00edtica del SPD. En concreto, pide una reforma del&nbsp;<a href=\"https:\/\/www.dw.com\/es\/banco-mundial\/t-42157726\">Banco Mundial<\/a>, que debe convertirse en \u00abpionero\u00bb de esta transformaci\u00f3n global del sector financiero. Debe invertir m\u00e1s en proyectos sostenibles, lo que requiere una nueva declaraci\u00f3n de su misi\u00f3n y nuevos modelos de financiaci\u00f3n y de negocio.<\/p>\n\n\n\n<h2 class=\"wp-block-heading\">Escepticismo en el Sur Global<\/h2>\n\n\n\n<p>Si bien Alemania viaja a la cumbre con un claro compromiso con los Objetivos de Desarrollo Sostenible, el sentir en muchos pa\u00edses del Sur Global es de cautela. Para ellos, los objetivos no van suficientemente lejos, y critican que son declaraciones de intenciones sin efecto vinculante y, por tanto, tienen poca confianza en una implementaci\u00f3n coherente de los ODS. Tambi\u00e9n est\u00e1n molestos porque las naciones ricas industrializadas han incumplido repetidamente sus promesas pasadas, como los compromisos financieros para ayudar a los pa\u00edses m\u00e1s pobres a adaptarse al cambio clim\u00e1tico.<\/p>\n\n\n\n<p>Hay preocupaci\u00f3n ante la falta de respuestas reales para implementar efectivamente esos objetivos en la actual situaci\u00f3n geopol\u00edtica. Ant\u00f3nio Guterres no ha logrado cambiar este sentimiento. Por eso hay grandes expectativas en la cumbre. Todav\u00eda quedan siete a\u00f1os hasta 2030, muy poco tiempo dados los enormes desaf\u00edos del presente.<\/p>\n\n\n\n<p><\/p>\n\n\n\n<p>V\u00eda: <a href=\"https:\/\/www.dw.com\/es\/cumbre-de-la-onu-scholz-promueve-un-mundo-financiero-m%C3%A1s-sostenible\/a-66838566\">DW<\/a><\/p>\n\n\n\n<p><a rel=\"noreferrer noopener\" href=\"\/\/p.dw.com\/p\/4WRlO%3Fmaca%3Des-Whatsapp-sharing\" target=\"_blank\"><\/a><a rel=\"noreferrer noopener\" href=\"mailto:?body=https:\/\/p.dw.com\/p\/4WRlO%3Fmaca%3Des-EMail-sharing&amp;subject=Cumbre%20de%20la%20ONU%3A%20Scholz%20promueve%20finanzas%20sostenibles\" target=\"_blank\"><\/a><a rel=\"noreferrer noopener\" href=\"https:\/\/meneame.net\/submit.php?url=https:\/\/p.dw.com\/p\/4WRlO%3Fmaca%3Des-Meneame-sharing\" target=\"_blank\"><\/a><a rel=\"noreferrer noopener\" href=\"\/\/share\/?link=https:\/\/p.dw.com\/p\/4WRlO%3Fmaca%3Des-Facebook%20messenger-sharing\" target=\"_blank\"><\/a><a rel=\"noreferrer noopener\" href=\"https:\/\/www.linkedin.com\/shareArticle?mini=true&amp;url=https:\/\/p.dw.com\/p\/4WRlO%3Fmaca%3Des-Meneame-sharing&amp;title=Cumbre%20de%20la%20ONU%3A%20Scholz%20promueve%20finanzas%20sostenibles&amp;source=DW.COM\" target=\"_blank\"><\/a><a rel=\"noreferrer noopener\" href=\"sms:?&amp;body=https:\/\/p.dw.com\/p\/4WRlO%3Fmaca%3Des-SMS-sharing\" target=\"_blank\"><\/a><\/p>\n","protected":false},"excerpt":{"rendered":"<p>Los Objetivos de Desarrollo Sostenible sirven como pautas sobre c\u00f3mo tratar a nuestro planeta en el futuro. La cumbre de Nueva York, en la que participa el canciller alem\u00e1n, har\u00e1 un balance provisional de su cumplimento. La Agenda 2030 de las Naciones Unidas, con sus 17 Objetivos de Desarrollo Sostenible, es compleja y no necesariamente [&hellip;]<\/p>\n","protected":false},"author":1,"featured_media":10143,"comment_status":"closed","ping_status":"closed","sticky":false,"template":"","format":"standard","meta":{"footnotes":""},"categories":[184,14,2],"tags":[],"class_list":["post-10142","post","type-post","status-publish","format-standard","has-post-thumbnail","hentry","category-derechos-humanos","category-entertainment","category-portada"],"_links":{"self":[{"href":"https:\/\/ciudadliberal.cl\/index.php?rest_route=\/wp\/v2\/posts\/10142","targetHints":{"allow":["GET"]}}],"collection":[{"href":"https:\/\/ciudadliberal.cl\/index.php?rest_route=\/wp\/v2\/posts"}],"about":[{"href":"https:\/\/ciudadliberal.cl\/index.php?rest_route=\/wp\/v2\/types\/post"}],"author":[{"embeddable":true,"href":"https:\/\/ciudadliberal.cl\/index.php?rest_route=\/wp\/v2\/users\/1"}],"replies":[{"embeddable":true,"href":"https:\/\/ciudadliberal.cl\/index.php?rest_route=%2Fwp%2Fv2%2Fcomments&post=10142"}],"version-history":[{"count":1,"href":"https:\/\/ciudadliberal.cl\/index.php?rest_route=\/wp\/v2\/posts\/10142\/revisions"}],"predecessor-version":[{"id":10144,"href":"https:\/\/ciudadliberal.cl\/index.php?rest_route=\/wp\/v2\/posts\/10142\/revisions\/10144"}],"wp:featuredmedia":[{"embeddable":true,"href":"https:\/\/ciudadliberal.cl\/index.php?rest_route=\/wp\/v2\/media\/10143"}],"wp:attachment":[{"href":"https:\/\/ciudadliberal.cl\/index.php?rest_route=%2Fwp%2Fv2%2Fmedia&parent=10142"}],"wp:term":[{"taxonomy":"category","embeddable":true,"href":"https:\/\/ciudadliberal.cl\/index.php?rest_route=%2Fwp%2Fv2%2Fcategories&post=10142"},{"taxonomy":"post_tag","embeddable":true,"href":"https:\/\/ciudadliberal.cl\/index.php?rest_route=%2Fwp%2Fv2%2Ftags&post=10142"}],"curies":[{"name":"wp","href":"https:\/\/api.w.org\/{rel}","templated":true}]}}