{"id":10139,"date":"2023-09-17T12:27:00","date_gmt":"2023-09-17T16:27:00","guid":{"rendered":"https:\/\/ciudadliberal.cl\/?p=10139"},"modified":"2023-09-17T12:27:02","modified_gmt":"2023-09-17T16:27:02","slug":"von-der-leyen-presenta-plan-para-enfrentar-crisis-migratoria","status":"publish","type":"post","link":"https:\/\/ciudadliberal.cl\/?p=10139","title":{"rendered":"Von der Leyen presenta plan para enfrentar crisis migratoria"},"content":{"rendered":"\n<p>La presidenta de la Comisi\u00f3n Europea prometi\u00f3 m\u00e1s vigilancia de las fronteras de la UE, distribuci\u00f3n solidaria dentro de Europa de los inmigrantes y actualizar la legislaci\u00f3n.<\/p>\n\n\n\n<p><a rel=\"noreferrer noopener\" href=\"https:\/\/www.facebook.com\/sharer\/sharer.php?u=https:\/\/p.dw.com\/p\/4WRYv%3Fmaca%3Des-Facebook-sharing\" target=\"_blank\"><\/a><a rel=\"noreferrer noopener\" href=\"https:\/\/twitter.com\/intent\/tweet?source=webclient&amp;text=Von%20der%20Leyen%20presenta%20plan%20para%20enfrentar%20crisis%20migratoria+https:\/\/p.dw.com\/p\/4WRYv%3Fmaca%3Des-Twitter-sharing\" target=\"_blank\"><\/a><\/p>\n\n\n\n<p>La presidenta de la Comisi\u00f3n Europea, la alemana&nbsp;<a href=\"https:\/\/www.dw.com\/es\/von-der-leyen-ursula\/t-38668657\">Ursula von der Leyen<\/a>, present\u00f3 este domingo (17.09.2023) en la isla mediterr\u00e1nea de&nbsp;<a href=\"https:\/\/www.dw.com\/es\/lampedusa\/t-17409176\">Lampedusa<\/a>&nbsp;un plan de emergencia para ayudar a Italia a manejar la llegada r\u00e9cord de migrantes a su territorio. La autoridad de la UE visit\u00f3 la regi\u00f3n junto a la primera ministra italiana,&nbsp;<a href=\"https:\/\/www.dw.com\/es\/meloni-giorgia\/t-63245251\">Giorgia Meloni<\/a>, y se hizo presente en el colapsado centro de acogida de migrantes de la localidad.<\/p>\n\n\n\n<p>Tras el recorrido, la jefa del ejecutivo europeo present\u00f3 un plan de ayuda de diez puntos orientado a gestionar la situaci\u00f3n actual, repartir mejor a los solicitantes de asilo entre los miembros del bloque y prevenir la repetici\u00f3n de episodios como la llegada masiva de personas, que ponen bajo presi\u00f3n a los sistemas log\u00edsticos y administrativos de Italia.<\/p>\n\n\n\n<p>\u00abHe venido a Lampedusa para decir que la inmigraci\u00f3n ilegal es un desaf\u00edo europeo y requiere una respuesta europea\u00bb, afirm\u00f3 Von der Leyen. El programa anunciado aspira tambi\u00e9n a actualizar la legislaci\u00f3n europea contra el tr\u00e1fico de personas y definir nuevos corredores humanitarios legales y seguros.<\/p>\n\n\n\n<h2 class=\"wp-block-heading\">El futuro de Europa en juego<\/h2>\n\n\n\n<p>Asimismo, Von der Leyen prometi\u00f3 aumentar la vigilancia a\u00e9rea del Mediterr\u00e1neo, a trav\u00e9s de las agencias europeas como Frontex, y coordinar con los pa\u00edses de origen protocolos para repatriar en condiciones seguras a los migrantes que no re\u00fanan las condiciones de asilo europeas. \u00abNosotros debemos decidir quien entra en la Uni\u00f3n Europea, no los traficantes\u00bb, afirm\u00f3.<\/p>\n\n\n\n<p>Por su parte, Meloni sostuvo que \u00abes el futuro que Europa quiere darse el que est\u00e1 en juego aqu\u00ed, porque el futuro de Europa depende de la capacidad de Europa de afrontar los grandes desaf\u00edos\u00bb. \u00abEs una frontera de Italia, pero tambi\u00e9n de Europa. Si alguno en Europa piensa que la crisis global se puede resolver dej\u00e1ndonos solos a los italianos se equivoca\u00bb, a\u00f1adi\u00f3.<\/p>\n\n\n\n<p>Habitantes de la isla enojados con los masivos desembarcos de migrantes recibieron a los responsables europeos en el aeropuerto y amenazaron con bloquear el cortejo. \u00abHacemos todo lo que podemos\u00bb, les respondi\u00f3 Meloni. \u00abComo siempre, asumo personalmente la responsabilidad\u00bb, agreg\u00f3.<\/p>\n\n\n\n<p><\/p>\n\n\n\n<p>V\u00eda: <a href=\"https:\/\/www.dw.com\/es\/von-der-leyen-presenta-plan-para-enfrentar-crisis-migratoria\/a-66837793\">DW<\/a><\/p>\n\n\n\n<p><a rel=\"noreferrer noopener\" href=\"\/\/p.dw.com\/p\/4WRYv%3Fmaca%3Des-Whatsapp-sharing\" target=\"_blank\"><\/a><a rel=\"noreferrer noopener\" href=\"mailto:?body=https:\/\/p.dw.com\/p\/4WRYv%3Fmaca%3Des-EMail-sharing&amp;subject=Von%20der%20Leyen%20presenta%20plan%20para%20enfrentar%20crisis%20migratoria\" target=\"_blank\"><\/a><a rel=\"noreferrer noopener\" href=\"https:\/\/meneame.net\/submit.php?url=https:\/\/p.dw.com\/p\/4WRYv%3Fmaca%3Des-Meneame-sharing\" target=\"_blank\"><\/a><a rel=\"noreferrer noopener\" href=\"\/\/share\/?link=https:\/\/p.dw.com\/p\/4WRYv%3Fmaca%3Des-Facebook%20messenger-sharing\" target=\"_blank\"><\/a><a rel=\"noreferrer noopener\" href=\"https:\/\/www.linkedin.com\/shareArticle?mini=true&amp;url=https:\/\/p.dw.com\/p\/4WRYv%3Fmaca%3Des-Meneame-sharing&amp;title=Von%20der%20Leyen%20presenta%20plan%20para%20enfrentar%20crisis%20migratoria&amp;source=DW.COM\" target=\"_blank\"><\/a><a rel=\"noreferrer noopener\" href=\"sms:?&amp;body=https:\/\/p.dw.com\/p\/4WRYv%3Fmaca%3Des-SMS-sharing\" target=\"_blank\"><\/a><\/p>\n","protected":false},"excerpt":{"rendered":"<p>La presidenta de la Comisi\u00f3n Europea prometi\u00f3 m\u00e1s vigilancia de las fronteras de la UE, distribuci\u00f3n solidaria dentro de Europa de los inmigrantes y actualizar la legislaci\u00f3n. La presidenta de la Comisi\u00f3n Europea, la alemana&nbsp;Ursula von der Leyen, present\u00f3 este domingo (17.09.2023) en la isla mediterr\u00e1nea de&nbsp;Lampedusa&nbsp;un plan de emergencia para ayudar a Italia a [&hellip;]<\/p>\n","protected":false},"author":1,"featured_media":10140,"comment_status":"closed","ping_status":"closed","sticky":false,"template":"","format":"standard","meta":{"footnotes":""},"categories":[14,2],"tags":[],"class_list":["post-10139","post","type-post","status-publish","format-standard","has-post-thumbnail","hentry","category-entertainment","category-portada"],"_links":{"self":[{"href":"https:\/\/ciudadliberal.cl\/index.php?rest_route=\/wp\/v2\/posts\/10139","targetHints":{"allow":["GET"]}}],"collection":[{"href":"https:\/\/ciudadliberal.cl\/index.php?rest_route=\/wp\/v2\/posts"}],"about":[{"href":"https:\/\/ciudadliberal.cl\/index.php?rest_route=\/wp\/v2\/types\/post"}],"author":[{"embeddable":true,"href":"https:\/\/ciudadliberal.cl\/index.php?rest_route=\/wp\/v2\/users\/1"}],"replies":[{"embeddable":true,"href":"https:\/\/ciudadliberal.cl\/index.php?rest_route=%2Fwp%2Fv2%2Fcomments&post=10139"}],"version-history":[{"count":1,"href":"https:\/\/ciudadliberal.cl\/index.php?rest_route=\/wp\/v2\/posts\/10139\/revisions"}],"predecessor-version":[{"id":10141,"href":"https:\/\/ciudadliberal.cl\/index.php?rest_route=\/wp\/v2\/posts\/10139\/revisions\/10141"}],"wp:featuredmedia":[{"embeddable":true,"href":"https:\/\/ciudadliberal.cl\/index.php?rest_route=\/wp\/v2\/media\/10140"}],"wp:attachment":[{"href":"https:\/\/ciudadliberal.cl\/index.php?rest_route=%2Fwp%2Fv2%2Fmedia&parent=10139"}],"wp:term":[{"taxonomy":"category","embeddable":true,"href":"https:\/\/ciudadliberal.cl\/index.php?rest_route=%2Fwp%2Fv2%2Fcategories&post=10139"},{"taxonomy":"post_tag","embeddable":true,"href":"https:\/\/ciudadliberal.cl\/index.php?rest_route=%2Fwp%2Fv2%2Ftags&post=10139"}],"curies":[{"name":"wp","href":"https:\/\/api.w.org\/{rel}","templated":true}]}}