{"id":10130,"date":"2023-09-16T13:58:28","date_gmt":"2023-09-16T17:58:28","guid":{"rendered":"https:\/\/ciudadliberal.cl\/?p=10130"},"modified":"2023-09-16T13:58:30","modified_gmt":"2023-09-16T17:58:30","slug":"bukele-anuncio-nueva-fase-de-su-polemico-plan-de-seguridad","status":"publish","type":"post","link":"https:\/\/ciudadliberal.cl\/?p=10130","title":{"rendered":"Bukele anunci\u00f3 nueva fase de su pol\u00e9mico plan de seguridad"},"content":{"rendered":"\n<p>El mandatario indic\u00f3 que para coordinar este nuevo proceso se crear\u00e1 la Direcci\u00f3n Nacional de Integraci\u00f3n.<\/p>\n\n\n\n<p>El gobierno atribuye su plan en la ca\u00edda de los homicidios hasta la tasa de 7,8 muertes por cada 100 mil habitantes.<\/p>\n\n\n\n<p>El presidente de&nbsp;<strong>El Salvador, Nayib Bukele<\/strong>, anunci\u00f3 la implementaci\u00f3n de la&nbsp;<strong>\u00abfase seis\u00bb<\/strong>&nbsp;<a href=\"https:\/\/www.cooperativa.cl\/noticias\/mundo\/america-latina\/el-salvador\/bukele-lanzara-ofensiva-contra-remanentes-de-pandillas-en-el-salvador\/2023-05-28\/185113.html\">de su plan de seguridad<\/a>&nbsp;<strong>Control Territorial llamada \u00abintegraci\u00f3n\u00bb<\/strong>, para lo que se crear\u00e1 una instancia estatal para su coordinaci\u00f3n.<\/p>\n\n\n\n<p>\u00abLa mayor\u00eda de las fases del plan Control Territorial se enfocan en la contenci\u00f3n de la violencia,&nbsp;<a href=\"https:\/\/www.cooperativa.cl\/noticias\/mundo\/organismos-internacionales\/onu\/onu-90-personas-murieron-bajo-custodia-en-campana-de-bukele-contras-las\/2023-03-28\/082034.html\">en el combate directo de la criminalidad<\/a>,&nbsp;<strong>pero esta nueva fase se enfocar\u00e1 en las necesidades de mediano y largo plazo\u00bb<\/strong>, dijo Bukele en una cadena de radio y televisi\u00f3n transmitida en la noche de este viernes.<\/p>\n\n\n\n<p>El presidente sostuvo, en un discurso en el marco del\u00a0<strong>202 aniversario de la independencia centroamericana de Espa\u00f1a<\/strong>, que \u00abel Estado salvadore\u00f1o, la empresa privada, las universidades, las comunidades y\u00a0<strong>el resto de sectores de la sociedad deben de ayudarnos e integrarse para combatir la pobreza\u00bb.<\/strong><\/p>\n\n\n\n<p>Indic\u00f3 que para coordinar esta fase se crear\u00e1 la&nbsp;<strong>Direcci\u00f3n Nacional de Integraci\u00f3n<\/strong>, que estar\u00e1 a cargo de&nbsp;<strong>Alejandro Gutman<\/strong>, de origen argentino y que durante a\u00f1os ha dirigido la&nbsp;<strong>Fundaci\u00f3n Forever<\/strong>&nbsp;en El Salvador.<\/p>\n\n\n\n<p>De acuerdo con el mandatario, Gutman\u00a0<strong>\u00abha trabajado por m\u00e1s de 20 a\u00f1os en las comunidades m\u00e1s desfavorecidas y ha ayudado a miles de j\u00f3venes<\/strong>\u00a0a encontrar oportunidades de crecimiento\u00bb.<\/p>\n\n\n<blockquote class=\"twitter-tweet\">\n<p lang=\"es\" dir=\"ltr\">Discurso a la Naci\u00f3n en el D\u00eda de Nuestra Independencia \ud83c\uddf8\ud83c\uddfb<\/p>\n<p>Address to the Nation on the Day of Our Independence \ud83c\uddf8\ud83c\uddfb<br \/> <a href=\"https:\/\/t.co\/Zg8PBNEkxA\">https:\/\/t.co\/Zg8PBNEkxA<\/a><\/p>\n<p>&mdash; Nayib Bukele (@nayibbukele) <a href=\"https:\/\/twitter.com\/nayibbukele\/status\/1702865213228237193?ref_src=twsrc%5Etfw\">September 16, 2023<\/a><\/p><\/blockquote>\n<p> <script async src=\"https:\/\/platform.twitter.com\/widgets.js\" charset=\"utf-8\"><\/script><\/p>\n\n\n\n<p><em><strong>CIFRAS Y CUESTIONAMIENTOS<\/strong><\/em><\/p>\n\n\n\n<p>El gobierno de Bukele atribuye al referido plan&nbsp;<strong>la ca\u00edda en las cifras de los homicidios<\/strong>&nbsp;hasta una tasa de&nbsp;<strong>7,8 muertes violentas por cada 100.000 habitantes<\/strong>, con<strong>&nbsp;495<\/strong>&nbsp;casos.<\/p>\n\n\n\n<p>Sin embargo, el&nbsp;<strong>Observatorio Universitario de Derechos Humanos<\/strong>&nbsp;(OUDH) de la Universidad Centroamericana (UCA) de El Salvador se\u00f1al\u00f3 en un informe de abril pasado que la cifra oficial de homicidios de 2022&nbsp;<strong>\u00abno es veraz\u00bb<\/strong>&nbsp;y que podr\u00eda llegar a 659.<\/p>\n\n\n\n<p>Apunt\u00f3 que esta cifra\u00a0<strong>\u00abno incluye las osamentas humanas localizadas ni las muertes de presuntos pandilleros\u00bb<\/strong>\u00a0ocurridas en enfrentamientos armados con la Polic\u00eda y otros hechos de violencia, que en gobiernos anteriores s\u00ed se tomaban como homicidios.<\/p>\n\n\n\n<p><\/p>\n\n\n\n<p>V\u00eda: <a href=\"https:\/\/www.cooperativa.cl\/noticias\/mundo\/america-latina\/el-salvador\/bukele-anuncio-nueva-fase-de-su-polemico-plan-de-seguridad\/2023-09-16\/115538.html\">Cooperativa<\/a><\/p>\n","protected":false},"excerpt":{"rendered":"<p>El mandatario indic\u00f3 que para coordinar este nuevo proceso se crear\u00e1 la Direcci\u00f3n Nacional de Integraci\u00f3n. El gobierno atribuye su plan en la ca\u00edda de los homicidios hasta la tasa de 7,8 muertes por cada 100 mil habitantes. El presidente de&nbsp;El Salvador, Nayib Bukele, anunci\u00f3 la implementaci\u00f3n de la&nbsp;\u00abfase seis\u00bb&nbsp;de su plan de seguridad&nbsp;Control Territorial [&hellip;]<\/p>\n","protected":false},"author":1,"featured_media":10131,"comment_status":"closed","ping_status":"closed","sticky":false,"template":"","format":"standard","meta":{"footnotes":""},"categories":[14,2],"tags":[],"class_list":["post-10130","post","type-post","status-publish","format-standard","has-post-thumbnail","hentry","category-entertainment","category-portada"],"_links":{"self":[{"href":"https:\/\/ciudadliberal.cl\/index.php?rest_route=\/wp\/v2\/posts\/10130","targetHints":{"allow":["GET"]}}],"collection":[{"href":"https:\/\/ciudadliberal.cl\/index.php?rest_route=\/wp\/v2\/posts"}],"about":[{"href":"https:\/\/ciudadliberal.cl\/index.php?rest_route=\/wp\/v2\/types\/post"}],"author":[{"embeddable":true,"href":"https:\/\/ciudadliberal.cl\/index.php?rest_route=\/wp\/v2\/users\/1"}],"replies":[{"embeddable":true,"href":"https:\/\/ciudadliberal.cl\/index.php?rest_route=%2Fwp%2Fv2%2Fcomments&post=10130"}],"version-history":[{"count":1,"href":"https:\/\/ciudadliberal.cl\/index.php?rest_route=\/wp\/v2\/posts\/10130\/revisions"}],"predecessor-version":[{"id":10132,"href":"https:\/\/ciudadliberal.cl\/index.php?rest_route=\/wp\/v2\/posts\/10130\/revisions\/10132"}],"wp:featuredmedia":[{"embeddable":true,"href":"https:\/\/ciudadliberal.cl\/index.php?rest_route=\/wp\/v2\/media\/10131"}],"wp:attachment":[{"href":"https:\/\/ciudadliberal.cl\/index.php?rest_route=%2Fwp%2Fv2%2Fmedia&parent=10130"}],"wp:term":[{"taxonomy":"category","embeddable":true,"href":"https:\/\/ciudadliberal.cl\/index.php?rest_route=%2Fwp%2Fv2%2Fcategories&post=10130"},{"taxonomy":"post_tag","embeddable":true,"href":"https:\/\/ciudadliberal.cl\/index.php?rest_route=%2Fwp%2Fv2%2Ftags&post=10130"}],"curies":[{"name":"wp","href":"https:\/\/api.w.org\/{rel}","templated":true}]}}