{"id":1008,"date":"2017-05-13T23:13:05","date_gmt":"2017-05-14T02:13:05","guid":{"rendered":"https:\/\/ciudadliberal.cl\/?p=1008"},"modified":"2017-05-13T23:13:05","modified_gmt":"2017-05-14T02:13:05","slug":"el-partido-liberal-no-dara-gratis-el-apoyo-a-b-sanchez","status":"publish","type":"post","link":"https:\/\/ciudadliberal.cl\/?p=1008","title":{"rendered":"El Partido Liberal no dar\u00e1 gratis el apoyo a B. Sanchez"},"content":{"rendered":"<div class=\"contenido\">\n<p>Una propuesta econ\u00f3mica donde se prioriza el emprendimiento ser\u00e1 el documento que la directiva del Partido Liberal (PL) le llevar\u00e1 esta semana a la precandidata presidencial del Frente Amplio, Beatriz S\u00e1nchez.<\/p>\n<p>El partido del diputado Vlado Mirosevic, que es parte del nuevo conglomerado, ya descart\u00f3 apoyar al competidor de S\u00e1nchez en las primarias, Alberto Mayol.<\/p>\n<p>Pero el respaldo a la opci\u00f3n de la periodista estar\u00e1 condicionado a la inclusi\u00f3n de una agenda pro emprendimiento en el programa final.<\/p>\n<p>Los lineamientos del PL incluyen la promoci\u00f3n del emprendimiento digital, la econom\u00eda creativa y la innovaci\u00f3n social.<\/p>\n<\/div>\n","protected":false},"excerpt":{"rendered":"<p>Una propuesta econ\u00f3mica donde se prioriza el emprendimiento ser\u00e1 el documento que la directiva del Partido Liberal (PL) le llevar\u00e1 esta semana a la precandidata presidencial del Frente Amplio, Beatriz S\u00e1nchez. El partido del diputado Vlado Mirosevic, que es parte del nuevo conglomerado, ya descart\u00f3 apoyar al competidor de S\u00e1nchez en las primarias, Alberto Mayol. [&hellip;]<\/p>\n","protected":false},"author":1,"featured_media":1009,"comment_status":"closed","ping_status":"closed","sticky":false,"template":"","format":"standard","meta":{"footnotes":""},"categories":[7,6,2],"tags":[],"class_list":["post-1008","post","type-post","status-publish","format-standard","has-post-thumbnail","hentry","category-noticias-liberales","category-actualidad","category-portada"],"_links":{"self":[{"href":"https:\/\/ciudadliberal.cl\/index.php?rest_route=\/wp\/v2\/posts\/1008","targetHints":{"allow":["GET"]}}],"collection":[{"href":"https:\/\/ciudadliberal.cl\/index.php?rest_route=\/wp\/v2\/posts"}],"about":[{"href":"https:\/\/ciudadliberal.cl\/index.php?rest_route=\/wp\/v2\/types\/post"}],"author":[{"embeddable":true,"href":"https:\/\/ciudadliberal.cl\/index.php?rest_route=\/wp\/v2\/users\/1"}],"replies":[{"embeddable":true,"href":"https:\/\/ciudadliberal.cl\/index.php?rest_route=%2Fwp%2Fv2%2Fcomments&post=1008"}],"version-history":[{"count":1,"href":"https:\/\/ciudadliberal.cl\/index.php?rest_route=\/wp\/v2\/posts\/1008\/revisions"}],"predecessor-version":[{"id":1010,"href":"https:\/\/ciudadliberal.cl\/index.php?rest_route=\/wp\/v2\/posts\/1008\/revisions\/1010"}],"wp:featuredmedia":[{"embeddable":true,"href":"https:\/\/ciudadliberal.cl\/index.php?rest_route=\/wp\/v2\/media\/1009"}],"wp:attachment":[{"href":"https:\/\/ciudadliberal.cl\/index.php?rest_route=%2Fwp%2Fv2%2Fmedia&parent=1008"}],"wp:term":[{"taxonomy":"category","embeddable":true,"href":"https:\/\/ciudadliberal.cl\/index.php?rest_route=%2Fwp%2Fv2%2Fcategories&post=1008"},{"taxonomy":"post_tag","embeddable":true,"href":"https:\/\/ciudadliberal.cl\/index.php?rest_route=%2Fwp%2Fv2%2Ftags&post=1008"}],"curies":[{"name":"wp","href":"https:\/\/api.w.org\/{rel}","templated":true}]}}