{"id":1004,"date":"2017-05-13T22:34:38","date_gmt":"2017-05-14T01:34:38","guid":{"rendered":"https:\/\/ciudadliberal.cl\/?p=1004"},"modified":"2017-05-13T22:34:38","modified_gmt":"2017-05-14T01:34:38","slug":"reflexiones-sobre-venezuela","status":"publish","type":"post","link":"https:\/\/ciudadliberal.cl\/?p=1004","title":{"rendered":"Reflexiones sobre Venezuela"},"content":{"rendered":"<p><strong>El caudillo militar gradualmente inici\u00f3 su Revoluci\u00f3n Bolivariana. Un fallido golpe de Estado lo trajo de regreso al poder en la gloria y majestad del caudillo herido que de pronto se siente iluminado. Entonces, inicia su camino al socialismo del siglo XXI con su dura e incansable lucha contra el imperialismo. En el boom de las vacas gordas el petr\u00f3leo lo solucionaba todo. Fue reelegido por un segundo mandato. Mientras tanto se destru\u00edan instituciones y se modificaban las leyes para asegurar el poder de un gobierno centralizado. Y todo esto, bajo una supuesta democracia. Durante su tercer per\u00edodo sufri\u00f3 un c\u00e1ncer terminal. La enfermedad, finalmente, lo llev\u00f3 a buscar apoyo m\u00e9dico en Cuba. Fue su \u00faltima romer\u00eda a esa hermosa y nost\u00e1lgica isla que estuvo por m\u00e1s de 50 a\u00f1os bajo el f\u00e9rreo pu\u00f1o de Fidel Castro. Y en marzo de 2013, antes de morir, design\u00f3 a Nicol\u00e1s Maduro como su sucesor.<\/strong><\/p>\n<p>La crisis pol\u00edtica, econ\u00f3mica y social que vive Venezuela es el desenlace de una historia anunciada. Como si el hombre fuera el \u00fanico animal que tropieza dos veces con la misma piedra, los venezolanos se han estrellado con la s\u00f3lida roca de esa historia que se repite. Es la misma vieja seguidilla de hechos que ha llevado una y otra vez al fracaso del socialismo trasnochado. Y hoy el pa\u00eds que le debemos al gran Andr\u00e9s Bello, ese portento de inteligencia y prudencia que contribuy\u00f3 a que Chile sentara las bases institucionales de un exitoso siglo XIX, yace en el caos y la desesperanza.<\/p>\n<p>A veces me pregunto qu\u00e9 dir\u00eda don Andr\u00e9s Bello si presenciara lo que sucede en su querido pa\u00eds natal. Se sorprender\u00eda ante el carisma de un vociferante y desafiante Ch\u00e1vez. Probablemente, se desilusionar\u00eda ante la locura de poder que azota a su sucesor Maduro. Pero el padre de nuestro estado de derecho ciertamente lamentar\u00eda el lento y gradual trabajo de demolici\u00f3n pol\u00edtica e institucional que ha afectado a ese pa\u00eds. En esta tragedia humanitaria hay muertos, hambre y presos por criticar u oponerse al r\u00e9gimen. La polarizaci\u00f3n es aguda. La econom\u00eda est\u00e1 en ruinas. Y la libertad ya es un sue\u00f1o del pasado. \u00bfC\u00f3mo pudo Venezuela llegar a esto? Y peor a\u00fan, \u00bfC\u00f3mo podr\u00e1 salir de esto? Son preguntas inquietantes que no tienen respuestas claras.<\/p>\n<p>En Chile, estos caudillos todav\u00eda contagian apoyo y simpat\u00eda en un amplio espectro que de la boca para afuera abogan y defienden la democracia. De hecho, Camila Vallejo, despu\u00e9s de visitar a Fidel Castro y conocerlo personalmente, lo llam\u00f3 \u00abun faro de esperanza para Latinoam\u00e9rica\u00bb. Sin ir tan lejos, esta semana, en la C\u00e1mara de Diputados, ella impidi\u00f3 que el gobierno intercediera en Venezuela a favor del encarcelado periodista Braulio Jatar. Y c\u00f3mo olvidar el brinco adolescente de Bachelet cuando el gran Fidel decidi\u00f3 recibirla. Inmediatamente despu\u00e9s, el gran Fidel le dio una estocada apoyando las aspiraciones mar\u00edtimas de Bolivia. Pero todo eso nada importa. Lo que importa son los ideales, esos ideales que conducen al conocido desenlace.<br \/>\nEntender la historia es tan simple y complejo como entender la psicolog\u00eda humana. En Chile hay muchos c\u00f3mplices activos y pasivos que defendieron y participaron de la Revoluci\u00f3n Bolivariana. Ahora esos pol\u00edticos e intelectuales que entusiastamente aplaudieron el socialismo chavista del siglo XXI hacen vista gorda sobre la grave situaci\u00f3n que afecta a ese pa\u00eds amigo. El senador Navarro fue un gran promotor del r\u00e9gimen venezolano. Pero estuvo acompa\u00f1ado de una pl\u00e9yade de simpatizantes. Y para qu\u00e9 hablar del precandidato presidencial socialista don Jos\u00e9 Miguel Insulza. Mientras se desempe\u00f1\u00f3 como secretario general de la Organizaci\u00f3n de los Estados Americanos (OEA), entre 2005 y 2015, posiblemente hizo m\u00e1s por mantenerse en su cargo que por Venezuela.<\/p>\n<p>Aunque en Chile estamos muy, pero muy lejos de vivir una situaci\u00f3n como la de Venezuela, es importante no perder de vista lo que ha sucedido en ese pa\u00eds. El desenfadado anhelo que algunos pol\u00edticos e intelectuales mostraron por el socialismo del siglo XXI es una voz de alerta. Es f\u00e1cil y tal vez pol\u00edticamente rentable lanzar diagn\u00f3sticos alarmantes y cr\u00edticas devastadoras al mercado, al sistema o al modelo. Simplemente se pone el foco en los problemas y no se proponen alternativas de soluci\u00f3n. Algo de eso hemos vivido en Chile. El \u00e9nfasis en lo malo y lo negativo sin alternativas viables nos ha llevado a perder de vista lo bueno y lo positivo. El humo de la retroexcavadora ha nublado lo que hemos construido. Aunque hay m\u00e1s luces que sombras, las sombras han ocultado la luz de lo que hemos logrado.<\/p>\n<p>En los \u00faltimos 30 a\u00f1os hemos vivido cambios de todo tipo. Chile ha cambiado y evolucionado. Y sigue cambiando. En el plano empresarial, la otrora tranquila y aburrida SOFOFA vive una verdadera campa\u00f1a electoral. Los sanos aires de cambio contagian el ambiente empresarial y un destacado empresario de la nueva generaci\u00f3n se las est\u00e1 jugando por entero para dirigir esa instituci\u00f3n. En la izquierda surge el Frente Amplio, con una candidata que perfectamente podr\u00eda ganarle a Guillier. Si as\u00ed fuera, la agon\u00eda de la Nueva Mayor\u00eda ir\u00eda acompa\u00f1ada del ocaso de algunos partidos tradicionales y emblem\u00e1ticos de la izquierda. Pero en la derecha tambi\u00e9n hay nuevos aires de cambio. Ev\u00f3poli ha hecho su pega con esfuerzo y trabajo y ya es un s\u00f3lido partido con futuro. Y lo mejor es que en el sector se respira una sana preocupaci\u00f3n por las ideas. Hoy, la derecha tambi\u00e9n lleva la bandera de las ideas. Y todo esto es muy sano, porque la pol\u00edtica sin ideas es vac\u00eda, pero las ideas sin pol\u00edtica son ciegas.<br \/>\nAunque en Chile estamos muy, pero muy lejos de vivir una situaci\u00f3n como la de Venezuela, es importante no perder de vista lo que ha sucedido en ese pa\u00eds.<\/p>\n<p>El desenfadado anhelo que algunos pol\u00edticos e intelectuales mostraron por el socialismo del siglo XXI es una voz de alerta.<\/p>\n<p><img loading=\"lazy\" decoding=\"async\" class=\"wp-image-1005 alignleft\" src=\"https:\/\/ciudadliberal.cl\/wp-content\/uploads\/2017\/05\/Leonidas-Montes.jpg\" alt=\"\" width=\"190\" height=\"190\" \/><\/p>\n<p>&nbsp;<\/p>\n<p>&nbsp;<\/p>\n<p><strong>Leonidas Montes<\/strong><\/p>\n<p>Investigador Centro de Estudios P\u00fablicos<\/p>\n<p>&nbsp;<\/p>\n","protected":false},"excerpt":{"rendered":"<p>El caudillo militar gradualmente inici\u00f3 su Revoluci\u00f3n Bolivariana. Un fallido golpe de Estado lo trajo de regreso al poder en la gloria y majestad del caudillo herido que de pronto se siente iluminado. Entonces, inicia su camino al socialismo del siglo XXI con su dura e incansable lucha contra el imperialismo. En el boom de [&hellip;]<\/p>\n","protected":false},"author":1,"featured_media":1006,"comment_status":"closed","ping_status":"closed","sticky":false,"template":"","format":"standard","meta":{"footnotes":""},"categories":[6,13],"tags":[],"class_list":["post-1004","post","type-post","status-publish","format-standard","has-post-thumbnail","hentry","category-actualidad","category-voces"],"_links":{"self":[{"href":"https:\/\/ciudadliberal.cl\/index.php?rest_route=\/wp\/v2\/posts\/1004","targetHints":{"allow":["GET"]}}],"collection":[{"href":"https:\/\/ciudadliberal.cl\/index.php?rest_route=\/wp\/v2\/posts"}],"about":[{"href":"https:\/\/ciudadliberal.cl\/index.php?rest_route=\/wp\/v2\/types\/post"}],"author":[{"embeddable":true,"href":"https:\/\/ciudadliberal.cl\/index.php?rest_route=\/wp\/v2\/users\/1"}],"replies":[{"embeddable":true,"href":"https:\/\/ciudadliberal.cl\/index.php?rest_route=%2Fwp%2Fv2%2Fcomments&post=1004"}],"version-history":[{"count":1,"href":"https:\/\/ciudadliberal.cl\/index.php?rest_route=\/wp\/v2\/posts\/1004\/revisions"}],"predecessor-version":[{"id":1007,"href":"https:\/\/ciudadliberal.cl\/index.php?rest_route=\/wp\/v2\/posts\/1004\/revisions\/1007"}],"wp:featuredmedia":[{"embeddable":true,"href":"https:\/\/ciudadliberal.cl\/index.php?rest_route=\/wp\/v2\/media\/1006"}],"wp:attachment":[{"href":"https:\/\/ciudadliberal.cl\/index.php?rest_route=%2Fwp%2Fv2%2Fmedia&parent=1004"}],"wp:term":[{"taxonomy":"category","embeddable":true,"href":"https:\/\/ciudadliberal.cl\/index.php?rest_route=%2Fwp%2Fv2%2Fcategories&post=1004"},{"taxonomy":"post_tag","embeddable":true,"href":"https:\/\/ciudadliberal.cl\/index.php?rest_route=%2Fwp%2Fv2%2Ftags&post=1004"}],"curies":[{"name":"wp","href":"https:\/\/api.w.org\/{rel}","templated":true}]}}