{"id":10016,"date":"2023-08-16T09:45:30","date_gmt":"2023-08-16T13:45:30","guid":{"rendered":"https:\/\/ciudadliberal.cl\/?p=10016"},"modified":"2023-08-16T09:45:31","modified_gmt":"2023-08-16T13:45:31","slug":"ee-uu-supedita-relaciones-con-talibanes-al-trato-a-mujeres","status":"publish","type":"post","link":"https:\/\/ciudadliberal.cl\/?p=10016","title":{"rendered":"EE.UU. supedita relaciones con talibanes al trato a mujeres"},"content":{"rendered":"\n<p>El jefe de la diplomacia de EE.UU., Antony Blinken, dijo que trabajan para que los talibanes rindan cuentas de los compromisos que asumieron, sobre todo lo relativo a los derechos de las mujeres.<\/p>\n\n\n\n<p><a href=\"https:\/\/www.facebook.com\/sharer\/sharer.php?u=https:\/\/p.dw.com\/p\/4VDQb%3Fmaca%3Des-Facebook-sharing\" target=\"_blank\" rel=\"noreferrer noopener\"><\/a><a href=\"https:\/\/twitter.com\/intent\/tweet?source=webclient&amp;text=EE.UU.%20supedita%20relaciones%20con%20talibanes%20al%20trato%20a%20mujeres+https:\/\/p.dw.com\/p\/4VDQb%3Fmaca%3Des-Twitter-sharing\" target=\"_blank\" rel=\"noreferrer noopener\"><\/a><\/p>\n\n\n\n<p><a href=\"https:\/\/www.dw.com\/es\/eeuu-limita-a-sus-empresas-a-invertir-en-tecnolog%C3%ADa-en-el-extranjero\/a-66488970\">Estados Unidos<\/a>&nbsp;condiciona cualquier mejora en las relaciones con los dirigentes talibanes de Afganist\u00e1n al trato que dispensen a las mujeres, afirm\u00f3 este martes (15.08.2023) el jefe de la diplomacia&nbsp;<a href=\"https:\/\/www.dw.com\/es\/blinken-aboga-por-la-v%C3%ADa-diplom%C3%A1tica-para-solucionar-la-crisis-en-n%C3%ADger\/a-66472783\">Antony Blinken<\/a>, dos a\u00f1os despu\u00e9s de que retomaran el poder.<\/p>\n\n\n\n<p>Ning\u00fan pa\u00eds ha reconocido a las autoridades talibanas y Estados Unidos ha evitado proporcionarles ayuda econ\u00f3mica directa, en parte debido a la expulsi\u00f3n de mujeres de los centros de ense\u00f1anza secundaria, las universidades y los espacios p\u00fablicos.<\/p>\n\n\n\n<p>\u00abSeguimos trabajando para que los talibanes rindan cuentas por los muchos compromisos que asumieron y no cumplieron, sobre todo en lo relativo a los derechos de las mujeres y las ni\u00f1as\u00bb, dijo Blinken a los periodistas.&nbsp;&nbsp;<\/p>\n\n\n\n<p>\u00abHemos sido muy claros con los talibanes y decenas de pa\u00edses de todo el mundo han sido muy claros, sobre el hecho de que se bloquear\u00e1 el camino hacia una relaci\u00f3n m\u00e1s normal (&#8230;) hasta que respeten los derechos de las mujeres y las ni\u00f1as\u00bb, dijo.<\/p>\n\n\n\n<p>Los talibanes recuperaron el poder poco despu\u00e9s de que el presidente Joe Biden retirara las tropas estadounidenses, poniendo fin a la guerra m\u00e1s larga de\u00a0<a href=\"https:\/\/www.dw.com\/es\/estados-unidos\/t-17411942\">Estados Unidos<\/a>.\u00a0<\/p>\n\n\n\n<p><\/p>\n\n\n\n<p>V\u00eda: <a href=\"https:\/\/www.dw.com\/es\/eeuu-supedita-mejores-relaciones-con-talibanes-al-trato-hacia-mujeres\/a-66545133\">DW<\/a><\/p>\n\n\n\n<p><a rel=\"noreferrer noopener\" href=\"\/\/p.dw.com\/p\/4VDQb%3Fmaca%3Des-Whatsapp-sharing\" target=\"_blank\"><\/a><a rel=\"noreferrer noopener\" href=\"mailto:?body=https:\/\/p.dw.com\/p\/4VDQb%3Fmaca%3Des-EMail-sharing&amp;subject=EE.UU.%20supedita%20relaciones%20con%20talibanes%20al%20trato%20a%20mujeres\" target=\"_blank\"><\/a><a rel=\"noreferrer noopener\" href=\"https:\/\/meneame.net\/submit.php?url=https:\/\/p.dw.com\/p\/4VDQb%3Fmaca%3Des-Meneame-sharing\" target=\"_blank\"><\/a><a rel=\"noreferrer noopener\" href=\"\/\/share\/?link=https:\/\/p.dw.com\/p\/4VDQb%3Fmaca%3Des-Facebook%20messenger-sharing\" target=\"_blank\"><\/a><a rel=\"noreferrer noopener\" href=\"https:\/\/www.linkedin.com\/shareArticle?mini=true&amp;url=https:\/\/p.dw.com\/p\/4VDQb%3Fmaca%3Des-linkedin-sharing&amp;title=EE.UU.%20supedita%20relaciones%20con%20talibanes%20al%20trato%20a%20mujeres&amp;source=DW.COM\" target=\"_blank\"><\/a><a rel=\"noreferrer noopener\" href=\"sms:?&amp;body=https:\/\/p.dw.com\/p\/4VDQb%3Fmaca%3Des-SMS-sharing\" target=\"_blank\"><\/a><\/p>\n","protected":false},"excerpt":{"rendered":"<p>El jefe de la diplomacia de EE.UU., Antony Blinken, dijo que trabajan para que los talibanes rindan cuentas de los compromisos que asumieron, sobre todo lo relativo a los derechos de las mujeres. Estados Unidos&nbsp;condiciona cualquier mejora en las relaciones con los dirigentes talibanes de Afganist\u00e1n al trato que dispensen a las mujeres, afirm\u00f3 este [&hellip;]<\/p>\n","protected":false},"author":1,"featured_media":10017,"comment_status":"closed","ping_status":"closed","sticky":false,"template":"","format":"standard","meta":{"footnotes":""},"categories":[14,2],"tags":[],"class_list":["post-10016","post","type-post","status-publish","format-standard","has-post-thumbnail","hentry","category-entertainment","category-portada"],"_links":{"self":[{"href":"https:\/\/ciudadliberal.cl\/index.php?rest_route=\/wp\/v2\/posts\/10016","targetHints":{"allow":["GET"]}}],"collection":[{"href":"https:\/\/ciudadliberal.cl\/index.php?rest_route=\/wp\/v2\/posts"}],"about":[{"href":"https:\/\/ciudadliberal.cl\/index.php?rest_route=\/wp\/v2\/types\/post"}],"author":[{"embeddable":true,"href":"https:\/\/ciudadliberal.cl\/index.php?rest_route=\/wp\/v2\/users\/1"}],"replies":[{"embeddable":true,"href":"https:\/\/ciudadliberal.cl\/index.php?rest_route=%2Fwp%2Fv2%2Fcomments&post=10016"}],"version-history":[{"count":1,"href":"https:\/\/ciudadliberal.cl\/index.php?rest_route=\/wp\/v2\/posts\/10016\/revisions"}],"predecessor-version":[{"id":10018,"href":"https:\/\/ciudadliberal.cl\/index.php?rest_route=\/wp\/v2\/posts\/10016\/revisions\/10018"}],"wp:featuredmedia":[{"embeddable":true,"href":"https:\/\/ciudadliberal.cl\/index.php?rest_route=\/wp\/v2\/media\/10017"}],"wp:attachment":[{"href":"https:\/\/ciudadliberal.cl\/index.php?rest_route=%2Fwp%2Fv2%2Fmedia&parent=10016"}],"wp:term":[{"taxonomy":"category","embeddable":true,"href":"https:\/\/ciudadliberal.cl\/index.php?rest_route=%2Fwp%2Fv2%2Fcategories&post=10016"},{"taxonomy":"post_tag","embeddable":true,"href":"https:\/\/ciudadliberal.cl\/index.php?rest_route=%2Fwp%2Fv2%2Ftags&post=10016"}],"curies":[{"name":"wp","href":"https:\/\/api.w.org\/{rel}","templated":true}]}}