{"id":10013,"date":"2023-08-16T09:09:17","date_gmt":"2023-08-16T13:09:17","guid":{"rendered":"https:\/\/ciudadliberal.cl\/?p=10013"},"modified":"2023-08-16T09:09:20","modified_gmt":"2023-08-16T13:09:20","slug":"onu-apoyara-escuelas-clandestinas-para-ninas-en-afganistan","status":"publish","type":"post","link":"https:\/\/ciudadliberal.cl\/?p=10013","title":{"rendered":"ONU apoyar\u00e1 escuelas clandestinas para ni\u00f1as en Afganist\u00e1n"},"content":{"rendered":"\n<p>La ONU apoyar\u00e1 escuelas clandestinas para ni\u00f1as en Afganist\u00e1n, y as\u00ed como financiar\u00e1 y patrocinar\u00e1 la educaci\u00f3n por internet para las ni\u00f1as obligadas a abandonar el sistema educativo tras la escuela primaria.<\/p>\n\n\n\n<p><a rel=\"noreferrer noopener\" href=\"https:\/\/www.facebook.com\/sharer\/sharer.php?u=https:\/\/p.dw.com\/p\/4VD8K%3Fmaca%3Des-Facebook-sharing\" target=\"_blank\"><\/a><a rel=\"noreferrer noopener\" href=\"https:\/\/twitter.com\/intent\/tweet?source=webclient&amp;text=ONU%20apoyar%C3%A1%20escuelas%20clandestinas%20para%20ni%C3%B1as%20en%20Afganist%C3%A1n+https:\/\/p.dw.com\/p\/4VD8K%3Fmaca%3Des-Twitter-sharing\" target=\"_blank\"><\/a><\/p>\n\n\n\n<p>El Enviado de Naciones Unidas para la Educaci\u00f3n Global, el brit\u00e1nico Gordon Brown, ofreci\u00f3 este martes 15 de agosto una rueda de prensa virtual, con ocasi\u00f3n del&nbsp;<a href=\"https:\/\/www.dw.com\/es\/la-situaci%C3%B3n-humanitaria-en-afganist%C3%A1n-al-borde-del-abismo\/a-66543670\">segundo aniversario de la toma del poder de los talibanes<\/a>, en la que se centr\u00f3 en los esfuerzos para revertir la&nbsp;<a href=\"https:\/\/www.dw.com\/es\/afganist%C3%A1n-el-recorrido-talib%C3%A1n-para-invisibilizar-a-las-mujeres\/a-66165784\">orden del r\u00e9gimen talib\u00e1n de excluir a las ni\u00f1as de la escuela<\/a>&nbsp;secundaria y la universidad.&nbsp;<\/p>\n\n\n\n<p>\u00abVamos a financiar y patrocinar el aprendizaje por internet (y) vamos a apoyar las escuelas clandestinas, as\u00ed como apoyaremos la educaci\u00f3n de las ni\u00f1as obligadas a abandonar Afganist\u00e1n\u00bb, dijo Brown, que no quiso dar detalles sobre esas escuelas secretas \u00abpor miedo a que las cierren\u00bb, pero especific\u00f3 que \u00abvarias organizaciones est\u00e1n apoyando a estas escuelas clandestinas\u00bb.<\/p>\n\n\n\n<p>Adem\u00e1s, anunci\u00f3 que ha llevado la cuesti\u00f3n de la exclusi\u00f3n de las ni\u00f1as de las escuelas al Tribunal Penal Internacional y ha explicado al Fiscal Karim Khan sus argumentos: prohibir la educaci\u00f3n femenina equivale a \u00abun apartheid de g\u00e9nero\u00bb y puede ser considerada como \u00abun crimen contra la Humanidad\u00bb.\u00a0<\/p>\n\n\n<blockquote class=\"twitter-tweet\">\n<p lang=\"en\" dir=\"ltr\">Young Afghan Girls\u2019 Call from the Heart to Claim their Right to Education\u2728<\/p>\n<p>2\ufe0f\u20e3years after de facto authorities took power in\ud83c\udde6\ud83c\uddeb, <a href=\"https:\/\/twitter.com\/EduCannotWait?ref_src=twsrc%5Etfw\">@EduCannotWait<\/a> launches compelling campaign to raise <a href=\"https:\/\/twitter.com\/hashtag\/AfghanGirlsVoices?src=hash&amp;ref_src=twsrc%5Etfw\">#AfghanGirlsVoices<\/a> globally!<\/p>\n<p>Read PR\ud83d\udc49<a href=\"https:\/\/t.co\/i2FH5hnhcB\">https:\/\/t.co\/i2FH5hnhcB<\/a><a href=\"https:\/\/twitter.com\/UN?ref_src=twsrc%5Etfw\">@UN<\/a> <a href=\"https:\/\/twitter.com\/hashtag\/LetAfghanGirlsLearn?src=hash&amp;ref_src=twsrc%5Etfw\">#LetAfghanGirlsLearn<\/a> <a href=\"https:\/\/twitter.com\/UNICEFAfg?ref_src=twsrc%5Etfw\">@UNICEFAfg<\/a> <a href=\"https:\/\/t.co\/JTV9410fhQ\">pic.twitter.com\/JTV9410fhQ<\/a><\/p>\n<p>&mdash; Education Cannot Wait (@EduCannotWait) <a href=\"https:\/\/twitter.com\/EduCannotWait\/status\/1691434481163309056?ref_src=twsrc%5Etfw\">August 15, 2023<\/a><\/p><\/blockquote>\n<p> <script async src=\"https:\/\/platform.twitter.com\/widgets.js\" charset=\"utf-8\"><\/script><\/p>\n\n\n\n<h2 class=\"wp-block-heading\">Sanciones de la Uni\u00f3n Europea contra Afganist\u00e1n son \u00abejemplo\u00bb<\/h2>\n\n\n\n<p>Seg\u00fan Brown -que a\u00fan no ha recibido la respuesta de Khan-, esa prohibici\u00f3n viola al menos tres convenciones internacionales de la ONU: la de derechos de la infancia, de derechos de las mujeres y de derechos econ\u00f3micos y sociales, toda vez que la educaci\u00f3n es \u00abun derecho fundamental\u00bb.&nbsp;<\/p>\n\n\n\n<p>Brown dijo que la comunidad internacional \u00abpuede y debe hacer m\u00e1s\u00bb para obligar a los talibanes a revertir esa decisi\u00f3n, y sugiri\u00f3, por ejemplo, que Estados Unidos y el Reino Unido sigan el ejemplo de la UE para aplicar sanciones concretas a Afganist\u00e1n, o que los pa\u00edses musulmanes manden a una delegaci\u00f3n a Kandahar -feudo del r\u00e9gimen talib\u00e1n- para explicar c\u00f3mo el islam no apoya de ning\u00fan modo privar a las ni\u00f1as de educaci\u00f3n.&nbsp;<\/p>\n\n\n\n<p>Dijo saber que hay \u00abgrietas en el r\u00e9gimen\u00bb afgano sobre las cada vez m\u00e1s estrictas medidas contra las mujeres -la \u00faltima de ellas, su exclusi\u00f3n de lugares p\u00fablicos, incluidos cementerios- y que el mundo deber\u00eda explotarlas para hacer entrar en raz\u00f3n al n\u00facleo duro del r\u00e9gimen atrincherado en Kandahar.<\/p>\n\n\n\n<p><\/p>\n\n\n\n<p>V\u00eda: <a href=\"https:\/\/www.dw.com\/es\/onu-apoyar%C3%A1-escuelas-clandestinas-para-ni%C3%B1as-en-afganist%C3%A1n\/a-66544000\">DW<\/a><\/p>\n\n\n\n<p><a rel=\"noreferrer noopener\" href=\"\/\/p.dw.com\/p\/4VD8K%3Fmaca%3Des-Whatsapp-sharing\" target=\"_blank\"><\/a><a rel=\"noreferrer noopener\" href=\"mailto:?body=https:\/\/p.dw.com\/p\/4VD8K%3Fmaca%3Des-EMail-sharing&amp;subject=ONU%20apoyar%C3%A1%20escuelas%20clandestinas%20para%20ni%C3%B1as%20en%20Afganist%C3%A1n\" target=\"_blank\"><\/a><a rel=\"noreferrer noopener\" href=\"https:\/\/meneame.net\/submit.php?url=https:\/\/p.dw.com\/p\/4VD8K%3Fmaca%3Des-Meneame-sharing\" target=\"_blank\"><\/a><a rel=\"noreferrer noopener\" href=\"\/\/share\/?link=https:\/\/p.dw.com\/p\/4VD8K%3Fmaca%3Des-Facebook%20messenger-sharing\" target=\"_blank\"><\/a><a rel=\"noreferrer noopener\" href=\"https:\/\/www.linkedin.com\/shareArticle?mini=true&amp;url=https:\/\/p.dw.com\/p\/4VD8K%3Fmaca%3Des-linkedin-sharing&amp;title=ONU%20apoyar%C3%A1%20escuelas%20clandestinas%20para%20ni%C3%B1as%20en%20Afganist%C3%A1n&amp;source=DW.COM\" target=\"_blank\"><\/a><a rel=\"noreferrer noopener\" href=\"sms:?&amp;body=https:\/\/p.dw.com\/p\/4VD8K%3Fmaca%3Des-SMS-sharing\" target=\"_blank\"><\/a><\/p>\n","protected":false},"excerpt":{"rendered":"<p>La ONU apoyar\u00e1 escuelas clandestinas para ni\u00f1as en Afganist\u00e1n, y as\u00ed como financiar\u00e1 y patrocinar\u00e1 la educaci\u00f3n por internet para las ni\u00f1as obligadas a abandonar el sistema educativo tras la escuela primaria. El Enviado de Naciones Unidas para la Educaci\u00f3n Global, el brit\u00e1nico Gordon Brown, ofreci\u00f3 este martes 15 de agosto una rueda de prensa [&hellip;]<\/p>\n","protected":false},"author":1,"featured_media":10014,"comment_status":"closed","ping_status":"closed","sticky":false,"template":"","format":"standard","meta":{"footnotes":""},"categories":[14,2],"tags":[],"class_list":["post-10013","post","type-post","status-publish","format-standard","has-post-thumbnail","hentry","category-entertainment","category-portada"],"_links":{"self":[{"href":"https:\/\/ciudadliberal.cl\/index.php?rest_route=\/wp\/v2\/posts\/10013","targetHints":{"allow":["GET"]}}],"collection":[{"href":"https:\/\/ciudadliberal.cl\/index.php?rest_route=\/wp\/v2\/posts"}],"about":[{"href":"https:\/\/ciudadliberal.cl\/index.php?rest_route=\/wp\/v2\/types\/post"}],"author":[{"embeddable":true,"href":"https:\/\/ciudadliberal.cl\/index.php?rest_route=\/wp\/v2\/users\/1"}],"replies":[{"embeddable":true,"href":"https:\/\/ciudadliberal.cl\/index.php?rest_route=%2Fwp%2Fv2%2Fcomments&post=10013"}],"version-history":[{"count":1,"href":"https:\/\/ciudadliberal.cl\/index.php?rest_route=\/wp\/v2\/posts\/10013\/revisions"}],"predecessor-version":[{"id":10015,"href":"https:\/\/ciudadliberal.cl\/index.php?rest_route=\/wp\/v2\/posts\/10013\/revisions\/10015"}],"wp:featuredmedia":[{"embeddable":true,"href":"https:\/\/ciudadliberal.cl\/index.php?rest_route=\/wp\/v2\/media\/10014"}],"wp:attachment":[{"href":"https:\/\/ciudadliberal.cl\/index.php?rest_route=%2Fwp%2Fv2%2Fmedia&parent=10013"}],"wp:term":[{"taxonomy":"category","embeddable":true,"href":"https:\/\/ciudadliberal.cl\/index.php?rest_route=%2Fwp%2Fv2%2Fcategories&post=10013"},{"taxonomy":"post_tag","embeddable":true,"href":"https:\/\/ciudadliberal.cl\/index.php?rest_route=%2Fwp%2Fv2%2Ftags&post=10013"}],"curies":[{"name":"wp","href":"https:\/\/api.w.org\/{rel}","templated":true}]}}