{"id":10006,"date":"2023-08-09T09:14:36","date_gmt":"2023-08-09T13:14:36","guid":{"rendered":"https:\/\/ciudadliberal.cl\/?p=10006"},"modified":"2023-08-09T09:14:38","modified_gmt":"2023-08-09T13:14:38","slug":"erdogan-advierte-sobre-extension-de-la-guerra-al-mar-negro","status":"publish","type":"post","link":"https:\/\/ciudadliberal.cl\/?p=10006","title":{"rendered":"Erdogan advierte sobre extensi\u00f3n de la guerra al mar Negro"},"content":{"rendered":"\n<p>El presidente de Turqu\u00eda advirti\u00f3 sobre el riesgo de un \u00abdesastre\u00bb si la guerra rusa en Ucrania se extiende al mar Negro.<\/p>\n\n\n\n<p><a href=\"https:\/\/www.facebook.com\/sharer\/sharer.php?u=https:\/\/p.dw.com\/p\/4Ux35%3Fmaca%3Des-Facebook-sharing\" target=\"_blank\" rel=\"noreferrer noopener\"><\/a><a href=\"https:\/\/twitter.com\/intent\/tweet?source=webclient&amp;text=Erdogan%20advierte%20sobre%20extensi%C3%B3n%20de%20la%20guerra%20al%20mar%20Negro+https:\/\/p.dw.com\/p\/4Ux35%3Fmaca%3Des-Twitter-sharing\" target=\"_blank\" rel=\"noreferrer noopener\"><\/a><\/p>\n\n\n\n<p>El presidente de&nbsp;<a href=\"https:\/\/www.dw.com\/es\/turqu%C3%ADa\/t-17410467\">Turqu\u00eda<\/a>,&nbsp;<a href=\"https:\/\/www.dw.com\/es\/erdogan-recep-tayyip\/t-19437581\">Recep Tayyip Erdogan<\/a>, ha advertido del riesgo de un \u00abdesastre\u00bb regional si la guerra entre&nbsp;<a href=\"https:\/\/www.dw.com\/es\/rusia-intercepta-dron-esp%C3%ADa-estadounidense-sobre-el-mar-negro\/a-66450017\">Rusia<\/a>&nbsp;y&nbsp;<a href=\"https:\/\/www.dw.com\/es\/ucrania\/t-36925922\">Ucrania<\/a>&nbsp;se extiende al mar Negro, al tiempo que volvi\u00f3 a insistir en su punto de vista de que la reanudaci\u00f3n del acuerdo del&nbsp;<a href=\"https:\/\/www.dw.com\/es\/fao-precio-de-alimentos-sube-tras-fin-de-acuerdo-de-granos\/a-66442891\">grano<\/a>&nbsp;depende de Occidente.<\/p>\n\n\n\n<p>\u00abSi la guerra se extiende al mar Negro, ser\u00eda un desastre completo para toda nuestra regi\u00f3n\u00bb, dijo el mandatario en un discurso ante la anual conferencia de embajadores turcos en Ankara, que concluye este mi\u00e9rcoles.<\/p>\n\n\n\n<p>Las declaraciones del presidente turco, efectuadas la noche del martes y reproducidas este mi\u00e9rcoles (9.08.2023) por la prensa turca, tienen lugar d\u00edas despu\u00e9s de que barcos no tripulados ucranianos atacaran y da\u00f1aran primero un buque de guerra y luego un petrolero de la marina rusa en el Mar Negro al este de&nbsp;<a href=\"https:\/\/www.dw.com\/es\/crimea\/t-17503823\">Crimea<\/a>.<\/p>\n\n\n\n<p>Kiev defiende el uso de drones navales en el mar Negro para acosar tambi\u00e9n a los puertos rusos de la anexionada pen\u00ednsula de Crimea y la Rusia continental con el fin de obligar a los rusos a salir de sus aguas territoriales.<\/p>\n\n\n\n<p>\u00abHemos impedido hasta ahora que se viva una tragedia de este tipo (la propagaci\u00f3n de la guerra hasta las costas turcas) aplicando meticulosamente la Convenci\u00f3n de Montreux\u00bb, dijo Erdogan en referencia al tratado de 1936 que proh\u00edbe el paso de buques de guerra de naciones beligerantes por los Dardanelos y el B\u00f3sforo.<\/p>\n\n\n\n<figure class=\"wp-block-image size-large\"><img loading=\"lazy\" decoding=\"async\" width=\"1024\" height=\"576\" src=\"https:\/\/ciudadliberal.cl\/wp-content\/uploads\/2023\/08\/image-3-1024x576.png\" alt=\"\" class=\"wp-image-10007\" srcset=\"https:\/\/ciudadliberal.cl\/wp-content\/uploads\/2023\/08\/image-3-1024x576.png 1024w, https:\/\/ciudadliberal.cl\/wp-content\/uploads\/2023\/08\/image-3-300x169.png 300w, https:\/\/ciudadliberal.cl\/wp-content\/uploads\/2023\/08\/image-3-768x432.png 768w, https:\/\/ciudadliberal.cl\/wp-content\/uploads\/2023\/08\/image-3-747x420.png 747w, https:\/\/ciudadliberal.cl\/wp-content\/uploads\/2023\/08\/image-3-640x360.png 640w, https:\/\/ciudadliberal.cl\/wp-content\/uploads\/2023\/08\/image-3-681x383.png 681w, https:\/\/ciudadliberal.cl\/wp-content\/uploads\/2023\/08\/image-3.png 1110w\" sizes=\"auto, (max-width: 1024px) 100vw, 1024px\" \/><figcaption class=\"wp-element-caption\">Recep Tayyip Erdogan, presidente de Turqu\u00eda.<\/figcaption><\/figure>\n\n\n\n<p><\/p>\n\n\n\n<p>Prometi\u00f3 que Turqu\u00eda seguir\u00e1 trabajando para ayudar a \u00absalir del remolino a ambos bandos\u00bb y reducir la tensi\u00f3n.<\/p>\n\n\n\n<p>Al mismo tiempo, subray\u00f3 que la reactivaci\u00f3n del acuerdo para la exportaci\u00f3n de cereales por el mar Negro, firmado hace un a\u00f1o en Estambul y suspendido el mes pasado, depende de los pa\u00edses occidentales.<\/p>\n\n\n\n<p>Mosc\u00fa se queja de que, debido a las sanciones que le impuso Occidente por su agresi\u00f3n contra Ucrania, no se haya facilitado la descarga de cargueros con cereales o fertilizantes rusos en puertos europeos, ni el pago de estos bienes por el sistema bancario, pese a figurar en el citado acuerdo.<\/p>\n\n\n\n<p>\u00abEn el periodo pasado, desafortunadamente no se ha respetado el principio de cumplir los pactos. No se han dado pasos diplom\u00e1ticos para transformar la atm\u00f3sfera positiva de la iniciativa (de cereal) del Mar Negro primero en un alto el fuego y luego en una paz duradera\u00bb, lament\u00f3 Erdogan.<\/p>\n\n\n\n<p>\u00abEn lugar de hacer esto, ahora se est\u00e1n avivando las llamas\u00bb, concluy\u00f3 el presidente turco, que busca mantener una postura de equilibrio entre Mosc\u00fa y Kiev, insistiendo en la necesidad de defender la integridad territorial de Ucrania, pero sin aplicar sanciones a Rusia.<\/p>\n\n\n\n<p><\/p>\n\n\n\n<p>V\u00eda: <a href=\"https:\/\/www.dw.com\/es\/erdogan-advierte-de-un-desastre-si-la-guerra-en-ucrania-se-extiende-al-mar-negro\/a-66482171\">DW<\/a><\/p>\n\n\n\n<p><a rel=\"noreferrer noopener\" href=\"\/\/p.dw.com\/p\/4Ux35%3Fmaca%3Des-Whatsapp-sharing\" target=\"_blank\"><\/a><a rel=\"noreferrer noopener\" href=\"mailto:?body=https:\/\/p.dw.com\/p\/4Ux35%3Fmaca%3Des-EMail-sharing&amp;subject=Erdogan%20advierte%20sobre%20extensi%C3%B3n%20de%20la%20guerra%20al%20mar%20Negro\" target=\"_blank\"><\/a><a rel=\"noreferrer noopener\" href=\"https:\/\/meneame.net\/submit.php?url=https:\/\/p.dw.com\/p\/4Ux35%3Fmaca%3Des-Meneame-sharing\" target=\"_blank\"><\/a><a rel=\"noreferrer noopener\" href=\"\/\/share\/?link=https:\/\/p.dw.com\/p\/4Ux35%3Fmaca%3Des-Facebook%20messenger-sharing\" target=\"_blank\"><\/a><a rel=\"noreferrer noopener\" href=\"https:\/\/www.linkedin.com\/shareArticle?mini=true&amp;url=https:\/\/p.dw.com\/p\/4Ux35%3Fmaca%3Des-linkedin-sharing&amp;title=Erdogan%20advierte%20sobre%20extensi%C3%B3n%20de%20la%20guerra%20al%20mar%20Negro&amp;source=DW.COM\" target=\"_blank\"><\/a><a rel=\"noreferrer noopener\" href=\"sms:?&amp;body=https:\/\/p.dw.com\/p\/4Ux35%3Fmaca%3Des-SMS-sharing\" target=\"_blank\"><\/a><\/p>\n","protected":false},"excerpt":{"rendered":"<p>El presidente de Turqu\u00eda advirti\u00f3 sobre el riesgo de un \u00abdesastre\u00bb si la guerra rusa en Ucrania se extiende al mar Negro. El presidente de&nbsp;Turqu\u00eda,&nbsp;Recep Tayyip Erdogan, ha advertido del riesgo de un \u00abdesastre\u00bb regional si la guerra entre&nbsp;Rusia&nbsp;y&nbsp;Ucrania&nbsp;se extiende al mar Negro, al tiempo que volvi\u00f3 a insistir en su punto de vista de [&hellip;]<\/p>\n","protected":false},"author":1,"featured_media":10008,"comment_status":"closed","ping_status":"closed","sticky":false,"template":"","format":"standard","meta":{"footnotes":""},"categories":[14,2],"tags":[],"class_list":["post-10006","post","type-post","status-publish","format-standard","has-post-thumbnail","hentry","category-entertainment","category-portada"],"_links":{"self":[{"href":"https:\/\/ciudadliberal.cl\/index.php?rest_route=\/wp\/v2\/posts\/10006","targetHints":{"allow":["GET"]}}],"collection":[{"href":"https:\/\/ciudadliberal.cl\/index.php?rest_route=\/wp\/v2\/posts"}],"about":[{"href":"https:\/\/ciudadliberal.cl\/index.php?rest_route=\/wp\/v2\/types\/post"}],"author":[{"embeddable":true,"href":"https:\/\/ciudadliberal.cl\/index.php?rest_route=\/wp\/v2\/users\/1"}],"replies":[{"embeddable":true,"href":"https:\/\/ciudadliberal.cl\/index.php?rest_route=%2Fwp%2Fv2%2Fcomments&post=10006"}],"version-history":[{"count":1,"href":"https:\/\/ciudadliberal.cl\/index.php?rest_route=\/wp\/v2\/posts\/10006\/revisions"}],"predecessor-version":[{"id":10009,"href":"https:\/\/ciudadliberal.cl\/index.php?rest_route=\/wp\/v2\/posts\/10006\/revisions\/10009"}],"wp:featuredmedia":[{"embeddable":true,"href":"https:\/\/ciudadliberal.cl\/index.php?rest_route=\/wp\/v2\/media\/10008"}],"wp:attachment":[{"href":"https:\/\/ciudadliberal.cl\/index.php?rest_route=%2Fwp%2Fv2%2Fmedia&parent=10006"}],"wp:term":[{"taxonomy":"category","embeddable":true,"href":"https:\/\/ciudadliberal.cl\/index.php?rest_route=%2Fwp%2Fv2%2Fcategories&post=10006"},{"taxonomy":"post_tag","embeddable":true,"href":"https:\/\/ciudadliberal.cl\/index.php?rest_route=%2Fwp%2Fv2%2Ftags&post=10006"}],"curies":[{"name":"wp","href":"https:\/\/api.w.org\/{rel}","templated":true}]}}