{"id":10003,"date":"2023-08-08T11:25:45","date_gmt":"2023-08-08T15:25:45","guid":{"rendered":"https:\/\/ciudadliberal.cl\/?p=10003"},"modified":"2023-08-08T11:25:46","modified_gmt":"2023-08-08T15:25:46","slug":"ee-uu-denuncia-que-rusia-no-respeta-acuerdos-sobre-georgia","status":"publish","type":"post","link":"https:\/\/ciudadliberal.cl\/?p=10003","title":{"rendered":"EE.UU. denuncia que Rusia no respeta acuerdos sobre Georgia"},"content":{"rendered":"\n<p>Seg\u00fan se\u00f1al\u00f3 Antony Blinken, las tropas rusas contin\u00faan presentes en el pa\u00eds cauc\u00e1sico manteniendo su intervenci\u00f3n en esa naci\u00f3n.<a rel=\"noreferrer noopener\" href=\"https:\/\/www.facebook.com\/sharer\/sharer.php?u=https:\/\/p.dw.com\/p\/4UsKS%3Fmaca%3Des-Facebook-sharing\" target=\"_blank\"><\/a><a rel=\"noreferrer noopener\" href=\"https:\/\/twitter.com\/intent\/tweet?source=webclient&amp;text=EE.UU.%20denuncia%20que%20Rusia%20no%20respeta%20acuerdos%20sobre%20Georgia%20+https:\/\/p.dw.com\/p\/4UsKS%3Fmaca%3Des-Twitter-sharing\" target=\"_blank\"><\/a><\/p>\n\n\n\n<p>Estados Unidos denunci\u00f3 este lunes el incumplimiento por parte de Rusia de los acuerdos de cese al fuego en 2008 en Georgia y expres\u00f3 su apoyo al pa\u00eds cauc\u00e1sico en el 15 aniversario de la invasi\u00f3n rusa.<\/p>\n\n\n\n<p>El secretario de Estado de EE.UU.,&nbsp;<a href=\"https:\/\/www.dw.com\/es\/antony-blinken\/t-64613514\">Antony Bliken<\/a>, se\u00f1al\u00f3 en un comunicado que Washington sigue decidido en exigir que Rusia cumpla con la retirada de sus fuerzas a las posiciones que manten\u00edan antes del inicio del conflicto y que&nbsp;<a href=\"https:\/\/www.dw.com\/es\/rusia-restringe-el-acceso-a-una-regi%C3%B3n-fronteriza-con-georgia\/a-63271364\">permita el paso sin impedimentos de la ayuda humanitaria, como estipula el acuerdo de cese el fuego de 2008<\/a>.<\/p>\n\n\n\n<p>\u00abRusia tambi\u00e9n tiene que cambiar su reconocimiento de la llamada independencia de las regiones de Georgia Abjasia y Osetia del Sur. Estas acciones son esenciales para que centenares de miles de personas desplazadas internamente puedan volver a sus hogares con seguridad y vivir con dignidad\u00bb, a\u00f1adi\u00f3 Blinken. El secretario de Estado tambi\u00e9n se\u00f1al\u00f3 que \u00abcomo en Ucrania, la gente de Georgia han sufrido las consecuencias del desd\u00e9n ruso hacia la ley internacional y el deseo de dominar sus vecinos\u00bb.<\/p>\n\n\n\n<p>En agosto de 2008, Rusia invadi\u00f3 Georgia en apoyo de la regi\u00f3n separatista georgiana de Osetia del Sur que d\u00edas antes hab\u00eda sido capturada por las tropas de Tiflis. La intervenci\u00f3n rusa provoc\u00f3 la retirada de las tropas georgianas en un breve pero intenso conflicto de cinco d\u00edas que caus\u00f3 m\u00e1s de 600 muertos. Dos semanas despu\u00e9s Rusia reconoci\u00f3 la independencia de\u00a0<a href=\"https:\/\/www.dw.com\/es\/osetia-del-sur\/t-47033330\">Osetia del Sur<\/a>\u00a0y\u00a0<a href=\"https:\/\/www.dw.com\/es\/abjasia\/t-38329376\">Abjasia<\/a>, territorios que han funcionado en la pr\u00e1ctica como estados independientes y que\u00a0<a href=\"https:\/\/www.dw.com\/es\/osetia-del-sur-convoca-un-refer%C3%A9ndum-para-unirse-a-rusia\/a-61794808\">han solicitado integrarse en la Federaci\u00f3n Rusa aunque el Kremlin no ha aceptado la petici\u00f3n<\/a>.<\/p>\n\n\n\n<p><\/p>\n\n\n\n<p>V\u00eda: <a href=\"https:\/\/www.dw.com\/es\/eeuu-denuncia-que-rusia-sigue-sin-respetar-acuerdos-sobre-georgia\/a-66464028\">DW<\/a><\/p>\n\n\n\n<p><a rel=\"noreferrer noopener\" href=\"\/\/p.dw.com\/p\/4UsKS%3Fmaca%3Des-Whatsapp-sharing\" target=\"_blank\"><\/a><a rel=\"noreferrer noopener\" href=\"mailto:?body=https:\/\/p.dw.com\/p\/4UsKS%3Fmaca%3Des-EMail-sharing&amp;subject=EE.UU.%20denuncia%20que%20Rusia%20no%20respeta%20acuerdos%20sobre%20Georgia%20\" target=\"_blank\"><\/a><a rel=\"noreferrer noopener\" href=\"https:\/\/meneame.net\/submit.php?url=https:\/\/p.dw.com\/p\/4UsKS%3Fmaca%3Des-Meneame-sharing\" target=\"_blank\"><\/a><a rel=\"noreferrer noopener\" href=\"\/\/share\/?link=https:\/\/p.dw.com\/p\/4UsKS%3Fmaca%3Des-Facebook%20messenger-sharing\" target=\"_blank\"><\/a><a rel=\"noreferrer noopener\" href=\"https:\/\/www.linkedin.com\/shareArticle?mini=true&amp;url=https:\/\/p.dw.com\/p\/4UsKS%3Fmaca%3Des-linkedin-sharing&amp;title=EE.UU.%20denuncia%20que%20Rusia%20no%20respeta%20acuerdos%20sobre%20Georgia%20&amp;source=DW.COM\" target=\"_blank\"><\/a><a rel=\"noreferrer noopener\" href=\"sms:?&amp;body=https:\/\/p.dw.com\/p\/4UsKS%3Fmaca%3Des-SMS-sharing\" target=\"_blank\"><\/a><\/p>\n","protected":false},"excerpt":{"rendered":"<p>Seg\u00fan se\u00f1al\u00f3 Antony Blinken, las tropas rusas contin\u00faan presentes en el pa\u00eds cauc\u00e1sico manteniendo su intervenci\u00f3n en esa naci\u00f3n. Estados Unidos denunci\u00f3 este lunes el incumplimiento por parte de Rusia de los acuerdos de cese al fuego en 2008 en Georgia y expres\u00f3 su apoyo al pa\u00eds cauc\u00e1sico en el 15 aniversario de la invasi\u00f3n [&hellip;]<\/p>\n","protected":false},"author":1,"featured_media":10004,"comment_status":"closed","ping_status":"closed","sticky":false,"template":"","format":"standard","meta":{"footnotes":""},"categories":[14,2],"tags":[],"class_list":["post-10003","post","type-post","status-publish","format-standard","has-post-thumbnail","hentry","category-entertainment","category-portada"],"_links":{"self":[{"href":"https:\/\/ciudadliberal.cl\/index.php?rest_route=\/wp\/v2\/posts\/10003","targetHints":{"allow":["GET"]}}],"collection":[{"href":"https:\/\/ciudadliberal.cl\/index.php?rest_route=\/wp\/v2\/posts"}],"about":[{"href":"https:\/\/ciudadliberal.cl\/index.php?rest_route=\/wp\/v2\/types\/post"}],"author":[{"embeddable":true,"href":"https:\/\/ciudadliberal.cl\/index.php?rest_route=\/wp\/v2\/users\/1"}],"replies":[{"embeddable":true,"href":"https:\/\/ciudadliberal.cl\/index.php?rest_route=%2Fwp%2Fv2%2Fcomments&post=10003"}],"version-history":[{"count":1,"href":"https:\/\/ciudadliberal.cl\/index.php?rest_route=\/wp\/v2\/posts\/10003\/revisions"}],"predecessor-version":[{"id":10005,"href":"https:\/\/ciudadliberal.cl\/index.php?rest_route=\/wp\/v2\/posts\/10003\/revisions\/10005"}],"wp:featuredmedia":[{"embeddable":true,"href":"https:\/\/ciudadliberal.cl\/index.php?rest_route=\/wp\/v2\/media\/10004"}],"wp:attachment":[{"href":"https:\/\/ciudadliberal.cl\/index.php?rest_route=%2Fwp%2Fv2%2Fmedia&parent=10003"}],"wp:term":[{"taxonomy":"category","embeddable":true,"href":"https:\/\/ciudadliberal.cl\/index.php?rest_route=%2Fwp%2Fv2%2Fcategories&post=10003"},{"taxonomy":"post_tag","embeddable":true,"href":"https:\/\/ciudadliberal.cl\/index.php?rest_route=%2Fwp%2Fv2%2Ftags&post=10003"}],"curies":[{"name":"wp","href":"https:\/\/api.w.org\/{rel}","templated":true}]}}